{"id":23797,"date":"2020-02-18T08:16:52","date_gmt":"2020-02-18T08:16:52","guid":{"rendered":"http:\/\/granadacostanacional.es\/?p=23797"},"modified":"2020-02-18T08:16:52","modified_gmt":"2020-02-18T08:16:52","slug":"fiesta-ponte-la-gorra-por-los-ninos-con-cancer-afanoc","status":"publish","type":"post","link":"https:\/\/granadacostaglobal.es\/?p=23797","title":{"rendered":"Fiesta ponte la gorra por los ni\u00f1os con c\u00e1ncer AFANOC"},"content":{"rendered":"<p style=\"text-align: justify;\"><a href=\"http:\/\/granadacostanacional.es\/wp-content\/uploads\/2020\/02\/86725933_2426758530763274_8869924064077021184_o.jpg\"><img decoding=\"async\" loading=\"lazy\" class=\"alignnone size-medium wp-image-23798 alignleft\" src=\"http:\/\/granadacostanacional.es\/wp-content\/uploads\/2020\/02\/86725933_2426758530763274_8869924064077021184_o-300x200.jpg\" alt=\"86725933_2426758530763274_8869924064077021184_o\" width=\"300\" height=\"200\" \/><\/a>\u00a0La campa\u00f1a del P\u00f3sate la Gorra! ha celebrado\u00a0 este 16\u00a0 de febrero en la Seu Vella (catedral Antigua)\u00a0 la gran fiesta de la solidaridad con los ni\u00f1os y adolescentes con c\u00e1ncer! Siendo ya la 7\u00aa edici\u00f3n y\u00a0 reuniemdo a m\u00e1s de 6000 mil de personas para apoyar a las\u00a0 familias y poder seguir trabajando para mejorar su calidad de vida.<\/p>\n<p style=\"text-align: justify;\"><a href=\"http:\/\/granadacostanacional.es\/wp-content\/uploads\/2020\/02\/86428114_2426757210763406_6848189087044599808_o.jpg\"><img decoding=\"async\" loading=\"lazy\" class=\"alignnone size-medium wp-image-23799 alignleft\" src=\"http:\/\/granadacostanacional.es\/wp-content\/uploads\/2020\/02\/86428114_2426757210763406_6848189087044599808_o-300x200.jpg\" alt=\"86428114_2426757210763406_6848189087044599808_o\" width=\"300\" height=\"200\" \/><\/a>Ha sido\u00a0 una fiesta\u00a0 fant\u00e1stica, puesto que este a\u00f1o la hemos\u00a0 dedicado al mundo de la fantas\u00eda, un mundo donde los ni\u00f1os pueden proyectar sus miedos, sus sue\u00f1os, desazones, inquietudes, ilusiones y disfrutar de viajes m\u00e1gicos que los hacen sentir diferentes: plenos de energ\u00eda, con mucha vitalidad y con recursos para afrontar las adversidades que se dan a la vida.<\/p>\n<p>As\u00ed, seres fant\u00e1sticos, varillas de hada o magia han\u00a0 centrado buena parte de las actividades y el escenario\u00a0 preparado en esta edici\u00f3n, ha sido m\u00e1gico, diferente, global y muy participativa.<\/p>\n<p style=\"text-align: justify;\"><a href=\"http:\/\/granadacostanacional.es\/wp-content\/uploads\/2020\/02\/86661831_10221243060575576_6983084264531165184_o.jpg\"><img decoding=\"async\" loading=\"lazy\" class=\"alignnone size-medium wp-image-23801\" src=\"http:\/\/granadacostanacional.es\/wp-content\/uploads\/2020\/02\/86661831_10221243060575576_6983084264531165184_o-300x300.jpg\" alt=\"86661831_10221243060575576_6983084264531165184_o\" width=\"300\" height=\"300\" \/><\/a><a href=\"http:\/\/granadacostanacional.es\/wp-content\/uploads\/2020\/02\/86694937_10221243104696679_733182339407937536_o.jpg\"><img decoding=\"async\" loading=\"lazy\" class=\"alignnone size-medium wp-image-23802\" src=\"http:\/\/granadacostanacional.es\/wp-content\/uploads\/2020\/02\/86694937_10221243104696679_733182339407937536_o-300x300.jpg\" alt=\"86694937_10221243104696679_733182339407937536_o\" width=\"300\" height=\"300\" \/><\/a><\/p>\n<p style=\"text-align: justify;\">Y todo esto bajo la gorra, dise\u00f1ada en esta ocasi\u00f3n por Pepe\u00a0Jeans, que nos propone un cambio de piel para hacerse m\u00e1s fuerte y resistente. Una fortaleza necesaria para encarar los grandes cambios que ser\u00e1n liderados por los j\u00f3venes.\u00a0La raz\u00f3n por la cual la gorra es la protagonista es que uno de los efectos secundarios que sufren los ni\u00f1os y adolescentes a causa del tratamiento es la p\u00e9rdida de cabello y acostumbran a cubrirse la cabeza con una gorra.<br \/>\nEl tono de la gorra siempre es festivo, alegre y positivo para reforzar los conceptos de uni\u00f3n de la sociedad para apoyar a los ni\u00f1os con c\u00e1ncer y sus familias.<\/p>\n<p style=\"text-align: justify;\">\n<a href=\"http:\/\/granadacostanacional.es\/wp-content\/uploads\/2020\/02\/87059685_10221243065335695_2144187664327245824_o.jpg\"><img decoding=\"async\" loading=\"lazy\" class=\"alignnone size-medium wp-image-23804\" src=\"http:\/\/granadacostanacional.es\/wp-content\/uploads\/2020\/02\/87059685_10221243065335695_2144187664327245824_o-300x298.jpg\" alt=\"87059685_10221243065335695_2144187664327245824_o\" width=\"300\" height=\"298\" \/><\/a><a href=\"http:\/\/granadacostanacional.es\/wp-content\/uploads\/2020\/02\/87049824_10221243062455623_8723456011312037888_o.jpg\"><img decoding=\"async\" loading=\"lazy\" class=\"alignnone size-medium wp-image-23811\" src=\"http:\/\/granadacostanacional.es\/wp-content\/uploads\/2020\/02\/87049824_10221243062455623_8723456011312037888_o-300x300.jpg\" alt=\"87049824_10221243062455623_8723456011312037888_o\" width=\"300\" height=\"300\" \/><\/a><\/p>\n<p style=\"text-align: justify;\">Desde el aula Hospitalaria hemos participado llevando la magia de las hadas a este castillo solidario, en ellas alumnas, (Elisabet, Marta, Rocio, Mercedes)\u00a0 voluntarios ( Jordi, N\u00faria, Judit, Judit ni\u00f1a, M\u00aa \u00c1ngeles), junto a \u00d3scar de la Torre y To\u00f1y Castillo construyeron un espacio de color y fantasia en la Canonja del Castillo extendiendose con posterioridad al escenario principal.<\/p>\n<p style=\"text-align: justify;\"><a href=\"http:\/\/granadacostanacional.es\/wp-content\/uploads\/2020\/02\/86975977_10221243060175566_2809473107725647872_o.jpg\"><img decoding=\"async\" loading=\"lazy\" class=\"alignnone size-medium wp-image-23823\" src=\"http:\/\/granadacostanacional.es\/wp-content\/uploads\/2020\/02\/86975977_10221243060175566_2809473107725647872_o-300x298.jpg\" alt=\"86975977_10221243060175566_2809473107725647872_o\" width=\"300\" height=\"298\" \/><\/a><a href=\"http:\/\/granadacostanacional.es\/wp-content\/uploads\/2020\/02\/86492161_10221243108136765_3699937497405456384_o.jpg\"><img decoding=\"async\" loading=\"lazy\" class=\"alignnone size-medium wp-image-23824\" src=\"http:\/\/granadacostanacional.es\/wp-content\/uploads\/2020\/02\/86492161_10221243108136765_3699937497405456384_o-300x300.jpg\" alt=\"86492161_10221243108136765_3699937497405456384_o\" width=\"300\" height=\"300\" \/><\/a><\/p>\n<p style=\"text-align: justify;\">Momento en el cual el Mago Merlin (Oscar de la Torre) hace aparecer en el escenario de una cabina de Telefono vacia al Hada Fantasia (To\u00f1y Castillo)<\/p>\n<p style=\"text-align: justify;\">\u00a0Ante las miles de personas que admiraban la ilusi\u00f3n, y las ganas de curaci\u00f3n del c\u00e1ncer.<\/p>\n<p style=\"text-align: justify;\"><a href=\"http:\/\/granadacostanacional.es\/wp-content\/uploads\/2020\/02\/86462230_10221243110496824_686229293071597568_o.jpg\"><img decoding=\"async\" loading=\"lazy\" class=\"alignnone size-medium wp-image-23806\" src=\"http:\/\/granadacostanacional.es\/wp-content\/uploads\/2020\/02\/86462230_10221243110496824_686229293071597568_o-300x300.jpg\" alt=\"86462230_10221243110496824_686229293071597568_o\" width=\"300\" height=\"300\" \/><\/a><a href=\"http:\/\/granadacostanacional.es\/wp-content\/uploads\/2020\/02\/86625020_10221243111056838_2822464288579387392_o.jpg\"><img decoding=\"async\" loading=\"lazy\" class=\"alignnone size-medium wp-image-23807\" src=\"http:\/\/granadacostanacional.es\/wp-content\/uploads\/2020\/02\/86625020_10221243111056838_2822464288579387392_o-300x300.jpg\" alt=\"86625020_10221243111056838_2822464288579387392_o\" width=\"300\" height=\"300\" \/><\/a><a href=\"http:\/\/granadacostanacional.es\/wp-content\/uploads\/2020\/02\/86627233_10221243111536850_5661283889931354112_o.jpg\"><img decoding=\"async\" loading=\"lazy\" class=\"alignnone size-medium wp-image-23808\" src=\"http:\/\/granadacostanacional.es\/wp-content\/uploads\/2020\/02\/86627233_10221243111536850_5661283889931354112_o-300x300.jpg\" alt=\"86627233_10221243111536850_5661283889931354112_o\" width=\"300\" height=\"300\" \/><\/a><a href=\"http:\/\/granadacostanacional.es\/wp-content\/uploads\/2020\/02\/86708311_10221243064295669_206681140612825088_o.jpg\"><img decoding=\"async\" loading=\"lazy\" class=\"alignnone size-medium wp-image-23805\" src=\"http:\/\/granadacostanacional.es\/wp-content\/uploads\/2020\/02\/86708311_10221243064295669_206681140612825088_o-300x300.jpg\" alt=\"86708311_10221243064295669_206681140612825088_o\" width=\"300\" height=\"300\" \/><\/a><\/p>\n<p style=\"text-align: justify;\">\u00a0A los ni\u00f1os se les obsequiaba con una varita m\u00e1gica o bien una con una luna s\u00edbolo del aula hospitalaria, el grupo de hadas bailaban mientras otras hadas decoraban las caras con lunas o pintadan dibujos con bellos colores.<\/p>\n<p style=\"text-align: justify;\"><a href=\"http:\/\/granadacostanacional.es\/wp-content\/uploads\/2020\/02\/86643705_10221243064895684_3665237318454738944_o.jpg\"><img decoding=\"async\" loading=\"lazy\" class=\"size-medium wp-image-23813 aligncenter\" src=\"http:\/\/granadacostanacional.es\/wp-content\/uploads\/2020\/02\/86643705_10221243064895684_3665237318454738944_o-300x298.jpg\" alt=\"86643705_10221243064895684_3665237318454738944_o\" width=\"300\" height=\"298\" \/><\/a><\/p>\n<p style=\"text-align: justify;\"><strong>Desde el\u00a0Afanoc\u00a0Lleida<\/strong> queremos agradecer a todas y cada una de las m\u00e1s de 6.000 personas que hicieron posible que un d\u00eda gris y de niebla estuviera lleno de luz y solidaridad y que, a pesar del fr\u00edo, nos hicieron llegar vuestro\u00a0escalfpara continuar acompa\u00f1ando los ni\u00f1os y adolescentes con c\u00e1ncer.<\/p>\n<p style=\"text-align: justify;\">\nLa gran fiesta, con m\u00e1s de unos veinte talleres y una exposici\u00f3n interactiva m\u00e1gica, empez\u00f3 con un multitudinario pasacalle con charanga, comparsas y muchas mascotas, animando un recorrido por el exterior de la Catedral antigua que anim\u00f3 grandes, pero sobre todo peque\u00f1os.<\/p>\n<p style=\"text-align: justify;\">\n<p>R\u00e1pido los presentadores de este a\u00f1o,\u00a0lo\u00a0Sr.\u00a0Postu\u00a0y la\u00a0PostuSister, se posaron el p\u00fablico al bolsillo y dieron a un escenario lleno de magia, m\u00fasica y diversi\u00f3n y que volvi\u00f3 a contar con traducci\u00f3n en lengua de signos. El mago Oscar de la Torre dej\u00f3 boquiabiertos los asistentes con sus trucos y la marcha de los\u00a0Disco\u00a0por Chicos, un espect\u00e1culo de la compa\u00f1\u00eda\u00a0Fadunito\u00a0y OA2 Producciones, hizo mover y bailar todo el p\u00fablico. El Apartado M\u00e1gico con To\u00f1y Castillo y las alumnas y colaboradores del Aula hospitalaria Dr. Antoni Cambrod\u00ed del HUAVLL. Pero sin duda, el momento m\u00e1s emotivo fue cuando tres j\u00f3venes que han vivido en primera persona o mucho de cerca el c\u00e1ncer leyeron el manifiesto.<\/p>\n<p style=\"text-align: justify;\">\n<p style=\"text-align: justify;\"><a href=\"http:\/\/granadacostanacional.es\/wp-content\/uploads\/2020\/02\/gorra.jpg\"><img decoding=\"async\" loading=\"lazy\" class=\"alignnone size-medium wp-image-23817\" src=\"http:\/\/granadacostanacional.es\/wp-content\/uploads\/2020\/02\/gorra-300x206.jpg\" alt=\"gorra\" width=\"300\" height=\"206\" \/><\/a><a href=\"http:\/\/granadacostanacional.es\/wp-content\/uploads\/2020\/02\/Sense-t\u00edtol.jpg\"><img decoding=\"async\" loading=\"lazy\" class=\"alignnone size-medium wp-image-23818\" src=\"http:\/\/granadacostanacional.es\/wp-content\/uploads\/2020\/02\/Sense-t\u00edtol-300x201.jpg\" alt=\"Sense t\u00edtol\" width=\"300\" height=\"201\" \/><\/a><br \/>\nA todos los que hicisteis posible esta fiesta y a los que vinisteis a solidarizaros, solo os podemos decir gracias. Mil gracias a los asistentes, voluntarios y voluntarias,\u00a0talleristes, artistas, Consorcio del Cerro de la Seu Vieja, instituciones, patrocinadores, colaboradores, comercios, entidades y comunidad educativa.<br \/>\nGracias para continuar haciendo del &#8216;P\u00f3sate la Gorra!&#8217; un s\u00edmbolo y una gran fuerza porque a la\u00a0AFANOC\u00a0podamos seguir trabajando para mejorar la calidad de vida de las familias de los ni\u00f1os y adolescentes con c\u00e1ncer.<\/p>\n","protected":false},"excerpt":{"rendered":"<p>\u00a0La campa\u00f1a del P\u00f3sate la Gorra! ha celebrado\u00a0 este 16\u00a0 de febrero en la Seu Vella (catedral Antigua)\u00a0 la gran&hellip;<\/p>\n","protected":false},"author":4,"featured_media":23825,"comment_status":"open","ping_status":"open","sticky":false,"template":"","format":"standard","meta":{"om_disable_all_campaigns":false,"_mi_skip_tracking":false,"_monsterinsights_sitenote_active":false,"_monsterinsights_sitenote_note":"","_monsterinsights_sitenote_category":0,"footnotes":""},"categories":[25,36,21,35,22,19,30],"tags":[],"aioseo_notices":[],"_links":{"self":[{"href":"https:\/\/granadacostaglobal.es\/index.php?rest_route=\/wp\/v2\/posts\/23797"}],"collection":[{"href":"https:\/\/granadacostaglobal.es\/index.php?rest_route=\/wp\/v2\/posts"}],"about":[{"href":"https:\/\/granadacostaglobal.es\/index.php?rest_route=\/wp\/v2\/types\/post"}],"author":[{"embeddable":true,"href":"https:\/\/granadacostaglobal.es\/index.php?rest_route=\/wp\/v2\/users\/4"}],"replies":[{"embeddable":true,"href":"https:\/\/granadacostaglobal.es\/index.php?rest_route=%2Fwp%2Fv2%2Fcomments&post=23797"}],"version-history":[{"count":0,"href":"https:\/\/granadacostaglobal.es\/index.php?rest_route=\/wp\/v2\/posts\/23797\/revisions"}],"wp:featuredmedia":[{"embeddable":true,"href":"https:\/\/granadacostaglobal.es\/index.php?rest_route=\/"}],"wp:attachment":[{"href":"https:\/\/granadacostaglobal.es\/index.php?rest_route=%2Fwp%2Fv2%2Fmedia&parent=23797"}],"wp:term":[{"taxonomy":"category","embeddable":true,"href":"https:\/\/granadacostaglobal.es\/index.php?rest_route=%2Fwp%2Fv2%2Fcategories&post=23797"},{"taxonomy":"post_tag","embeddable":true,"href":"https:\/\/granadacostaglobal.es\/index.php?rest_route=%2Fwp%2Fv2%2Ftags&post=23797"}],"curies":[{"name":"wp","href":"https:\/\/api.w.org\/{rel}","templated":true}]}}