{"id":2379,"date":"2015-09-13T11:58:09","date_gmt":"2015-09-13T11:58:09","guid":{"rendered":"http:\/\/granadacosta.es\/?p=2379"},"modified":"2015-09-13T11:58:09","modified_gmt":"2015-09-13T11:58:09","slug":"homenaje-en-el-congreso-de-los-diputados-al-excmo-sr-d-andres-ollero-tassara","status":"publish","type":"post","link":"https:\/\/granadacostaglobal.es\/?p=2379","title":{"rendered":"HOMENAJE EN EL CONGRESO DE LOS DIPUTADOS  AL EXCMO. SR. D. ANDRES OLLERO TASSARA"},"content":{"rendered":"<p>El pasado d\u00eda 9 de Septiembre, y en representaci\u00f3n del peri\u00f3dico Granada Costa, tuvimos el honor de ser invitados y asistir, al homenaje de alt\u00edsimo nivel que recibi\u00f3 nuestro distinguido socio y amigo D. Andr\u00e9s Ollero Tassara.<\/p>\n<p><a href=\"http:\/\/granadacosta.es\/wp-content\/uploads\/2015\/09\/IMG_0008.jpg\"><img decoding=\"async\" loading=\"lazy\" class=\"aligncenter size-large wp-image-2380\" src=\"http:\/\/granadacosta.es\/wp-content\/uploads\/2015\/09\/IMG_0008-1024x557.jpg\" alt=\"IMG_0008\" width=\"1024\" height=\"557\" \/><\/a><\/p>\n<p style=\"text-align: justify;\">\u00a0\u00a0\u00a0\u00a0\u00a0\u00a0\u00a0\u00a0\u00a0\u00a0\u00a0 Conocer el curr\u00edculo del Sr. Ollero pormenorizadamente,\u00a0 produce v\u00e9rtigo intelectual\u00a0 por\u00a0 las\u00a0 innumerables\u00a0 horas de intens\u00edsimo trabajo\u00a0 que\u00a0 en tantos \u00a0a\u00f1os\u00a0 de actividad, ha dedicado al servicio de\u00a0 la investigaci\u00f3n, de\u00a0 la universidad, de la ense\u00f1anza, en el Congreso de los Diputados y \u00a0en la actualidad como magistrado del Tribunal Constitucional. \u00a0Pero si su imparable trabajo al servicio de Espa\u00f1a, es reconocido y pormenorizado en la m\u00e1s alta Instituci\u00f3n del Estado \u00a0por su primer mandatario el Presidente del Congreso de los Diputados, Excmo. Sr. D. Jes\u00fas Maria Posada Moreno, quien exalt\u00f3 la actividad acad\u00e9mica y pol\u00edtica del homenajeado diciendo <em>\u201csiempre hizo conmigo su labor investigadora\u201d,<\/em> pero no anduvo m\u00e1s lejos el Presidente del Tribunal Constitucional, Excmo. Sr. D. Francisco P\u00e9rez de los Cobos, al referirse a su actual compa\u00f1ero de pupitre se\u00f1al\u00e1ndole como <em>\u201cpol\u00edtico entre los profesores, y profesor entre los pol\u00edticos\u201d. \u00a0<\/em>Por ello, \u00a0podemos entender la categor\u00eda intelectual, profesional y humana del ilustre personaje andaluz que nos ocupa y recoger, en el peque\u00f1o espacio de la presente rese\u00f1a la importancia que tuvo tan inolvidable acto, que el homenajeado cerr\u00f3 quitando importancia al gran trabajo que le adjudicaban y que para \u00e9l no era m\u00e1s que un divertimento que pretend\u00eda seguir haciendo una vez jubilado y seguir\u00eda haciendo \u00a0mientras viviera. Su gracia andaluza floreci\u00f3 a lo largo de su ponencia y se dej\u00f3 sentir en el semblante de los asistentes durante toda su intervenci\u00f3n.<\/p>\n<p style=\"text-align: justify;\"><a href=\"http:\/\/granadacosta.es\/wp-content\/uploads\/2015\/09\/IMG_0020.jpg\"><img decoding=\"async\" loading=\"lazy\" class=\"aligncenter size-large wp-image-2381\" src=\"http:\/\/granadacosta.es\/wp-content\/uploads\/2015\/09\/IMG_0020-1024x768.jpg\" alt=\"IMG_0020\" width=\"1024\" height=\"768\" \/><\/a><\/p>\n<p style=\"text-align: justify;\">\u00a0\u00a0\u00a0\u00a0\u00a0\u00a0\u00a0\u00a0\u00a0\u00a0\u00a0 Entre tantos recuerdos como cont\u00f3 y tantos c\u00e9lebres personajes a los que trat\u00f3 \u00a0y mencion\u00f3,\u00a0 dijo:\u00a0 <em>\u201cVolver al Congreso donde fui diputado durante 17 a\u00f1os y llevando 12 fuera de \u00e9l, volver \u00a0para recibir mediante \u00e9ste enorme libro el reconocimiento de los ilustres \u00a0firmantes y de mano del Presidente del Congreso,\u00a0 hace que hoy sea un d\u00eda\u00a0 muy especial \u00a0para m\u00ed\u00a0 que nunca olvidar\u00e9\u201d. \u00a0<\/em>Y refiri\u00e9ndose a su \u00a0portavoc\u00eda de Justicia del Grupo Popular en el Congreso,\u00a0 a\u00f1ad\u00eda: <em>\u00a0\u201cA lo largo de los a\u00f1os he ejercido tanto en la vida p\u00fablica como en la investigaci\u00f3n jur\u00eddica de modo simult\u00e1neo y tanto es as\u00ed que creo que mi papel, por decirlo as\u00ed, ha sido un poco anfibio. \u00a0Recuerdo que en el Congreso me llamaban \u2018Profesor\u2019 y nunca he dejado de serlo\u201d.\u00a0\u00a0\u00a0\u00a0\u00a0\u00a0\u00a0\u00a0 <\/em><\/p>\n<p style=\"text-align: justify;\">\u00a0\u00a0\u00a0\u00a0\u00a0\u00a0\u00a0\u00a0\u00a0\u00a0\u00a0 Como apoyo a \u00e9sta cr\u00f3nica, tengo delante de m\u00ed un libro de 2.692 p\u00e1ginas con el t\u00edtulo<\/p>\n<p style=\"text-align: justify;\">\u00a0\u00a0\u00a0\u00a0\u00a0\u00a0\u00a0\u00a0\u00a0\u00a0\u00a0\u00a0\u00a0\u00a0\u00a0\u00a0\u00a0\u00a0\u00a0 \u201cUNA FILOSOF\u00cdA DEL DERECHO EN ACCI\u00d3N.<\/p>\n<p style=\"text-align: justify;\">\u00a0\u00a0\u00a0\u00a0\u00a0\u00a0\u00a0\u00a0\u00a0\u00a0\u00a0\u00a0\u00a0\u00a0\u00a0\u00a0\u00a0\u00a0\u00a0 HOMENAJE AL PROFESOR ANDR\u00c9S OLLERO\u201d<\/p>\n<p style=\"text-align: justify;\">En el mismo se refiere el acto y \u00a0hace historia de \u00a0los tratados del homenajeado\u00a0 sobre\u00a0 Derecho y moral; teor\u00eda del conocimiento jur\u00eddico; derechos humanos, \u00e9tica y democracia; libertad religiosa, laicidad y laicismo; y bio\u00e9tica y bioderecho.<a href=\"http:\/\/granadacosta.es\/wp-content\/uploads\/2015\/09\/IMG_0032.jpg\"><img decoding=\"async\" loading=\"lazy\" class=\"aligncenter size-large wp-image-2382\" src=\"http:\/\/granadacosta.es\/wp-content\/uploads\/2015\/09\/IMG_0032-1024x768.jpg\" alt=\"IMG_0032\" width=\"1024\" height=\"768\" \/><\/a><\/p>\n<p style=\"text-align: justify;\">\u00a0\u00a0\u00a0\u00a0\u00a0\u00a0\u00a0\u00a0\u00a0\u00a0\u00a0 \u00a0De tan inmenso e interesante libro, me limito a relatar el t\u00edtulo que de por s\u00ed refleja su contenido\u00a0 e incluir el nombre del Comit\u00e9 Organizador y Coordinadores all\u00ed presentes que tambi\u00e9n intervinieron: \u00a0Excma.\u00a0 Sra. D\u00f1a. Cristina Hermida del Llano, los Excmo. Sres. \u00a0D. Jos\u00e9 Antonio Santos, D. Fernando Su\u00e1rez Bilbao, D. Wolf Paul, D. Francesco D\u2019Agostino y D. Pedro Serna, todos ellos Profesores de la Universidad Rey Juan Carlos.<\/p>\n<p style=\"text-align: justify;\"><a href=\"http:\/\/granadacosta.es\/wp-content\/uploads\/2015\/09\/IMG_0033.jpg\"><img decoding=\"async\" loading=\"lazy\" class=\"aligncenter size-large wp-image-2383\" src=\"http:\/\/granadacosta.es\/wp-content\/uploads\/2015\/09\/IMG_0033-1024x768.jpg\" alt=\"IMG_0033\" width=\"1024\" height=\"768\" \/><\/a><\/p>\n<p style=\"text-align: justify;\">\u00a0\u00a0\u00a0\u00a0\u00a0\u00a0\u00a0\u00a0\u00a0\u00a0\u00a0 No podr\u00eda dejar de referirme\u00a0 a los 150 Profesores de Universidad \u00a0que han colaborado en el libro editado por el Congreso, ilustr\u00edsimos investigadores, profesores, catedr\u00e1ticos, escritores y pensadores todos ellos de 34 Universidades espa\u00f1olas y 23 europeas,\u00a0 que han defendido con su colaboraci\u00f3n sus ideas y pensamiento sobre las\u00a0 cuestiones tratadas por el homenajeado \u00a0y que, en cada una de sus p\u00e1ginas flota imparable el alt\u00edsimo nivel intelectual de todos ellos, sean espa\u00f1oles o extranjeros.\u00a0<a href=\"http:\/\/granadacosta.es\/wp-content\/uploads\/2015\/09\/IMG_0035.jpg\"><img decoding=\"async\" loading=\"lazy\" class=\"aligncenter size-large wp-image-2384\" src=\"http:\/\/granadacosta.es\/wp-content\/uploads\/2015\/09\/IMG_0035-1024x768.jpg\" alt=\"IMG_0035\" width=\"1024\" height=\"768\" \/><\/a><\/p>\n<p style=\"text-align: justify;\">\u00a0\u00a0\u00a0\u00a0\u00a0\u00a0\u00a0\u00a0\u00a0\u00a0\u00a0 No puedo comprometerme a presentar a los lectores de Granada Costa en los sucesivos peri\u00f3dicos cada uno de los cap\u00edtulos de tan ilustrativo libro, pero s\u00ed\u00a0 espero y deseo \u00a0ir publicando aquellos que considere oportuno en cada momento puntual y que yo haya tenido tiempo de leer en la inmensidad de los contenidos de tan enorme\u00a0 e \u00a0interesant\u00edsimo libro.<img decoding=\"async\" loading=\"lazy\" class=\"aligncenter size-large wp-image-2385\" src=\"http:\/\/granadacosta.es\/wp-content\/uploads\/2015\/09\/IMG_0037-1024x768.jpg\" alt=\"IMG_0037\" width=\"1024\" height=\"768\" \/><\/p>\n<p style=\"text-align: justify;\">\u00a0\u00a0\u00a0\u00a0\u00a0\u00a0\u00a0\u00a0\u00a0\u00a0\u00a0 El Profesor \u00a0D. Andr\u00e9s Ollero Tassara, catedr\u00e1tico de Filosof\u00eda del Derecho y magistrado del Tribunal Constitucional, as\u00ed como \u00a0catedr\u00e1tico de la Universidad Rey Juan Carlos y doctor en Derecho por la Universidad de Granada y graduado por las Universidades de M\u00fanich y Roma, naci\u00f3 en Sevilla el 15 de mayo de 1944.\u00a0 Ha ocupado numerosas p\u00e1ginas de nuestro peri\u00f3dico y es muy conocido y admirado por los suscriptores \u00a0que conocen su extraordinario curr\u00edculo. Pero el homenaje de hoy no pod\u00eda faltar en \u00e9sta \u00a0tercera p\u00e1gina con motivo de su \u00a070 cumplea\u00f1os, con la sincera y doble \u00a0felicitaci\u00f3n de cuantos hacemos posible Granada Costa y as\u00ed lo expongo \u00a0\u00a0por deseo expreso \u00a0de nuestro Presidente, \u00a0\u00a0D. Jos\u00e9 Segura Haro.<\/p>\n<p style=\"text-align: justify;\">\n<p style=\"text-align: right;\"><em><strong>Juli\u00e1n D\u00edaz Robledo<\/strong><\/em><\/p>\n","protected":false},"excerpt":{"rendered":"<p>El pasado d\u00eda 9 de Septiembre, y en representaci\u00f3n del peri\u00f3dico Granada Costa, tuvimos el honor de ser invitados y&hellip;<\/p>\n","protected":false},"author":2,"featured_media":2386,"comment_status":"open","ping_status":"open","sticky":false,"template":"","format":"standard","meta":{"om_disable_all_campaigns":false,"_mi_skip_tracking":false,"_monsterinsights_sitenote_active":false,"_monsterinsights_sitenote_note":"","_monsterinsights_sitenote_category":0,"footnotes":""},"categories":[21,22],"tags":[],"aioseo_notices":[],"_links":{"self":[{"href":"https:\/\/granadacostaglobal.es\/index.php?rest_route=\/wp\/v2\/posts\/2379"}],"collection":[{"href":"https:\/\/granadacostaglobal.es\/index.php?rest_route=\/wp\/v2\/posts"}],"about":[{"href":"https:\/\/granadacostaglobal.es\/index.php?rest_route=\/wp\/v2\/types\/post"}],"author":[{"embeddable":true,"href":"https:\/\/granadacostaglobal.es\/index.php?rest_route=\/wp\/v2\/users\/2"}],"replies":[{"embeddable":true,"href":"https:\/\/granadacostaglobal.es\/index.php?rest_route=%2Fwp%2Fv2%2Fcomments&post=2379"}],"version-history":[{"count":0,"href":"https:\/\/granadacostaglobal.es\/index.php?rest_route=\/wp\/v2\/posts\/2379\/revisions"}],"wp:featuredmedia":[{"embeddable":true,"href":"https:\/\/granadacostaglobal.es\/index.php?rest_route=\/"}],"wp:attachment":[{"href":"https:\/\/granadacostaglobal.es\/index.php?rest_route=%2Fwp%2Fv2%2Fmedia&parent=2379"}],"wp:term":[{"taxonomy":"category","embeddable":true,"href":"https:\/\/granadacostaglobal.es\/index.php?rest_route=%2Fwp%2Fv2%2Fcategories&post=2379"},{"taxonomy":"post_tag","embeddable":true,"href":"https:\/\/granadacostaglobal.es\/index.php?rest_route=%2Fwp%2Fv2%2Ftags&post=2379"}],"curies":[{"name":"wp","href":"https:\/\/api.w.org\/{rel}","templated":true}]}}