{"id":23772,"date":"2020-02-16T09:19:10","date_gmt":"2020-02-16T09:19:10","guid":{"rendered":"http:\/\/granadacostanacional.es\/?p=23772"},"modified":"2020-02-16T09:19:10","modified_gmt":"2020-02-16T09:19:10","slug":"la-copla-en-mi-recuerdo-otro-exito-mas-se-suma-a-los-ya-obtenidos-por-paco-jimenez","status":"publish","type":"post","link":"https:\/\/granadacostaglobal.es\/?p=23772","title":{"rendered":"LA COPLA EN MI RECUERDO: OTRO \u00c9XITO M\u00c1S SE SUMA A LOS YA OBTENIDOS POR PACO JIM\u00c9NEZ."},"content":{"rendered":"<p style=\"text-align: justify;\">Conozco a mi amigo Paco desde peque\u00f1a, y por eso lo considero como mi hermano, pues hemos convivido toda la vida de la mano por nuestra gran afici\u00f3n por la cultura y la copla. Por eso, creo que este Museo de la Copla que ha creado, da fe de una vida dedicada a consagrar este arte.<\/p>\n<p style=\"text-align: justify;\">Paco, una mente inquieta desde una temprana edad, ya realizaba obras de teatro, escrib\u00eda poes\u00eda, y, sobre todo, era un apasionado de la copla. De ah\u00ed, desde su ni\u00f1ez nace el proyecto de la copla. \u00c9l, a lo largo de su vida ha buscado siempre el contacto directo con las figuras de la copla, desde las m\u00e1s altas, como Lolita Sevilla, a las que empezaban en sus primeros pasos. Custodia el legado de Lolita Sevilla con una gran cantidad de documentos y utensilios que ella us\u00f3, como vestidos, abanicos, las cartas importantes que recibi\u00f3 y mand\u00f3\u2026 Y lo que m\u00e1s atesora es el cari\u00f1o y respeto que siempre tuvo Lolita hacia Paco.<\/p>\n<p style=\"text-align: justify;\"><a href=\"http:\/\/granadacostanacional.es\/wp-content\/uploads\/2020\/02\/IMG-20200211-WA0001.jpg\"><img decoding=\"async\" loading=\"lazy\" class=\"aligncenter size-large wp-image-23774\" src=\"http:\/\/granadacostanacional.es\/wp-content\/uploads\/2020\/02\/IMG-20200211-WA0001-768x1024.jpg\" alt=\"IMG-20200211-WA0001\" width=\"768\" height=\"1024\" \/><\/a><\/p>\n<p style=\"text-align: center;\"><em><strong>Inmaculada Rej\u00f3n y Francisco Jim\u00e9nez en el Museo de la Copla de este\u00a0<\/strong><\/em><\/p>\n<p style=\"text-align: center;\"><a href=\"http:\/\/granadacostanacional.es\/wp-content\/uploads\/2020\/02\/IMG-20200211-WA0002.jpg\"><img decoding=\"async\" loading=\"lazy\" class=\"aligncenter size-large wp-image-23775\" src=\"http:\/\/granadacostanacional.es\/wp-content\/uploads\/2020\/02\/IMG-20200211-WA0002-768x1024.jpg\" alt=\"IMG-20200211-WA0002\" width=\"768\" height=\"1024\" \/><\/a><\/p>\n<p style=\"text-align: justify;\">Es autor de varios libros, dos de ellos muy importantes, uno dedicado a su pueblo natal, C\u00e1jar, y otro editado por la Editorial Granada Club Selecci\u00f3n, titulado <em>El legado de Lolita <\/em>Sevilla, que documenta toda su biograf\u00eda, actuaciones, contratos importantes, cartas\u2026 Ha escrito innumerables canciones para grandes artistas de la copla, con las que tiene una gran amistad.<\/p>\n<p style=\"text-align: justify;\">No puedo mencionar a todas las artistas que han querido colaborar con Paco en este gran proyecto, porque ser\u00eda una larga y muy extensa lista, pero s\u00ed quiero destacar a modo de ejemplo, que Mar\u00eda Jes\u00fas, la del acorde\u00f3n, tambi\u00e9n quiso estar presente en el museo de Paco, regal\u00e1ndole uno de los acordeones con los que fue internacionalmente conocida, o la amistad tan entra\u00f1able que tiene con una de las grandes bailaoras de la naci\u00f3n, Mariquilla, o que yo personalmente tambi\u00e9n est\u00e9 en ese gran museo, entre tantos otros grandes artistas.<\/p>\n<p style=\"text-align: justify;\"><a href=\"http:\/\/granadacostanacional.es\/wp-content\/uploads\/2020\/02\/IMG-20200211-WA0003.jpg\"><img decoding=\"async\" loading=\"lazy\" class=\"aligncenter size-large wp-image-23776\" src=\"http:\/\/granadacostanacional.es\/wp-content\/uploads\/2020\/02\/IMG-20200211-WA0003-768x1024.jpg\" alt=\"IMG-20200211-WA0003\" width=\"768\" height=\"1024\" \/><\/a><\/p>\n<p style=\"text-align: justify;\"><a href=\"http:\/\/granadacostanacional.es\/wp-content\/uploads\/2020\/02\/IMG-20200211-WA0005.jpg\"><img decoding=\"async\" loading=\"lazy\" class=\"aligncenter size-large wp-image-23777\" src=\"http:\/\/granadacostanacional.es\/wp-content\/uploads\/2020\/02\/IMG-20200211-WA0005-1024x768.jpg\" alt=\"IMG-20200211-WA0005\" width=\"1024\" height=\"768\" \/><\/a><\/p>\n<p style=\"text-align: justify;\">De nuevo, Paco sorprende en esta exposici\u00f3n en la casa de la cultura del Ayuntamiento de Maracena, que se inaugur\u00f3 el d\u00eda 7 de febrero de 2020 a las 20,30 h.<\/p>\n<p style=\"text-align: justify;\">Paco Jim\u00e9nez se sinti\u00f3 muy arropado por personalidades de la pol\u00edtica, cultura, y el mundo de la copla y el baile. Inici\u00f3 la presentaci\u00f3n el concejal de cultura, Francisco Javier P\u00e9rez Yeste del Ayuntamiento anfitri\u00f3n, quedando muy sorprendido y a la vez admirado por la riqueza de la exposici\u00f3n, y valorando el valor cultural de la misma.<\/p>\n<p style=\"text-align: justify;\">Siguiendo con la presentaci\u00f3n, me lleg\u00f3 el turno a m\u00ed, que cant\u00e9 dos coplas escritas por Paco Jim\u00e9nez y m\u00fasica de Pedro Gordillo. Ambas fueron muy aplaudidas.<\/p>\n<p style=\"text-align: justify;\">Entre el p\u00fablico se encontraba la bailaora y catedr\u00e1tica de flamenco la granadina e internacionalmente Conocida MARIQUILLA. Ella ha decidi\u00f3 regalar para el museo parte de su vestuario, Engrandeciendo a\u00fan m\u00e1s el maravilloso legado que all\u00ed podemos encontrar.<\/p>\n<p style=\"text-align: justify;\"><a href=\"http:\/\/granadacostanacional.es\/wp-content\/uploads\/2020\/02\/IMG-20200211-WA0006.jpg\"><img decoding=\"async\" loading=\"lazy\" class=\"aligncenter size-large wp-image-23778\" src=\"http:\/\/granadacostanacional.es\/wp-content\/uploads\/2020\/02\/IMG-20200211-WA0006-1024x768.jpg\" alt=\"IMG-20200211-WA0006\" width=\"1024\" height=\"768\" \/><\/a><\/p>\n<p style=\"text-align: justify;\"><a href=\"http:\/\/granadacostanacional.es\/wp-content\/uploads\/2020\/02\/IMG-20200211-WA0007.jpg\"><img decoding=\"async\" loading=\"lazy\" class=\"aligncenter size-large wp-image-23779\" src=\"http:\/\/granadacostanacional.es\/wp-content\/uploads\/2020\/02\/IMG-20200211-WA0007-768x1024.jpg\" alt=\"IMG-20200211-WA0007\" width=\"768\" height=\"1024\" \/><\/a><\/p>\n<p style=\"text-align: justify;\">Tambi\u00e9n tuvimos el honor de contar con la Alcaldesa, M\u00f3nica Castillo de la Rica,\u00a0 Pepa Garcia, Concejala de Urbanismo y Movilidad y el concejal Manolo Bautista, del pueblo natal de Paco Jim\u00e9nez, C\u00e1jar, un pueblo enclavado al pie de Sierra nevada de Granada. Contamos con la presencia del director del coro Virgen de los Dolores de C\u00e1jar, Juan Cruz, y la presidenta Laura Roldan, acompa\u00f1ada de tres Componentes del coro.<\/p>\n<p style=\"text-align: justify;\">Paco Jim\u00e9nez est\u00e1 muy agradecido por la asistencia de Jorge y Jacinto, due\u00f1os de la maravillosa sala de arte Z\u00d3CALO en el pueblo de los Og\u00edjares en Granada.<\/p>\n<p style=\"text-align: justify;\">Asisti\u00f3 Antonio Arenas, periodista que estuvo cubriendo la noticia en directo para los medios de comunicaci\u00f3n de Andaluc\u00eda. Gracias amigo Antonio por ser cronista de nuestra cultura y estar siempre en la cresta de la noticia.<\/p>\n<p style=\"text-align: justify;\">Quiero hacer constar el agradecimiento de Paco Jim\u00e9nez, alma m\u00e1ter del evento, a tantas personas que asistieron, y las que cada d\u00eda asisten para contemplar la exposici\u00f3n que estar\u00e1 abierta de 17 a 21 horas y hasta el 21 de Febrero.<\/p>\n<p style=\"text-align: right;\"><strong>Inmaculada Rej\u00f3n<\/strong><\/p>\n<p style=\"text-align: right;\"><strong>Granada<\/strong><\/p>\n","protected":false},"excerpt":{"rendered":"<p>Conozco a mi amigo Paco desde peque\u00f1a, y por eso lo considero como mi hermano, pues hemos convivido toda la&hellip;<\/p>\n","protected":false},"author":3,"featured_media":23773,"comment_status":"open","ping_status":"open","sticky":false,"template":"","format":"standard","meta":{"om_disable_all_campaigns":false,"_mi_skip_tracking":false,"_monsterinsights_sitenote_active":false,"_monsterinsights_sitenote_note":"","_monsterinsights_sitenote_category":0,"footnotes":""},"categories":[21,22],"tags":[],"aioseo_notices":[],"_links":{"self":[{"href":"https:\/\/granadacostaglobal.es\/index.php?rest_route=\/wp\/v2\/posts\/23772"}],"collection":[{"href":"https:\/\/granadacostaglobal.es\/index.php?rest_route=\/wp\/v2\/posts"}],"about":[{"href":"https:\/\/granadacostaglobal.es\/index.php?rest_route=\/wp\/v2\/types\/post"}],"author":[{"embeddable":true,"href":"https:\/\/granadacostaglobal.es\/index.php?rest_route=\/wp\/v2\/users\/3"}],"replies":[{"embeddable":true,"href":"https:\/\/granadacostaglobal.es\/index.php?rest_route=%2Fwp%2Fv2%2Fcomments&post=23772"}],"version-history":[{"count":0,"href":"https:\/\/granadacostaglobal.es\/index.php?rest_route=\/wp\/v2\/posts\/23772\/revisions"}],"wp:featuredmedia":[{"embeddable":true,"href":"https:\/\/granadacostaglobal.es\/index.php?rest_route=\/"}],"wp:attachment":[{"href":"https:\/\/granadacostaglobal.es\/index.php?rest_route=%2Fwp%2Fv2%2Fmedia&parent=23772"}],"wp:term":[{"taxonomy":"category","embeddable":true,"href":"https:\/\/granadacostaglobal.es\/index.php?rest_route=%2Fwp%2Fv2%2Fcategories&post=23772"},{"taxonomy":"post_tag","embeddable":true,"href":"https:\/\/granadacostaglobal.es\/index.php?rest_route=%2Fwp%2Fv2%2Ftags&post=23772"}],"curies":[{"name":"wp","href":"https:\/\/api.w.org\/{rel}","templated":true}]}}