{"id":23751,"date":"2020-02-14T13:25:54","date_gmt":"2020-02-14T13:25:54","guid":{"rendered":"http:\/\/granadacostanacional.es\/?p=23751"},"modified":"2020-02-14T13:25:54","modified_gmt":"2020-02-14T13:25:54","slug":"formacion-reanimacion-cardiopulmonar-en-equipo-docente","status":"publish","type":"post","link":"https:\/\/granadacostaglobal.es\/?p=23751","title":{"rendered":"Formacion reanimaci\u00f3n cardiopulmonar en equipo docente."},"content":{"rendered":"<p>El Servicio de Pediatr\u00eda del Hospital Arnau forma profesores en primeros auxilios y t\u00e9cnicas de reanimaci\u00f3n cardiopulmonar. Este curso escolar se realizaran tres formaciones a docentes y a ni\u00f1os y j\u00f3venes en edad escolar dentro del proyecto: \u201cLos ni\u00f1os salvan vidas\u201d, en la presente edici\u00f3n se present\u00f3 la p\u00e1gina Web de interrelaci\u00f3n Centres educativos\/Hospital Universitario Arnau de Vilanova de Lleida y las unidades pedag\u00f3gicas para trabajar desde Educaci\u00f3n Infantil a ESO realizadas por la Dra. To\u00f1y Castillo.<\/p>\n<p><a href=\"http:\/\/granadacostanacional.es\/wp-content\/uploads\/2020\/02\/WhatsApp-Image-2020-02-14-at-10.04.14.jpeg\"><img decoding=\"async\" loading=\"lazy\" class=\"wp-image-23752 aligncenter\" src=\"http:\/\/granadacostanacional.es\/wp-content\/uploads\/2020\/02\/WhatsApp-Image-2020-02-14-at-10.04.14-300x225.jpeg\" alt=\"WhatsApp Image 2020-02-14 at 10.04.14\" width=\"312\" height=\"234\" \/><\/a><\/p>\n<div>\n<div><\/div>\n<div>El Servicio de Pediatr\u00eda del Hospital Arnau forma profesores en primeros auxilios y t\u00e9cnicas de reanimaci\u00f3n cardiopulmonar<\/div>\n<\/div>\n<div><\/div>\n<div>Una treintena de profesionales de centros de Primaria y Secundaria de Lleida han participado hoy en la sexta edici\u00f3n del curso.<\/div>\n<div><a href=\"http:\/\/granadacostanacional.es\/wp-content\/uploads\/2020\/02\/WhatsApp-Image-2020-02-14-at-10.09.15.jpeg\"><img decoding=\"async\" loading=\"lazy\" class=\"size-medium wp-image-23754 alignright\" src=\"http:\/\/granadacostanacional.es\/wp-content\/uploads\/2020\/02\/WhatsApp-Image-2020-02-14-at-10.09.15-300x225.jpeg\" alt=\"WhatsApp Image 2020-02-14 at 10.09.15\" width=\"300\" height=\"225\" \/><\/a><\/div>\n<div>Una treintena de profesores de escuelas e institutos de Lleida han participado hoy en la quinta edici\u00f3n del curso de formaci\u00f3n en primeros auxilios y t\u00e9cnicas de reanimaci\u00f3n cardiopulmonar impartido en el Hospital Universitario Arnau de Vilanova y dirigido espec\u00edficamente a los profesionales de la educaci\u00f3n.<\/div>\n<div><\/div>\n<div>\n<div>El curso, organizado por el Servicio de Pediatr\u00eda con la colaboraci\u00f3n del departamento de Educaci\u00f3n, ha sido impartido por los doctores Eduard Sol\u00e9, Jordi Garcia y Alba Gair\u00ed, en coordinaci\u00f3n con la doctora To\u00f1y Castillo, directora del Aula Hospitalaria. Su objetivo es proporcionar a los educadores las t\u00e9cnicas b\u00e1sicas de primeros auxilios para que adquieran conocimientos en el manejo de situaciones urgentes que pueden surgir en el \u00e1mbito escolar y darles herramientas para su resoluci\u00f3n.<\/div>\n<\/div>\n<div><\/div>\n<div><\/div>\n<div>\n<div>El taller pr\u00e1ctico con simuladores pretende facilitar la actividad de los docentes encargados de tratar los temas relacionados con los primeros auxilios en diversos momentos del proces<a href=\"http:\/\/granadacostanacional.es\/wp-content\/uploads\/2020\/02\/WhatsApp-Image-2020-02-14-at-10.09.14.jpeg\"><img decoding=\"async\" loading=\"lazy\" class=\"size-medium wp-image-23753 alignright\" src=\"http:\/\/granadacostanacional.es\/wp-content\/uploads\/2020\/02\/WhatsApp-Image-2020-02-14-at-10.09.14-300x225.jpeg\" alt=\"WhatsApp Image 2020-02-14 at 10.09.14\" width=\"300\" height=\"225\" \/><\/a>o educativo. El taller se propone tambi\u00e9n la formaci\u00f3n del profesorado por parte de profesionales sanitarios m\u00e9dicos y enfermeros a trav\u00e9s de la realizaci\u00f3n de una sesi\u00f3n informativa-formativa a profesorado de diferentes niveles educativos para dar pautas encaminadas a promover la seguridad y los primeros auxilios en el \u00e1mbito escolar.<\/div>\n<\/div>\n<div><\/div>\n<div>\n<div>Los objetivos de la formaci\u00f3n\u00a0son:<\/div>\n<div><\/div>\n<div>-Proporcionar un conocimiento de los aspectos m\u00e1s relevantes de la prevenci\u00f3n de riesgos.<\/div>\n<div>\n<div>-Dar pautas para promover la seguridad, la prevenci\u00f3n de accidentes y los primeros auxilios a las actividades did\u00e1cticas habituales, con el apoyo de una Gu\u00eda de Primeros Auxilios.<\/div>\n<div><\/div>\n<div>-Ense\u00f1ar t\u00e9cnicas de soporte b\u00e1sico vital (SBV) al profesorado.<\/div>\n<div>\n<div>Primer m\u00f3dulo: Soporte Vital B\u00e1sico (SVB) + DEA.<\/div>\n<div>\n<div>Segundo m\u00f3dulo: (SBV) incidencias m\u00e9dicas en la escuela y crisis respiratorias (asma &#8230;). P\u00e9rdidas de conciencia, fiebre repentina., Convulsiones, reacciones \u2022 al\u00e9rgicas, alumnado diab\u00e9tico.<\/div>\n<\/div>\n<div>Tercer m\u00f3dulo: accidentabilidad (hemorragias, lesiones dentales, contusiones y fracturas, inmovilizaciones).<\/div>\n<\/div>\n<div>Contenidos:<\/div>\n<div><\/div>\n<div>Se presenta Web de intercomunicaci\u00f3n centros \/ pediatr\u00eda ..<\/div>\n<div><a href=\"http:\/\/granadacostanacional.es\/wp-content\/uploads\/2020\/02\/WhatsApp-Image-2020-02-14-at-10.02.18.jpeg\"><img decoding=\"async\" loading=\"lazy\" class=\"alignnone size-medium wp-image-23756\" src=\"http:\/\/granadacostanacional.es\/wp-content\/uploads\/2020\/02\/WhatsApp-Image-2020-02-14-at-10.02.18-300x225.jpeg\" alt=\"WhatsApp Image 2020-02-14 at 10.02.18\" width=\"300\" height=\"225\" \/><\/a><a href=\"http:\/\/granadacostanacional.es\/wp-content\/uploads\/2020\/02\/WhatsApp-Image-2020-02-14-at-10.03.44.jpeg\"><img decoding=\"async\" loading=\"lazy\" class=\"alignnone size-medium wp-image-23755\" src=\"http:\/\/granadacostanacional.es\/wp-content\/uploads\/2020\/02\/WhatsApp-Image-2020-02-14-at-10.03.44-300x225.jpeg\" alt=\"WhatsApp Image 2020-02-14 at 10.03.44\" width=\"300\" height=\"225\" \/><\/a><\/div>\n<div><\/div>\n<\/div>\n<\/div>\n<div><\/div>\n<div><a href=\"http:\/\/granadacostanacional.es\/wp-content\/uploads\/2020\/02\/WhatsApp-Image-2020-02-14-at-14.06.39.jpeg\"><img decoding=\"async\" loading=\"lazy\" class=\"aligncenter wp-image-23767 size-large\" src=\"http:\/\/granadacostanacional.es\/wp-content\/uploads\/2020\/02\/WhatsApp-Image-2020-02-14-at-14.06.39-1024x768.jpeg\" alt=\"WhatsApp Image 2020-02-14 at 14.06.39\" width=\"1024\" height=\"768\" \/><\/a><\/div>\n<div><\/div>\n<div><\/div>\n<p>&nbsp;<\/p>\n","protected":false},"excerpt":{"rendered":"<p>El Servicio de Pediatr\u00eda del Hospital Arnau forma profesores en primeros auxilios y t\u00e9cnicas de reanimaci\u00f3n cardiopulmonar. Este curso escolar&hellip;<\/p>\n","protected":false},"author":4,"featured_media":23767,"comment_status":"open","ping_status":"open","sticky":false,"template":"","format":"standard","meta":{"om_disable_all_campaigns":false,"_mi_skip_tracking":false,"_monsterinsights_sitenote_active":false,"_monsterinsights_sitenote_note":"","_monsterinsights_sitenote_category":0,"footnotes":""},"categories":[19],"tags":[],"aioseo_notices":[],"_links":{"self":[{"href":"https:\/\/granadacostaglobal.es\/index.php?rest_route=\/wp\/v2\/posts\/23751"}],"collection":[{"href":"https:\/\/granadacostaglobal.es\/index.php?rest_route=\/wp\/v2\/posts"}],"about":[{"href":"https:\/\/granadacostaglobal.es\/index.php?rest_route=\/wp\/v2\/types\/post"}],"author":[{"embeddable":true,"href":"https:\/\/granadacostaglobal.es\/index.php?rest_route=\/wp\/v2\/users\/4"}],"replies":[{"embeddable":true,"href":"https:\/\/granadacostaglobal.es\/index.php?rest_route=%2Fwp%2Fv2%2Fcomments&post=23751"}],"version-history":[{"count":0,"href":"https:\/\/granadacostaglobal.es\/index.php?rest_route=\/wp\/v2\/posts\/23751\/revisions"}],"wp:featuredmedia":[{"embeddable":true,"href":"https:\/\/granadacostaglobal.es\/index.php?rest_route=\/"}],"wp:attachment":[{"href":"https:\/\/granadacostaglobal.es\/index.php?rest_route=%2Fwp%2Fv2%2Fmedia&parent=23751"}],"wp:term":[{"taxonomy":"category","embeddable":true,"href":"https:\/\/granadacostaglobal.es\/index.php?rest_route=%2Fwp%2Fv2%2Fcategories&post=23751"},{"taxonomy":"post_tag","embeddable":true,"href":"https:\/\/granadacostaglobal.es\/index.php?rest_route=%2Fwp%2Fv2%2Ftags&post=23751"}],"curies":[{"name":"wp","href":"https:\/\/api.w.org\/{rel}","templated":true}]}}