{"id":2374,"date":"2015-09-11T15:11:15","date_gmt":"2015-09-11T15:11:15","guid":{"rendered":"http:\/\/granadacosta.es\/?p=2374"},"modified":"2015-09-11T15:11:15","modified_gmt":"2015-09-11T15:11:15","slug":"cultura-flamenca-xlvi-flamenco-y-toros-xviii-manuel-jimenez-chicuelo-1902-1967","status":"publish","type":"post","link":"https:\/\/granadacostaglobal.es\/?p=2374","title":{"rendered":"CULTURA  FLAMENCA  (XLVI) FLAMENCO  Y  TOROS  (XVIII): Manuel  Jim\u00e9nez  \u201cCHICUELO\u201d (1902-1967)"},"content":{"rendered":"<p>Chicuelinas\u00a0 de\u00a0 Chicuelo,<\/p>\n<p>lances de\u00a0 Manuel\u00a0 Jim\u00e9nez<\/p>\n<p>que\u00a0 a la vez\u00a0\u00a0 que\u00a0 sevillanas<\/p>\n<p>sonaban\u00a0 a\u00a0 Martinete (cfr. \u201cCancionero Popular\u00a0 Taurino\u201d, Madrid, 1963)<\/p>\n<p>Lo mismo que en el flamenco se dice con frecuencia \u201cDe casta le viene a la liebre\u201d, otro\u00a0 tanto sucede en el delicado mundo de la tauromaquia. Efectivamente: Manuel\u00a0 Jim\u00e9nez Moreno, de nombre art\u00edstico \u201cCHICUELO\u201d, era\u00a0 hijo de torero y padre, a su vez, de\u00a0 Rafael\u00a0 Jim\u00e9nez\u00a0 Castro \u201cChicuelo III\u201d. El famoso Chicuelo\u00a0 naci\u00f3 (Sevilla, 1902) en el seno de una familia\u00a0 torera cien por cien. Su padre fue un matador de toros modesto, del mismo nombre y apodo, que fallece cuando el futuro matador\u00a0 era muy peque\u00f1o, cinco a\u00f1os. Fue recogido por otra persona perteneciente tambi\u00e9n a la familia taurina, el banderillero Eduardo\u00a0 Borrego \u201cZocato\u201d, que se lo\u00a0 llev\u00f3 a su casa y lo trat\u00f3 como si fuera su hijo. Fue Zocato quien\u00a0 lo inici\u00f3 en el toreo, y a los 10\u00a0 a\u00f1os lo inscribi\u00f3 en la Escuela Taurina de Sevilla.<\/p>\n<p>Su debut \u2013 como novillero \u2013 tuvo lugar el 24 de junio de 1917 en la Plaza de Salamanca, donde comparti\u00f3 cartel con\u00a0 Bernardo\u00a0 Gonz\u00e1lez y\u00a0 Lu\u00eds de la\u00a0 Rosa. Seg\u00fan\u00a0 los\u00a0 cr\u00edticos\u00a0 taurinos, Chicuelo\u00a0 fue\u00a0 desde muy joven, casi de ni\u00f1o, un\u00a0 verdadero prodigio para entender\u00a0 r\u00e1pidamente a los toros., apenas\u00a0 sal\u00edan\u00a0 de los\u00a0 chiqueros. Tendr\u00edan\u00a0 que pasar muchos\u00a0 a\u00f1os\u00a0 para\u00a0 encontrar un torero que\u00a0 diera la\u00a0 medida de tanta capacidad\u00a0 taurina como la de Manuel Jim\u00e9nez \u201cChicuelo II\u201d. Creo no equivocarme si esa figura -segun mi criterio \u2013 la\u00a0 cumpli\u00f3\u00a0 Jos\u00e9\u00a0 Lu\u00eds\u00a0 V\u00e1zquez (1921 \u2013 2013). Su protector -Zocato \u2013 lo present\u00f3 en\u00a0 Madrid, en una novillada de Braganza, el 8 de agosto de 1919, con\u00a0 Garc\u00eda\u00a0 Reyes y Joselito Mart\u00edn. Su carrera como\u00a0 novillero fue sorprendente, tan asombrosa que con s\u00f3lo\u00a0 17 a\u00f1os recibi\u00f3 la alternativa, entrando a formar parte\u00a0 de\u00a0 la pl\u00e9yade de toreros que\u00a0 alcanzaron\u00a0 el\u00a0 doctorado\u00a0 antes de los veinte a\u00f1os. Esta tuvo\u00a0 lugar\u00a0 en Sevilla, 28 de septiembre de 1919, a manos de Juan\u00a0 Belmonte, cedi\u00e9ndole el toro\u00a0 \u201cVidriero\u201d, de Santa Coloma. Manuel Jim\u00e9nez se encontraba ya metido en todos los asuntos del arte. No ten\u00eda nada que aprender: lleg\u00f3 al\u00a0 doctorado en su momento justo.<\/p>\n<p>Al a\u00f1o\u00a0 siguiente, en la corrida de la Prensa \u2013 18 de junio de 1920 \u2013, Rafael elGallo le\u00a0 confirm\u00f3 su alternativa con un toro de Veragua, acompa\u00f1\u00e1ndole en la\u00a0 solemne\u00a0 corrida Juan\u00a0 Belmonte\u00a0 y Fortuna.. Chicuelo fue, a partir de su alternativa sevillana, una\u00a0\u00a0 figura del toreo, aunque por su propio temperamente art\u00edstico \u2013 escribe Rafael\u00a0 R\u00edos, op. cit.\u00a0 p\u00e1g. 91 \u2013 tuviera grandes baches\u00a0 de abulia y apat\u00eda. Pero le bastaba cuajar un\u00a0 toro,\u00a0 o realizar una faena importante para firmar un\u00a0 n\u00famero grande de\u00a0 corridas. Y as\u00ed sucedi\u00f3: en el a\u00f1o 1920 firm\u00f3 ochenta y una.<\/p>\n<p><img decoding=\"async\" loading=\"lazy\" class=\"aligncenter size-full wp-image-2375\" src=\"http:\/\/granadacosta.es\/wp-content\/uploads\/2015\/09\/media-molinete-web.jpg\" alt=\"media-molinete-web\" width=\"580\" height=\"516\" \/><\/p>\n<p>La Historia nos confirma que Manuel\u00a0 Jim\u00e9nez \u201c Chicuelo\u201d es el precursor de la escuela\u00a0 sevillana, un toreo\u00a0 ejecutado con naturalidad y\u00a0 gracia, no\u00a0 exento de profundidad. Su toreo\u00a0 era armonioso, con\u00a0 los pies juntos,, bajando\u00a0 la mano en la muleta, y engarzando\u00a0 varios\u00a0 naturales, algo ins\u00f3lito\u00a0 en\u00a0 el\u00a0 toreo\u00a0 de la \u00e9poca. El\u00a0 inmortal torero sevillano fue el creador de la llamada \u201cChicuelina\u201d; fue, asimismo, genial con\u00a0 el\u00a0 capote. Finura, ligaz\u00f3n, gracia, excelsa\u00a0 pureza eran notas innatas de Chicuelo. Como persona\u00a0 era\u00a0 cordial, modesto, prudente y\u00a0 siempre\u00a0 amigo de sus\u00a0 amigos. Fue el\u00a0 l\u00edder\u00a0 de los\u00a0 a\u00f1os 20 del siglo pasado, llegando\u00a0 a\u00a0 torear en Espa\u00f1a 84 corridas. Chicuelo hizo varios viajes a M\u00e9xico y su cartel fue\u00a0 muy cotizado, ya\u00a0 que\u00a0 all\u00ed gustan\u00a0 m\u00e1s los toreros artistas que los de\u00a0 puro\u00a0 valor.\u00a0 En\u00a0 el a\u00f1o 1927 se cas\u00f3\u00a0 con la cantante\u00a0 Dora\u00a0 la\u00a0 Cordobesita (1902 \u2013 1965).\u00a0 Se retir\u00f3\u00a0 definitivamente de los toros el d\u00eda 1 de noviembre de 1951 en la plaza de Utrera (Sevilla) y dio\u00a0 la alternativa a Juanito Dorado\u00a0 y a Juan\u00a0 de\u00a0 Dios\u00a0 Pareja Obreg\u00f3n.<\/p>\n<p>La ciudad de Sevilla, siendo Alcalde\u00a0 don Alfredo\u00a0 S\u00e1nchez\u00a0 Monteseir\u00edn, le tribut\u00f3 \u201cHomenaje de pleites\u00eda\u201d, dedic\u00e1ndole la \u201cEscuela Taurina de Sevilla\u201d, en la Alameda de H\u00e9rcules, el d\u00eda 21 de agosto de 2009.\u00a0 \u201cCHICUELO II\u201d supo\u00a0 expandir \u00a0los geniales destellos del toreo eterno, esmaltados\u00a0 todos\u00a0 ellos de su vigoroso sello\u00a0 personal. Muri\u00f3, lleno de pena, en su Sevilla\u00a0 natal, el 31 de octubre\u00a0 de 1967.<\/p>\n<p>Desde la lejan\u00eda del tiempo y el mel\u00edfluo recuerdo de aquellos cromos taurinos, que a\u00fan yacen en mi mente, deseo dedicarle al torero de la trianer\u00edsima calle Betis esta breve reflexi\u00f3n \u201cFlamenco-taurina\u201d: A pesar de su similitud, creo que hay algo que diferencia al cante\u00a0 del toreo,\u00a0 a saber, su NACIMIENTO. En la mente de cualquier conocedor del Cante y Toreo est\u00e1\u00a0 presente esa diferencia. Los primeros balbuceos de las actuales\u00a0 corridas pueden fijarse &#8211;\u00a0 seg\u00fan\u00a0 datos hist\u00f3ricos \u2013 en\u00a0 el\u00a0 siglo\u00a0 XI, desde\u00a0 el\u00a0 rey Alfonso VI. Sin embargo, en cuanto al flamenco, aunque hayan\u00a0 antecedentes \u00a0milenarios folkl\u00f3ricos, s\u00f3lo podr\u00eda\u00a0 fecharse hacia\u00a0 finales\u00a0 del siglo XVIII y XIX. No obstante, hay un hecho muy com\u00fan en\u00a0 ambas manifestaciones\u00a0 art\u00edsticas: SU PLENO DESARROLLO\u00a0 EN\u00a0 EL SIGLO XIX.<\/p>\n<p>Y\u00a0 es\u00a0 en nuestra\u00a0 Andaluc\u00eda\u00a0 donde tiene su plena vigencia, en las\u00a0 tierras del Sur\u00a0 de Espa\u00f1a donde\u00a0 cuajados ya los\u00a0 esquemas y reglas\u00a0 de los toros y\u00a0 el\u00a0 flamenco, m\u00e1s\u00a0 se desarrollan\u00a0 y\u00a0 enriquecen. Sobre este particular, Garc\u00eda\u00a0 Dur\u00e1n\u00a0 Mu\u00f1oz se\u00f1ala\u00a0 que la\u00a0 admiraci\u00f3n\u00a0 por\u00a0 lo \u00e1rabe influir\u00e1 en\u00a0 cierto\u00a0 modo sobre ambas\u00a0\u00a0 dedicaciones, y que el siglo\u00a0 XIX fue su\u00a0 momento\u00a0 apote\u00f3sico, como\u00a0 lo prueba\u00a0 el\u00a0 hecho\u00a0 de que en \u00e9l se\u00a0 abren\u00a0 las\u00a0 \u201cEscuelas\u00a0 de Tauromaquia\u00a0 y\u00a0 los Caf\u00e9s Cantantes\u201d. Cfr.\u00a0 \u201cAndaluc\u00eda y su\u00a0 cante\u201d (Madrid, 1962). El mismo Dur\u00e1n\u00a0 Mu\u00f1oz\u00a0 equipara\u00a0 ingeniosamente a\u00a0 Pedro\u00a0 Romero\u00a0 con\u00a0 El Fillo, a\u00a0 Paquiro\u00a0 con\u00a0 Silverio, a Joselito\u00a0 con\u00a0 Chac\u00f3n, a\u00a0 Rafael\u00a0 el\u00a0 Gallo\u00a0 con\u00a0 Manuel\u00a0 Torre\u00a0 y a\u00a0 Juan\u00a0 Belmonte\u00a0 con\u00a0 El\u00a0 Mellizo, diciendo tambi\u00e9n que, ya que la fiesta requiere un\u00a0 escenario, lo que el \u201ctablao\u201d es\u00a0 al\u00a0 flamenco, lo es la plaza\u00a0 al\u00a0 ceremonial\u00a0 taurino., cfr. \u201cLos toros y\u00a0 el\u00a0 flamenco\u201d\u00a0 (M\u00e1laga,\u00a0 1970). La historia de las relaciones tauroflamencas \u2013 escriben Blas Vega-Fernando Qui\u00f1ones \u2013 se nos muestra del\u00a0 modo m\u00e1s abundante, pintoresco\u00a0 y variado desde el\u00a0 momento mismo en que las corridas y el arte\u00a0 flamenco\u00a0 adquieren\u00a0 cuerpo\u00a0 definitivo. Muy\u00a0 nutrida es la lista, en los anales flamencos, de profesionales con\u00a0 nombre o apodo\u00a0 de raigambre taurino: Diego el Picaor, el Cuadrillero, Toreri, Curro\u00a0 Puya, el Paquirri, Teresita Mazzantini, el Gallo, el Puntillero,\u00a0 Curro Caireles, etc. y, adem\u00e1s,\u00a0 el\u00a0 apellido\u00a0\u00a0 P\u00e9rez\u00a0 de Guzm\u00e1n\u00a0 suena\u00a0 en\u00a0 los\u00a0 toros como, despu\u00e9s, en\u00a0 el\u00a0 flamenco.<\/p>\n","protected":false},"excerpt":{"rendered":"<p>Chicuelinas\u00a0 de\u00a0 Chicuelo, lances de\u00a0 Manuel\u00a0 Jim\u00e9nez que\u00a0 a la vez\u00a0\u00a0 que\u00a0 sevillanas sonaban\u00a0 a\u00a0 Martinete (cfr. \u201cCancionero Popular\u00a0 Taurino\u201d,&hellip;<\/p>\n","protected":false},"author":2,"featured_media":1736,"comment_status":"open","ping_status":"open","sticky":false,"template":"","format":"standard","meta":{"om_disable_all_campaigns":false,"_mi_skip_tracking":false,"_monsterinsights_sitenote_active":false,"_monsterinsights_sitenote_note":"","_monsterinsights_sitenote_category":0,"footnotes":""},"categories":[21],"tags":[],"aioseo_notices":[],"_links":{"self":[{"href":"https:\/\/granadacostaglobal.es\/index.php?rest_route=\/wp\/v2\/posts\/2374"}],"collection":[{"href":"https:\/\/granadacostaglobal.es\/index.php?rest_route=\/wp\/v2\/posts"}],"about":[{"href":"https:\/\/granadacostaglobal.es\/index.php?rest_route=\/wp\/v2\/types\/post"}],"author":[{"embeddable":true,"href":"https:\/\/granadacostaglobal.es\/index.php?rest_route=\/wp\/v2\/users\/2"}],"replies":[{"embeddable":true,"href":"https:\/\/granadacostaglobal.es\/index.php?rest_route=%2Fwp%2Fv2%2Fcomments&post=2374"}],"version-history":[{"count":0,"href":"https:\/\/granadacostaglobal.es\/index.php?rest_route=\/wp\/v2\/posts\/2374\/revisions"}],"wp:featuredmedia":[{"embeddable":true,"href":"https:\/\/granadacostaglobal.es\/index.php?rest_route=\/"}],"wp:attachment":[{"href":"https:\/\/granadacostaglobal.es\/index.php?rest_route=%2Fwp%2Fv2%2Fmedia&parent=2374"}],"wp:term":[{"taxonomy":"category","embeddable":true,"href":"https:\/\/granadacostaglobal.es\/index.php?rest_route=%2Fwp%2Fv2%2Fcategories&post=2374"},{"taxonomy":"post_tag","embeddable":true,"href":"https:\/\/granadacostaglobal.es\/index.php?rest_route=%2Fwp%2Fv2%2Ftags&post=2374"}],"curies":[{"name":"wp","href":"https:\/\/api.w.org\/{rel}","templated":true}]}}