{"id":23547,"date":"2020-02-06T12:48:51","date_gmt":"2020-02-06T12:48:51","guid":{"rendered":"http:\/\/granadacostanacional.es\/?p=23547"},"modified":"2020-02-06T12:48:51","modified_gmt":"2020-02-06T12:48:51","slug":"mi-voz-importa-rocio","status":"publish","type":"post","link":"https:\/\/granadacostaglobal.es\/?p=23547","title":{"rendered":"Mi voz importa, Roc\u00edo"},"content":{"rendered":"<p style=\"text-align: justify;\">Muchas personas se hacen la misma pregunta miles de veces, y es que, \u00bfQu\u00e9 es realmente el buen trato? \u00bfEs una sonrisa? \u00bfUn abrazo? \u00bfO un sentimiento?<\/p>\n<p style=\"text-align: justify;\">Para m\u00ed el buen trato es una sensaci\u00f3n que tienes al despertarte un d\u00eda por la ma\u00f1ana, cualquier d\u00eda de la semana y lo primero que recibes es alegr\u00eda, una alegr\u00eda que expresa cualquier persona en una serie de palabras o hechos que muchas veces parecen simples, pero realmente te hacen m\u00e1s f\u00e1cil el d\u00eda. El buen trato lo podr\u00eda definir como una cadena de empat\u00eda que deber\u00eda ser fundamental para la convivencia en el ser humano, pero muchas personas dejan de lado.<\/p>\n<p style=\"text-align: justify;\">El buen trato es un &#8220;Buenos d\u00edas&#8221;, un \u201c\u00bfEst\u00e1s bien?\u201d o simplemente un abrazo en el momento oportuno. No es dif\u00edcil ver el buen trato en tu d\u00eda a d\u00eda, simplemente para recibirlo tenemos que darlo.<\/p>\n<p style=\"text-align: justify;\">A veces un buen trato es lo \u00fanico que necesita una persona para seguir adelante, y si ese buen trato no est\u00e1 presente, nunca\u00a0se derrumbara el muro de lo malo, el que no te deja ver lo positiva que es la vida.<\/p>\n<p style=\"text-align: justify;\">Por eso debemos dejar cosas como el orgullo, el enfado y la tristeza de lado, intentar superar las cosas banales que nos afectan y dar todo lo bueno que llevamos dentro. Debemos demostrar al mundo entero que solo la alegr\u00eda, el amor y la felicidad son las que aportan lo bueno en nuestras vidas, tenemos que demostrar lo que valemos realmente, como somos o podemos llegar a ser, c\u00f3mo podemos mejorar la sociedad.<\/p>\n<p style=\"text-align: justify;\">Y aunque a veces sea duro poner una buena cara tenemos que hacerlo y al final nunca costar\u00e1 ponerla, nunca deber\u00eda ser dif\u00edcil ser feliz y mucho menos compartir esa felicidad.<\/p>\n<p><strong>\u00a0<\/strong><\/p>\n","protected":false},"excerpt":{"rendered":"<p>Muchas personas se hacen la misma pregunta miles de veces, y es que, \u00bfQu\u00e9 es realmente el buen trato? \u00bfEs&hellip;<\/p>\n","protected":false},"author":4,"featured_media":23615,"comment_status":"open","ping_status":"open","sticky":false,"template":"","format":"standard","meta":{"om_disable_all_campaigns":false,"_mi_skip_tracking":false,"_monsterinsights_sitenote_active":false,"_monsterinsights_sitenote_note":"","_monsterinsights_sitenote_category":0,"footnotes":""},"categories":[25,21,35,27,48,22,19,30],"tags":[],"aioseo_notices":[],"_links":{"self":[{"href":"https:\/\/granadacostaglobal.es\/index.php?rest_route=\/wp\/v2\/posts\/23547"}],"collection":[{"href":"https:\/\/granadacostaglobal.es\/index.php?rest_route=\/wp\/v2\/posts"}],"about":[{"href":"https:\/\/granadacostaglobal.es\/index.php?rest_route=\/wp\/v2\/types\/post"}],"author":[{"embeddable":true,"href":"https:\/\/granadacostaglobal.es\/index.php?rest_route=\/wp\/v2\/users\/4"}],"replies":[{"embeddable":true,"href":"https:\/\/granadacostaglobal.es\/index.php?rest_route=%2Fwp%2Fv2%2Fcomments&post=23547"}],"version-history":[{"count":0,"href":"https:\/\/granadacostaglobal.es\/index.php?rest_route=\/wp\/v2\/posts\/23547\/revisions"}],"wp:featuredmedia":[{"embeddable":true,"href":"https:\/\/granadacostaglobal.es\/index.php?rest_route=\/"}],"wp:attachment":[{"href":"https:\/\/granadacostaglobal.es\/index.php?rest_route=%2Fwp%2Fv2%2Fmedia&parent=23547"}],"wp:term":[{"taxonomy":"category","embeddable":true,"href":"https:\/\/granadacostaglobal.es\/index.php?rest_route=%2Fwp%2Fv2%2Fcategories&post=23547"},{"taxonomy":"post_tag","embeddable":true,"href":"https:\/\/granadacostaglobal.es\/index.php?rest_route=%2Fwp%2Fv2%2Ftags&post=23547"}],"curies":[{"name":"wp","href":"https:\/\/api.w.org\/{rel}","templated":true}]}}