{"id":2351,"date":"2015-09-05T11:27:27","date_gmt":"2015-09-05T11:27:27","guid":{"rendered":"http:\/\/granadacosta.es\/?p=2351"},"modified":"2015-09-05T11:27:27","modified_gmt":"2015-09-05T11:27:27","slug":"fin-de-vacaciones-y-comienzo-escolar","status":"publish","type":"post","link":"https:\/\/granadacostaglobal.es\/?p=2351","title":{"rendered":"Fin de Vacaciones y Comienzo escolar"},"content":{"rendered":"<p style=\"text-align: justify;\">El fin de las vacaciones es algo natural, porque todo lo que comienza acaba pero as\u00ed es la vida, compuesta de ciclos que se repiten con normalidad. Algunos padres ya est\u00e1n cansados de haber compartido tanto tiempo con sus hijos, y desean delegarlos y devolverlos a las escuelas con sus maestros aunque ni los maestros ni sus alumnos quieren que acaben sus vacaciones porque luego comienza un arduo camino de encuentros y desencuentros. S\u00ed, hay que reinventarse para no caer en la monoton\u00eda de lo colegial de la que hablaba don Antonio Machado. Y as\u00ed es todo en la vida pues como dec\u00eda Arist\u00f3teles lo mejor es situarse en el justo medio de las cosas. El ser humano se caracteriza por la valent\u00eda o la falta de valor, por su tes\u00f3n o por temor a s\u00ed mismo y a la vida. Nuestras convicciones m\u00e1s arraigadas, m\u00e1s indubitables son las m\u00e1s sospechosas por su menos consistencia ya que todo es mutable y deviene. Constituyen nuestro l\u00edmite, nuestros confines y a la vez nuestra prisi\u00f3n. No somos t\u00edteres cuya representaci\u00f3n est\u00e1 absolutamente determinada. No es cierto decir que lo que nos determina son las circunstancias, \u00e9stas son alternativas de nuestras decisiones. Por esto es falso pensar que la responsable de la educaci\u00f3n es s\u00f3lo la escuela, tambi\u00e9n lo es la familia. Sorprenderse y enriquecerse es comenzar a entender que no puede existir una \u00fanica visi\u00f3n de las cosas. Es verdadero que uno se deba motivar para que hagamos las cosas por nosotros mismos, asimismo\u00a0 los temibles\u00a0 y\u00a0 famosos deberes del colegio deber\u00edan tener en cuenta los gustos de los padres y de los docentes, o de lo contrario pasa lo que pasa que todos estamos a disgusto incluso como es evidente los propios alumnos. Debemos acercar posturas y priorizar lo que ayuda a ser responsable-eso no quiere decir que los deberes son para que los padres les ayuden a sus hijos a hacerlos o como algunos piensan para que los hagan los padres-. Recordamos que antes hab\u00eda muchos padres que no pod\u00edan ayudar bien porque su\u00a0 necesario trabajo\u00a0 casi exclusivo para el sost\u00e9n\u00a0 familiar no se lo permit\u00eda o bien porque no sab\u00eda. Y no hab\u00eda problemas. As\u00ed pues podemos deducir que algo est\u00e1 cambiando y no sabemos controlar desgraciadamente en una afortunada m\u00e1s cercana igualdad de oportunidades con la que antes no se contaba. Debemos aprender\u00a0 todos todav\u00eda muchas cosas para que funcione mejor nuestra educaci\u00f3n y no sea un suplicio el fin vacacional de unos y otros. Como dec\u00eda don Antonio Machado, no es bueno que \u201cla letra con sangre entra\u201d ni que la ense\u00f1anza sea amarga y\u00a0 produzca ansiedad. Eso no, eso lo \u00faltimo por favor padres y maestros. Concluyendo por esto hay que facilitar\u00a0 la transici\u00f3n de un periodo l\u00fadico y el laboral o de estudio.\u00a0 O lo que es lo mismo la adaptaci\u00f3n o el acompa\u00f1amiento no s\u00f3lo con los m\u00e1s peque\u00f1os sino con todo tipo de alumnado, para hacer sentir el aprendizaje de su agrado, es decir, buscar la pedagog\u00eda de la ternura y la educaci\u00f3n\u00a0 o inteligencia emocional para que todos los educandos, ni\u00f1os y adolecentes sean emp\u00e1ticos y felices en el camino del aprendizaje de la vida. Porque la escuela es la vida y la vida es escuela ya que no se puede vivir sin emociones. Finalmente para que todas las personas se sientan arropadas y apoyadas en lo cognitivo y en lo afectivo como eje vertebrador de la aut\u00e9ntica educaci\u00f3n en los conceptos, ideas y valores.<\/p>\n","protected":false},"excerpt":{"rendered":"<p>El fin de las vacaciones es algo natural, porque todo lo que comienza acaba pero as\u00ed es la vida, compuesta&hellip;<\/p>\n","protected":false},"author":2,"featured_media":2352,"comment_status":"open","ping_status":"open","sticky":false,"template":"","format":"standard","meta":{"om_disable_all_campaigns":false,"_mi_skip_tracking":false,"_monsterinsights_sitenote_active":false,"_monsterinsights_sitenote_note":"","_monsterinsights_sitenote_category":0,"footnotes":""},"categories":[21],"tags":[],"aioseo_notices":[],"_links":{"self":[{"href":"https:\/\/granadacostaglobal.es\/index.php?rest_route=\/wp\/v2\/posts\/2351"}],"collection":[{"href":"https:\/\/granadacostaglobal.es\/index.php?rest_route=\/wp\/v2\/posts"}],"about":[{"href":"https:\/\/granadacostaglobal.es\/index.php?rest_route=\/wp\/v2\/types\/post"}],"author":[{"embeddable":true,"href":"https:\/\/granadacostaglobal.es\/index.php?rest_route=\/wp\/v2\/users\/2"}],"replies":[{"embeddable":true,"href":"https:\/\/granadacostaglobal.es\/index.php?rest_route=%2Fwp%2Fv2%2Fcomments&post=2351"}],"version-history":[{"count":0,"href":"https:\/\/granadacostaglobal.es\/index.php?rest_route=\/wp\/v2\/posts\/2351\/revisions"}],"wp:featuredmedia":[{"embeddable":true,"href":"https:\/\/granadacostaglobal.es\/index.php?rest_route=\/"}],"wp:attachment":[{"href":"https:\/\/granadacostaglobal.es\/index.php?rest_route=%2Fwp%2Fv2%2Fmedia&parent=2351"}],"wp:term":[{"taxonomy":"category","embeddable":true,"href":"https:\/\/granadacostaglobal.es\/index.php?rest_route=%2Fwp%2Fv2%2Fcategories&post=2351"},{"taxonomy":"post_tag","embeddable":true,"href":"https:\/\/granadacostaglobal.es\/index.php?rest_route=%2Fwp%2Fv2%2Ftags&post=2351"}],"curies":[{"name":"wp","href":"https:\/\/api.w.org\/{rel}","templated":true}]}}