{"id":23476,"date":"2020-02-04T09:40:40","date_gmt":"2020-02-04T09:40:40","guid":{"rendered":"http:\/\/granadacostanacional.es\/?p=23476"},"modified":"2020-02-04T09:40:40","modified_gmt":"2020-02-04T09:40:40","slug":"cultivemos-la-paz","status":"publish","type":"post","link":"https:\/\/granadacostaglobal.es\/?p=23476","title":{"rendered":"CULTIVEMOS LA PAZ"},"content":{"rendered":"<p style=\"text-align: justify;\">En esta ocasi\u00f3n, como en tantas otras, volver\u00e9 a usar la palabra para condenar p\u00fablicamente las guerras, la mayor perversidad del hombre contra el hombre, y para ensalzar a los cuatro vientos la bondad, la grandeza y la generosidad, entre otras muchas cualidades todas constructivas, que llevan en sus entra\u00f1as la Paz. \u201cEn la paz, dice Herodoto, los hijos entierran a los padres; la guerra altera el orden de la naturaleza y hace que los padres entierren a sus hijos\u201d. Al evocar estas palabras del historiador griego, tambi\u00e9n han aflorado en mi mente aquellos versos del poema \u201cGuerra\u201d de Miguel Hern\u00e1ndez: \u201cEl odio sin remedio. \/ \u00bfY la juventud? \/ En el ata\u00fad\u201d.<\/p>\n<p style=\"text-align: justify;\">\u00a0\u00a0\u00a0\u00a0\u00a0\u00a0\u00a0\u00a0\u00a0\u00a0\u00a0 Aquellos que desencadenan un conflicto b\u00e9lico son seres tan malvados que, en sus mentes psic\u00f3patas, creen poder devastar y dominar aquello que, seg\u00fan ellos, no sigue la l\u00ednea marcada por su propia voluntad perversa, masacrando y exterminando a seres humanos que, como ellos, van de camino con sus luces y tinieblas en cada latido de sus corazones.<\/p>\n<p style=\"text-align: justify;\">\u00a0\u00a0\u00a0\u00a0\u00a0\u00a0\u00a0\u00a0\u00a0\u00a0\u00a0 Al finalizar la segunda d\u00e9cada de este siglo, contin\u00faan las escaladas militares cimentadas, como todas, en la maldad manifiesta, en la ambici\u00f3n de poder y en la irracionalidad exaltada de los dirigentes de las naciones involucradas en estas luchas de consecuencias funestas para los pa\u00edses en litigio y para el resto de los humanos.<\/p>\n<p style=\"text-align: justify;\">\u00a0\u00a0\u00a0\u00a0\u00a0\u00a0\u00a0\u00a0\u00a0\u00a0\u00a0 Es evidente que una declaraci\u00f3n de guerra siempre es una agresi\u00f3n a todos los pueblos del mundo. Dejemos que se oxiden las armas y se esfumen esos silencios que no llevan a parte alguna, y, si hay que luchar, es decir, acercar convicciones e ideas y entendimientos, limen asperezas, filos cortantes, v\u00e9rtices como dagas\u2026\u00a0 los dos bandos y despu\u00e9s h\u00e1ganlo con la Justicia y la Palabra. \u201cSe acierta m\u00e1s por la dulzura, confiesa Erasmo de R\u00f3tterdam, que por la acrimonia\u201d. Adem\u00e1s, y sigo con Erasmo, \u201clas dos partes creen que tienen la Justicia de su lado\u201d.<\/p>\n<p style=\"text-align: justify;\">\u00a0\u00a0\u00a0\u00a0\u00a0\u00a0\u00a0\u00a0\u00a0\u00a0\u00a0 Aportemos todos los hombres y mujeres de buena voluntad nuestro \u201cgranito de arena\u201d para que la Paz reine en nosotros y en cada uno de los pa\u00edses enclavados en los diversos continentes del mundo. Gracias a ella, la humanidad evolucionar\u00e1, desde lo fraterno y lo creativo, lo positivo y lo igualitario\u2026, para bien de todos los que formamos parte de ella y para los que ma\u00f1ana ser\u00e1n miembros de la misma. Por ello grito a toda la humanidad que \u201cla guerra es la salida cobarde, expresa Thomas Mann, a los problemas de la paz\u201d.<\/p>\n<p style=\"text-align: justify;\">\u00a0\u00a0\u00a0\u00a0\u00a0\u00a0\u00a0\u00a0\u00a0\u00a0\u00a0 No olvidemos, y tampoco aquellos que nos gobiernan, que el pueblo posee la primera y la \u00faltima palabra. Cualquier pueblo del mundo debe saber que es m\u00e1s aut\u00e9ntico y m\u00e1s venturoso y m\u00e1s pr\u00f3spero vivir con la sonrisa en los labios que con la espada en la mano. Pero, por desgracia, cu\u00e1ntas y cu\u00e1ntas personas viven de espalda a las m\u00faltiples tragedias b\u00e9licas que suceden en nuestro planeta. \u201cEntre los vivos, manifiesta Manuel Mantero, los hay m\u00e1s muertos que los muertos. Son aquellos que desayunando se informan de las matanzas previstas o ejecutadas, y no se inmutan. Seguramente est\u00e1n ya instalados en el reino de los cielos o, por lo menos, en el de la televisi\u00f3n. Muy lejos\u201d. Por ello, el individuo indiferente a los calvarios o desgracias que sufren sus coet\u00e1neos es una roca en las profundidades del abismo, un cobarde repleto de crueldad, que ni siquiera sabe que la indiferencia es una enfermedad incurable que lo tiene, en vida, ciego y anclado en su propio ego\u00edsmo, producto de una irracionalidad total.<\/p>\n<p style=\"text-align: justify;\">\n<p style=\"text-align: right;\"><strong>Carlos Ben\u00edtez Villodres<\/strong><\/p>\n","protected":false},"excerpt":{"rendered":"<p>En esta ocasi\u00f3n, como en tantas otras, volver\u00e9 a usar la palabra para condenar p\u00fablicamente las guerras, la mayor perversidad&hellip;<\/p>\n","protected":false},"author":2,"featured_media":23477,"comment_status":"open","ping_status":"open","sticky":false,"template":"","format":"standard","meta":{"om_disable_all_campaigns":false,"_mi_skip_tracking":false,"_monsterinsights_sitenote_active":false,"_monsterinsights_sitenote_note":"","_monsterinsights_sitenote_category":0,"footnotes":""},"categories":[21,30],"tags":[],"aioseo_notices":[],"_links":{"self":[{"href":"https:\/\/granadacostaglobal.es\/index.php?rest_route=\/wp\/v2\/posts\/23476"}],"collection":[{"href":"https:\/\/granadacostaglobal.es\/index.php?rest_route=\/wp\/v2\/posts"}],"about":[{"href":"https:\/\/granadacostaglobal.es\/index.php?rest_route=\/wp\/v2\/types\/post"}],"author":[{"embeddable":true,"href":"https:\/\/granadacostaglobal.es\/index.php?rest_route=\/wp\/v2\/users\/2"}],"replies":[{"embeddable":true,"href":"https:\/\/granadacostaglobal.es\/index.php?rest_route=%2Fwp%2Fv2%2Fcomments&post=23476"}],"version-history":[{"count":0,"href":"https:\/\/granadacostaglobal.es\/index.php?rest_route=\/wp\/v2\/posts\/23476\/revisions"}],"wp:featuredmedia":[{"embeddable":true,"href":"https:\/\/granadacostaglobal.es\/index.php?rest_route=\/"}],"wp:attachment":[{"href":"https:\/\/granadacostaglobal.es\/index.php?rest_route=%2Fwp%2Fv2%2Fmedia&parent=23476"}],"wp:term":[{"taxonomy":"category","embeddable":true,"href":"https:\/\/granadacostaglobal.es\/index.php?rest_route=%2Fwp%2Fv2%2Fcategories&post=23476"},{"taxonomy":"post_tag","embeddable":true,"href":"https:\/\/granadacostaglobal.es\/index.php?rest_route=%2Fwp%2Fv2%2Ftags&post=23476"}],"curies":[{"name":"wp","href":"https:\/\/api.w.org\/{rel}","templated":true}]}}