{"id":23473,"date":"2020-02-01T11:03:18","date_gmt":"2020-02-01T11:03:18","guid":{"rendered":"http:\/\/granadacostanacional.es\/?p=23473"},"modified":"2020-02-01T11:03:18","modified_gmt":"2020-02-01T11:03:18","slug":"caudal-de-sentimientos","status":"publish","type":"post","link":"https:\/\/granadacostaglobal.es\/?p=23473","title":{"rendered":"CAUDAL DE SENTIMIENTOS"},"content":{"rendered":"<p style=\"text-align: justify;\"><strong>LA VIDA ES UN SUE\u00d1O<\/strong><\/p>\n<p style=\"text-align: justify;\"><strong>Mar\u00eda Manrique<\/strong><\/p>\n<p style=\"text-align: justify;\"><strong>Editorial \u201cGranada Club Selecci\u00f3n\u201d,<\/strong><\/p>\n<p style=\"text-align: justify;\"><strong>Molv\u00edzar (Granada), 2019, p\u00e1gs. 234.<\/strong><\/p>\n<p style=\"text-align: justify;\"><strong>\u00a0<\/strong><\/p>\n<p style=\"text-align: justify;\"><strong>Carlos Ben\u00edtez Villodres<\/strong><\/p>\n<p style=\"text-align: justify;\"><strong>M\u00e1laga<\/strong><\/p>\n<p style=\"text-align: justify;\"><strong>\u00a0<\/strong><\/p>\n<p style=\"text-align: justify;\">\u201cLa vida es un sue\u00f1o\u201d se presenta en una exquisita edici\u00f3n de la reconocida y prestigiosa editorial \u201cGranada Club Selecci\u00f3n\u201d, dirigida y gestionada por Jos\u00e9 Segura Haro.<\/p>\n<p style=\"text-align: justify;\">\u00a0\u00a0\u00a0\u00a0\u00a0\u00a0\u00a0\u00a0\u00a0\u00a0\u00a0 La poes\u00eda para Mar\u00eda Manrique P\u00e9rez es luz creada que va directa al alma, donde sus rayos portadores de mensajes esparcen semillas de vida y esperanza, y maduran los frutos de lo min\u00fasculo y de lo grandioso. Frutos estos que la embellecen y la enriquecen, encumbrando e iluminando los campos que los reciben. Del mismo modo, esa luz, esos mensajes (fondo o contenido sustancial) pueden destruir aquellos frutos ya agusanados que les son perjudiciales al hombre y a la mujer, en definitiva, a los pueblos. Un poder que muy pocos reconocen, y menos a\u00fan valoran, porque son muy pocos los que se acercan a beber el agua cristalina, pura, que mana de los inagotables veneros de la poeta. Para Joseph Joubert \u201cla poes\u00eda no se puede encontrar en ninguna parte a no ser que la llevemos nosotros mismos\u201d. Y Mar\u00eda Manrique bien que la lleva en cada c\u00e9lula de su ser.<\/p>\n<p style=\"text-align: justify;\">Al sumergirnos en las aguas cristalinas de sus poemas, atisbamos una l\u00edrica cimentada en lo \u00edntegro y en lo indeleble, en lo puro y en lo trascendental, en lo admirativo y en lo reflexivo, en la idiosincrasia del ser humano y en las inc\u00f3gnitas de la propia vida&#8230;\u00a0 Por ello, en la l\u00edrica de Mar\u00eda encontramos el prodigio de la unidad perfectamente estructurada. Una unidad org\u00e1nica tejida por procedimientos conceptuales e imaginativos, sensitivos y expresivos&#8230;, cuyo n\u00facleo vital est\u00e1 formado por la introspecci\u00f3n profunda y meditativa, por la observaci\u00f3n de su entorno y del orbe y por una sensatez sublime ante la problem\u00e1tica de lo racionalmente desconocido. Es una unidad carente de recovecos y de fisuras, culminaci\u00f3n de un quehacer po\u00e9tico sorprendente, asombroso, en el que la originalidad, la belleza l\u00edrica, la musicalidad, la sencillez ling\u00fc\u00edstica, sin barroquismos ni adjetivaciones superfluas, que tanto gusta a nuestra querida poeta, el dominio del orbe literario-po\u00e9tico&#8230; est\u00e1n presentes de principio a fin.<\/p>\n<p style=\"text-align: justify;\"><a href=\"http:\/\/granadacostanacional.es\/wp-content\/uploads\/2020\/02\/La-vida-es-un-sue\u00f1o-portada-3d.jpg\"><img decoding=\"async\" loading=\"lazy\" class=\"aligncenter size-large wp-image-23474\" src=\"http:\/\/granadacostanacional.es\/wp-content\/uploads\/2020\/02\/La-vida-es-un-sue\u00f1o-portada-3d-898x1024.jpg\" alt=\"La vida es un sue\u00f1o portada 3d\" width=\"898\" height=\"1024\" \/><\/a><\/p>\n<p style=\"text-align: justify;\">\u00a0\u00a0\u00a0\u00a0\u00a0\u00a0\u00a0\u00a0\u00a0\u00a0\u00a0 Cada poema de Mar\u00eda Manrique se adentra sutilmente, como luminosidad primaveral, en las arterias y venas de la realidad cotidiana, tanto de los hombres y mujeres de nuestro tiempo como de la suya propia. Entrambas son recibidas por la poeta, para ser consciente de todo cuanto acontece a su alrededor y en su \u201cyo \u00edntimo\u201d.\u00a0 As\u00ed capta los diferentes valores que la vida alberga en cada gota de sus aguas m\u00e1gicas, como sucede en los diversos poemas que componen este magistral y preciado poemario, titulado \u201cLa vida es un sue\u00f1o\u201d. \u201cLa poes\u00eda, asevera Carmen Conde, es el sentimiento que le sobra al coraz\u00f3n y te sale por la mano\u201d.<\/p>\n<p style=\"text-align: justify;\">\u00a0\u00a0\u00a0\u00a0\u00a0\u00a0\u00a0\u00a0\u00a0\u00a0 \u00a0La creaci\u00f3n literaria de la poeta gimnesiense Mar\u00eda Manrique P\u00e9rez, afincada en Torremolinos (M\u00e1laga), es hoy, y siempre lo ser\u00e1, una de las glorias de la poes\u00eda andaluza, uno de los honores de la l\u00edrica espa\u00f1ola. Nuestra poeta es esa llama inextinguible que ilumina los mundos de las almas y de los siglos desde el cielo de sus creaciones, porque Mar\u00eda es poeta paradigm\u00e1tica del verso en plenitud de vida solidaria, comunicativa, del verso, armoniosa y profundamente, transcendental. Verso procedente de las fuentes inextinguibles de su quehacer metaf\u00edsico-po\u00e9tico. La energ\u00eda que desencadena la po\u00e9tica de Mar\u00eda Manrique fluye continuamente de su psique para, en su avance veloz y fecundo, llenar los corazones de amor a la vida, de amor a la poes\u00eda abierta, \u00fatil y luminosa, como es la suya. Ella recoge y enciende, con su magia de agua y cielos, lo que cualquier hombre o mujer no ve con los ojos del esp\u00edritu.<\/p>\n<p style=\"text-align: justify;\">\u00a0\u00a0\u00a0\u00a0\u00a0\u00a0\u00a0\u00a0\u00a0\u00a0\u00a0 El arte creativo de la poeta balear-malague\u00f1a es todo bondad en comuni\u00f3n permanente con su infinita capacidad para donar luz clara y pura. Es caminos de ventura y paz y fraternidad abiertos al ritmo que vibra la belleza, la generosidad y el entusiasmo del alma deslumbrante y de la propia naturaleza en cada amanecer. Tambi\u00e9n es potencia c\u00f3smica, emisora y receptiva, para crear mundos nuevos, inundados de realidades hermosas, esperanza, alegr\u00eda y sonrisas sobre este nuestro planeta, en definitiva, la poes\u00eda de Mar\u00eda Manrique tiene la misma riqueza espiritual que posee en su ser, mixturada con la sapiencia, la inquietud, el coraje y el \u00edmpetu que la capacitan para abrir puertas y ventanas fraternales en amurallados corazones repletos de cardos y ortigas.<\/p>\n<p style=\"text-align: justify;\">\u00a0\u00a0\u00a0\u00a0\u00a0\u00a0\u00a0\u00a0\u00a0\u00a0\u00a0 Mar\u00eda Manrique es una poeta que escribe sus versos con talento creador y elegancia, lo cual es muy dif\u00edcil encontrar en la poes\u00eda actual y en la de d\u00e9cadas anteriores. La autora crea sus poemas con un l\u00e9xico y unas figuras exuberantes que elaboran unas im\u00e1genes po\u00e9ticas, sugerentes y meditativas, donde el virtuosismo l\u00edrico se halla presente tanto en la forma como en el contenido. Asimismo, una de las aspiraciones conscientes de la poeta es su aportaci\u00f3n novedosa, sorprendente, a cada una de sus creaciones, logr\u00e1ndolo con eficacia y eficiencia sumas.<\/p>\n<p style=\"text-align: justify;\">Ciertamente, las creaciones po\u00e9ticas de Mar\u00eda, impecables y trepidantes, fluyen de sus valores personales y literarios, de su rigor en el pensamiento y la expresi\u00f3n, de los an\u00e1lisis exhaustivos de sus captaciones naturales\u2026, en definitiva, de su inmensa riqueza an\u00edmica. El resultado es un apabullante para\u00edso de poemas en el que se nota la pasi\u00f3n de la poeta por vivir en poes\u00eda. Por ello, en pleno auge del mundo virtual, la inspiraci\u00f3n reflexiva de Mar\u00eda Manrique posee esa fuerza y sentido que proporcionan al lector ideas y percepciones y sensaciones que no le permiten proseguir, con indiferencia, su camino.<\/p>\n<p style=\"text-align: justify;\">La singularidad rige todos los componentes de esta obra, gracias a los cuales se reconoce el p\u00e1lpito emotivo de la autora, ese esfuerzo por recrear literariamente su autenticidad y experiencia, sus evocaciones y deseos, sus inquietudes y liberalizaciones vitales\u2026desde lo m\u00e1s \u00edntimo de su conciencia.<\/p>\n<p style=\"text-align: justify;\">Mar\u00eda Manrique, mujer de ternura m\u00e1gica y de marcado dinamismo, alma al desnudo, sorprende por su tersura po\u00e9tica-musical, don especial que se le entrega al artista antes de ver la luz por vez primera y que, posterior y constantemente, cultiva lo mejor posible para hacer bien sus creaciones po\u00e9ticas.<\/p>\n<p style=\"text-align: justify;\">El pr\u00f3logo de \u201cLa vida es sue\u00f1o\u201d lo escribi\u00f3 la insigne escritora y periodista Soledad Durnes Casa\u00f1al. En \u00e9l nos refiere: \u201cEste libro tuyo, que encierra pensamientos abiertos y escritos con el coraz\u00f3n, donde expresas alegr\u00edas, tristezas, vivencias, deseos, es una redacci\u00f3n variable hecha con mucha motivaci\u00f3n y sencillez\u2026\u201d.<\/p>\n<p style=\"text-align: justify;\">El presente poemario consta de 216 poemas monoestr\u00f3ficos, escritos con versos libres. Cada poema est\u00e1 ilustrado con una fotograf\u00eda, o un dibujo, o una pintura.<\/p>\n","protected":false},"excerpt":{"rendered":"<p>LA VIDA ES UN SUE\u00d1O Mar\u00eda Manrique Editorial \u201cGranada Club Selecci\u00f3n\u201d, Molv\u00edzar (Granada), 2019, p\u00e1gs. 234. \u00a0 Carlos Ben\u00edtez Villodres&hellip;<\/p>\n","protected":false},"author":2,"featured_media":944,"comment_status":"open","ping_status":"open","sticky":false,"template":"","format":"standard","meta":{"om_disable_all_campaigns":false,"_mi_skip_tracking":false,"_monsterinsights_sitenote_active":false,"_monsterinsights_sitenote_note":"","_monsterinsights_sitenote_category":0,"footnotes":""},"categories":[21,30],"tags":[],"aioseo_notices":[],"_links":{"self":[{"href":"https:\/\/granadacostaglobal.es\/index.php?rest_route=\/wp\/v2\/posts\/23473"}],"collection":[{"href":"https:\/\/granadacostaglobal.es\/index.php?rest_route=\/wp\/v2\/posts"}],"about":[{"href":"https:\/\/granadacostaglobal.es\/index.php?rest_route=\/wp\/v2\/types\/post"}],"author":[{"embeddable":true,"href":"https:\/\/granadacostaglobal.es\/index.php?rest_route=\/wp\/v2\/users\/2"}],"replies":[{"embeddable":true,"href":"https:\/\/granadacostaglobal.es\/index.php?rest_route=%2Fwp%2Fv2%2Fcomments&post=23473"}],"version-history":[{"count":0,"href":"https:\/\/granadacostaglobal.es\/index.php?rest_route=\/wp\/v2\/posts\/23473\/revisions"}],"wp:featuredmedia":[{"embeddable":true,"href":"https:\/\/granadacostaglobal.es\/index.php?rest_route=\/"}],"wp:attachment":[{"href":"https:\/\/granadacostaglobal.es\/index.php?rest_route=%2Fwp%2Fv2%2Fmedia&parent=23473"}],"wp:term":[{"taxonomy":"category","embeddable":true,"href":"https:\/\/granadacostaglobal.es\/index.php?rest_route=%2Fwp%2Fv2%2Fcategories&post=23473"},{"taxonomy":"post_tag","embeddable":true,"href":"https:\/\/granadacostaglobal.es\/index.php?rest_route=%2Fwp%2Fv2%2Ftags&post=23473"}],"curies":[{"name":"wp","href":"https:\/\/api.w.org\/{rel}","templated":true}]}}