{"id":23465,"date":"2020-01-31T13:06:27","date_gmt":"2020-01-31T13:06:27","guid":{"rendered":"http:\/\/granadacostanacional.es\/?p=23465"},"modified":"2020-01-31T13:06:27","modified_gmt":"2020-01-31T13:06:27","slug":"calle-pilar-y-calle-clavel-itrabo","status":"publish","type":"post","link":"https:\/\/granadacostaglobal.es\/?p=23465","title":{"rendered":"CALLE PILAR Y CALLE CLAVEL (\u00cdTRABO)"},"content":{"rendered":"<p style=\"text-align: justify;\">A mis buenos amigos Fabi\u00e1n S\u00e1nchez L\u00f3pez y su esposa Mari Carmen Cobos.<\/p>\n<p style=\"text-align: justify;\"><strong>\u00a0<\/strong><\/p>\n<p style=\"text-align: justify;\"><strong>D<\/strong>ebido a que la mayor\u00eda de las calles de \u00cdtrabo son de recorrido corto, con una estructura arquitect\u00f3nica delirante, con callejones que surgen donde menos te lo esperas, esta poblaci\u00f3n no es diferente a miles de pueblos de igual dise\u00f1o a lo largo y ancho de toda Andaluc\u00eda. Su arquitectura es una prueba fehaciente de sus or\u00edgenes, donde predomina un entramado t\u00edpicamente morisco. Son calles estrechas ya que la idea era dejar entre los edificios un espacio lo m\u00e1s estrecho posible para preservarlos de la inclemencia del sol en verano. Por donde solamente pod\u00edan transitar sin peligro alguno los animales de carga. Por lo que me hace pensar que, en estas calles estrechas y callejones, se asentaron los primitivos habitantes de \u00cdtrabo. El \u00abal-Itrab\u00ed\u00bb que menciona al-Idrisi en su libro de itinerarios en el siglo XII y otros estudiosos musulmanes de aquella \u00e9poca. (Esos datos hist\u00f3ricos los escribir\u00e9 ampliamente en la \u00faltima entrega de estas cr\u00f3nicas). Antes de la llegada de los castellanos.<\/p>\n<p style=\"text-align: justify;\">Posteriormente, y en el transcurso de los siglos, se fueron construyendo las calles con un trazado m\u00e1s ancho, pero aprovechando al m\u00e1ximo el terreno menos productivo y pedregoso. En donde, posiblemente, se constru\u00edan las casas de los itrabe\u00f1os m\u00e1s acomodados, relegando a las calles m\u00e1s estrechas y callejones a los habitantes m\u00e1s d\u00e9biles econ\u00f3micamente. Desde hace varias d\u00e9cadas, el pueblo se ha esponjado, ya que las nuevas urbanizaciones y calles se han adaptado a los nuevos tiempos, en los que los animales de carga han desaparecido y predominan los veh\u00edculos de motor para poder realizar las tareas del campo en todas sus variantes. Esto ha propiciado, tambi\u00e9n, que algunos agricultores tengan que dejar sus veh\u00edculos lejos de su residencia, porque a donde viven pod\u00edan llegar las bestias de carga, pero no un todoterreno. A veces se obtienen unas cosas, pero se pierden otras. En las que animal y hombre eran imprescindibles el uno para el otro.<\/p>\n<p style=\"text-align: justify;\">\u00a0\u00a0\u00a0\u00a0\u00a0\u00a0\u00a0\u00a0\u00a0\u00a0\u00a0 \u00a0\u00a0 La calle Pilar parte desde la calle Federico Garc\u00eda Lorca y desemboca en la calle Pablo Picasso. En su comienzo y como vamos ascendiendo hacia arriba, hay diferentes interposiciones de izquierda a derecha, aunque esta peque\u00f1a calle de trazado desigual no tiene ning\u00fan callej\u00f3n tan caracter\u00edstico en \u00cdtrabo. En su comienzo y a la izquierda estaba (hoy en d\u00eda todav\u00eda est\u00e1, aunque ya no funciona) la panader\u00eda de Fabi\u00e1n S\u00e1nchez (conocida popularmente como la \u00abTahona\u00bb), que se la dio por herencia a su hijo Fabi\u00e1n S\u00e1nchez L\u00f3pez, que la ha estado regentando hasta hace unos a\u00f1os, una vez lleg\u00f3 (\u00bf) su jubilaci\u00f3n. Somos amigos desde muy j\u00f3venes. Debo destacar que Fabi\u00e1n es un magn\u00edfico pintor. Particularmente me gustan mucho sus bodegones y se deben reconocer sus m\u00e9ritos ya que es totalmente autodidacta y jam\u00e1s ha ido a tomar clases de dibujo. En la tahona, en las tardes de invierno, no era raro ver a algunas personas junto al horno en donde uno se encontraba a gusto alejado del fr\u00edo. \u00a1Cu\u00e1ntos recuerdos! Fabi\u00e1n est\u00e1 casado con Mari Carmen Cobos, hija de Paco el boticario y su esposa Filomena, cuya referencia sobre ellos la hice en la cr\u00f3nica de la calle Granada. En el edificio de la panader\u00eda y durante bastantes a\u00f1os, estuvo el estanco, que regentaba Mari Carmen. Anteriormente a la panader\u00eda fue un teatro, donde se daban comedias y espect\u00e1culos relacionados con el entretenimiento. El edificio lo compro Fabi\u00e1n S\u00e1nchez (padre) para construir la panader\u00eda y, sobre esta, la vivienda. Al lado de la panader\u00eda, en la pared \u2013como vamos subiendo por la calle\u2013, existe una hornacina con una imagen de la Virgen del Carmen (aprovechando el hueco de la ventanilla donde se vend\u00edan las entradas para entrar en el teatro). La imagen de la Virgen del Carmen se la regal\u00f3 a Mari Carmen su hermana In\u00e9s.<\/p>\n<p style=\"text-align: justify;\"><a href=\"http:\/\/granadacostanacional.es\/wp-content\/uploads\/2020\/01\/C-Pilar.jpg\"><img decoding=\"async\" loading=\"lazy\" class=\"aligncenter size-large wp-image-23467\" src=\"http:\/\/granadacostanacional.es\/wp-content\/uploads\/2020\/01\/C-Pilar-1024x593.jpg\" alt=\"C Pilar\" width=\"1024\" height=\"593\" \/><\/a><\/p>\n<p style=\"text-align: justify;\"><a href=\"http:\/\/granadacostanacional.es\/wp-content\/uploads\/2020\/01\/C-Pilar-3.jpg\"><img decoding=\"async\" loading=\"lazy\" class=\"aligncenter size-large wp-image-23462\" src=\"http:\/\/granadacostanacional.es\/wp-content\/uploads\/2020\/01\/C-Pilar-3-1024x682.jpg\" alt=\"C Pilar 3\" width=\"1024\" height=\"682\" \/><\/a><\/p>\n<p style=\"text-align: justify;\"><a href=\"http:\/\/granadacostanacional.es\/wp-content\/uploads\/2020\/01\/C-Pilar-2.jpg\"><img decoding=\"async\" loading=\"lazy\" class=\"aligncenter size-large wp-image-23461\" src=\"http:\/\/granadacostanacional.es\/wp-content\/uploads\/2020\/01\/C-Pilar-2-682x1024.jpg\" alt=\"C Pilar (2)\" width=\"682\" height=\"1024\" \/><\/a><\/p>\n<p style=\"text-align: center;\">Calle Pilar<\/p>\n<p style=\"text-align: justify;\">A la derecha como vamos ascendiendo se encuentra la casa de la familia \u00abLos chisme\u00bb, emparentada con mi padre. Un poco m\u00e1s arriba, viv\u00eda la familia de los \u00abQuintanas\u00bb, recuerdo que, siendo yo un muchacho, falleci\u00f3 un hijo de esta familia, que era pastor de cabras, con 12 o 13 a\u00f1os, cuyo deceso fue muy sentido por toda la poblaci\u00f3n.<\/p>\n<p style=\"text-align: justify;\">\u00a0\u00a0\u00a0\u00a0\u00a0\u00a0\u00a0\u00a0\u00a0\u00a0\u00a0 A partir de aqu\u00ed, la calle es llana hasta la calle Pablo Picasso. En este tramo viv\u00edan varias familias destacadas del pueblo, a la derecha estaba la casa de do\u00f1a Soledad, una hermana de esta se\u00f1ora estaba casada con el alcalde de Salobre\u00f1a, don Fernando Vinuesa. Recuerdo que, en uno de mis viajes a \u00cdtrabo, estuve en esta casa, pues mi amigo Fabi\u00e1n quer\u00eda que viese algunos de los cuadros que ten\u00eda esta se\u00f1ora, que viv\u00eda con dos sobrinas: Rosita y Conchi (\u00bf). Verdaderamente, eran cuadros de un gran valor, por lo que le aconsej\u00e9 que deber\u00edan ser vistos por una persona entendida en la materia. S\u00ed se notaba que los cuadros eran antiqu\u00edsimos, la firma de los autores no se distingu\u00eda bien, comentamos que necesitaban ser restaurados. Hoy en d\u00eda, en esa casa vive la madre del alcalde actual de \u00cdtrabo, D. Antonio Jes\u00fas Carrascosa Valverde. Un poco m\u00e1s adelante viv\u00eda la familia de los \u00abZurras\u00bb, uno de sus hijos tiene un restaurante en la playa de Velilla (Almu\u00f1\u00e9car): Casa Paco. Y al final de la calle estaba la casa de la se\u00f1ora Victoria, que ten\u00edan una tienda de ultramarinos. Su marido fue D. Antonio Garc\u00eda Cuadra. Su hija Victoria se cas\u00f3 con un hijo de \u00abMariquita la Pul\u00eda\u00bb de nombre Paco. Esta familia, como tantas otras, de un poder adquisitivo alto, desapareci\u00f3 del pueblo; una vez fallecidos los padres, los hijos emigraron al no querer cuidar de las tierras heredadas. Victoria se fue a vivir a Motril.<\/p>\n<p style=\"text-align: justify;\"><strong>Calle Clavel. Popularmente conocida como calle \u00abEl Meneo\u00bb<\/strong>. Por mucho que he preguntado nadie, sabe el porqu\u00e9 de ese nombre, si en su momento hubo alg\u00fan hecho destacado para tal nombre, debe ser muy antiguo, nadie recuerda por qu\u00e9 fue. Pero el nombre ha quedado firmemente arraigado en la memoria los habitantes de \u00cdtrabo. Desde ni\u00f1o siempre se la llamaba as\u00ed y su nombre oficial solamente quedaba para los documentos y las cartas.<\/p>\n<p style=\"text-align: justify;\"><a href=\"http:\/\/granadacostanacional.es\/wp-content\/uploads\/2020\/01\/C-Clavel.jpg\"><img decoding=\"async\" loading=\"lazy\" class=\"aligncenter size-large wp-image-23466\" src=\"http:\/\/granadacostanacional.es\/wp-content\/uploads\/2020\/01\/C-Clavel-682x1024.jpg\" alt=\"C Clavel\" width=\"682\" height=\"1024\" \/><\/a><\/p>\n<p style=\"text-align: justify;\">\u00a0\u00a0\u00a0\u00a0\u00a0\u00a0\u00a0\u00a0\u00a0\u00a0\u00a0 \u00a0 Es una calle casi llana ya que, aunque ascendente, parte de la calle Pilar y desemboca al empiece de la calle Cuesta Era. Al principio de esta calle y a la izquierda viv\u00eda Jos\u00e9 \u00abZapata\u00bb. Un poco m\u00e1s arriba a la derecha, hay un callej\u00f3n sin salida en donde hab\u00eda varias casas habitadas, en una de ellas viv\u00eda \u00abAlberto\u00bb, que estaba casado con una se\u00f1ora apodada Mar\u00eda \u00abLa Rebellina\u00bb. Recuerdo que, siendo yo un ni\u00f1o, esta familia se march\u00f3 para Argentina \u2013al menos ese era su deseo\u2013. Recuerdo que iban llorando al pasar bajo la casa de mis abuelos, iban andando hasta Almu\u00f1\u00e9car y desde all\u00ed en alg\u00fan coche o autob\u00fas, hasta M\u00e1laga y desde all\u00ed, subir\u00edan en alg\u00fan barco hasta Argentina. No s\u00e9 lo que sucedi\u00f3, la verdad es que por alg\u00fan motivo de all\u00ed no pasaron y volvieron a recorrer el camino andado para volver a \u00cdtrabo. \u2013Me han contado recientemente que, cuando llegaron al puerto de M\u00e1laga, el barco hac\u00eda ya varias horas que se hab\u00eda marchado\u2013. O \u00bfser\u00eda por la a\u00f1oranza? Quiz\u00e1s la tristeza de pensar que ya nunca m\u00e1s volver\u00edan a ver a sus familiares hizo que no se fueran a una tierra para \u00e9l y su familia desconocida. \u00a1M\u00e1s vale malo conocido que bueno por conocer!, pensar\u00edan. Hoy en la localidad viven dos de sus hijos, otros emigraron. Eran \u2013qu\u00e9 duda cabe\u2013 buenas y sencillas personas.<\/p>\n<p style=\"text-align: justify;\">\u00a0\u00a0\u00a0\u00a0\u00a0\u00a0\u00a0\u00a0\u00a0\u00a0\u00a0 Siguiendo por esta calle y a la izquierda viv\u00eda la familia de Emilio, al que mataron los maquis en el \u00abNacimiento\u00bb. Una tarde ven\u00eda con una hija peque\u00f1a de un cortijo que ten\u00eda en el pago de \u00abHubrite\u00bb o \u00abJurite\u00bb, junto con otras personas. Los maquis obligaron a los otros hombres (entre ellos a mi t\u00edo Antonio Alabarces Montes) y a la ni\u00f1a a que siguieran hacia el pueblo. No hab\u00edan andado cuatro pasos cuando oyeron los disparos que acabaron con la vida de Emilio. Pienso que la pobre ni\u00f1a nunca habr\u00e1 podido olvidar aquel suceso. Recuerdo a algunos de sus hijos: Celeste, que era una muchacha muy guapa, y a Emilio. M\u00e1s arriba viv\u00eda la familia de Antonio Ruiz, su hijo Antonio se cas\u00f3 con una muchacha de Jete y all\u00ed se qued\u00f3 a vivir. Hace unos cuantos a\u00f1os qued\u00f3 viudo. Su esposa se llamaba Paquita L\u00f3pez y era hermana de la esposa de mi t\u00edo Ram\u00f3n, de nombre Concha L\u00f3pez, por lo que a Paquita la vi con bastante asiduidad en mis visitas a Jete.<\/p>\n<p style=\"text-align: justify;\">Entre otras familias que recuerdo, la de \u00abFalucho\u00bb. La de Juan \u00abEl sacrist\u00e1n\u00bb, que sol\u00eda cantar en la iglesia, en las misas solemnes y en los funerales. Ten\u00eda voz de bar\u00edtono y era muy agradable escucharle cantar en lat\u00edn. Creo que el d\u00eda que este se\u00f1or cantaba en la iglesia, esta se llenaba a tope. Termin\u00f3 emigrando a Barcelona y, si mal no recuerdo, as\u00ed me lo contaron,\u00a0<em>muri\u00f3 en un accidente de trabajo (\u00bf)<\/em>. Exist\u00edan en esta calle algunas familias m\u00e1s, pero mis recuerdos de ellas son muy endebles. Quiz\u00e1s habr\u00eda que destacar a alguna otra familia, pero en vano intento recordar y solamente encuentro un tupido velo. S\u00ed recuerdo, pero esto es posterior, que en esta calle hab\u00eda una tienda donde se vend\u00edan productos derivados del cerdo. Lo s\u00e9 porque, en algunas de mis visitas a \u00cdtrabo, he comprado en esta tienda: morcilla, longaniza y salchich\u00f3n de inmejorable calidad. La se\u00f1ora que regentaba la tienda es de la poblaci\u00f3n de Los Gu\u00e1jares, que se cas\u00f3 con un se\u00f1or del pueblo. Hace ya unos pocos a\u00f1os cerr\u00f3 la tienda, pienso que a lo mejor ha sido por las trabas de no poder matar a los cerdos en la poblaci\u00f3n. Para poder tener la materia prima para los embutidos deb\u00edan llevar a sacrificar los cerdos a Motril. Un quebradero de cabeza y, sobre todo, gastos a\u00f1adidos. Pero las normas establecidas por la Junta de Andaluc\u00eda hay que cumplirlas. La calle termina en una extra\u00f1\u00edsima calleja que va a parar a la calle Cuesta Era. Hasta la pr\u00f3xima cr\u00f3nica.<\/p>\n<p style=\"text-align: justify;\">Pr\u00f3xima cr\u00f3nica: calle Zanja y Villa.<\/p>\n<p style=\"text-align: right;\"><em><strong>Marcelino Arellano Alabarces<\/strong><\/em><\/p>\n<p style=\"text-align: right;\"><em><strong>Palma de Mallorca<\/strong><\/em><\/p>\n","protected":false},"excerpt":{"rendered":"<p>A mis buenos amigos Fabi\u00e1n S\u00e1nchez L\u00f3pez y su esposa Mari Carmen Cobos. \u00a0 Debido a que la mayor\u00eda de&hellip;<\/p>\n","protected":false},"author":2,"featured_media":23462,"comment_status":"open","ping_status":"open","sticky":false,"template":"","format":"standard","meta":{"om_disable_all_campaigns":false,"_mi_skip_tracking":false,"_monsterinsights_sitenote_active":false,"_monsterinsights_sitenote_note":"","_monsterinsights_sitenote_category":0,"footnotes":""},"categories":[21,30],"tags":[47,43,45],"aioseo_notices":[],"_links":{"self":[{"href":"https:\/\/granadacostaglobal.es\/index.php?rest_route=\/wp\/v2\/posts\/23465"}],"collection":[{"href":"https:\/\/granadacostaglobal.es\/index.php?rest_route=\/wp\/v2\/posts"}],"about":[{"href":"https:\/\/granadacostaglobal.es\/index.php?rest_route=\/wp\/v2\/types\/post"}],"author":[{"embeddable":true,"href":"https:\/\/granadacostaglobal.es\/index.php?rest_route=\/wp\/v2\/users\/2"}],"replies":[{"embeddable":true,"href":"https:\/\/granadacostaglobal.es\/index.php?rest_route=%2Fwp%2Fv2%2Fcomments&post=23465"}],"version-history":[{"count":0,"href":"https:\/\/granadacostaglobal.es\/index.php?rest_route=\/wp\/v2\/posts\/23465\/revisions"}],"wp:featuredmedia":[{"embeddable":true,"href":"https:\/\/granadacostaglobal.es\/index.php?rest_route=\/"}],"wp:attachment":[{"href":"https:\/\/granadacostaglobal.es\/index.php?rest_route=%2Fwp%2Fv2%2Fmedia&parent=23465"}],"wp:term":[{"taxonomy":"category","embeddable":true,"href":"https:\/\/granadacostaglobal.es\/index.php?rest_route=%2Fwp%2Fv2%2Fcategories&post=23465"},{"taxonomy":"post_tag","embeddable":true,"href":"https:\/\/granadacostaglobal.es\/index.php?rest_route=%2Fwp%2Fv2%2Ftags&post=23465"}],"curies":[{"name":"wp","href":"https:\/\/api.w.org\/{rel}","templated":true}]}}