{"id":23411,"date":"2020-01-28T12:59:22","date_gmt":"2020-01-28T12:59:22","guid":{"rendered":"http:\/\/granadacostanacional.es\/?p=23411"},"modified":"2020-01-28T12:59:22","modified_gmt":"2020-01-28T12:59:22","slug":"educar-empatizar-algo-mas-que-ensenar-normas","status":"publish","type":"post","link":"https:\/\/granadacostaglobal.es\/?p=23411","title":{"rendered":"Educar&#8230; Empatizar&#8230; Algo m\u00e1s que ense\u00f1ar normas."},"content":{"rendered":"<table style=\"height: 237px;\" width=\"588\">\n<tbody>\n<tr>\n<td width=\"536\">La educaci\u00f3n en sentido amplio es integral, hoy no se cuestiona el hecho que educar en emociones o valores nos hacer m\u00e1s personas, y que la necesidad de cooperaci\u00f3n, solidaridad y responsabilidad con todo lo que concierne a propios y ajenos es considerado un bien com\u00fan.<\/p>\n<p style=\"text-align: justify;\">Y en esta tarea, los profesionales de la educaci\u00f3n: <em>Padres y sociedad en general somos parte activa en idearios de vida y formaci\u00f3n que aseguren la convivencia bajo el respeto y la equidad.<\/em><\/p>\n<\/td>\n<\/tr>\n<\/tbody>\n<\/table>\n<p><a href=\"http:\/\/granadacostanacional.es\/wp-content\/uploads\/2020\/01\/12440529_10208406860278591_9015540529653685589_o.jpg\"><img decoding=\"async\" loading=\"lazy\" class=\"size-medium wp-image-23414 alignleft\" src=\"http:\/\/granadacostanacional.es\/wp-content\/uploads\/2020\/01\/12440529_10208406860278591_9015540529653685589_o-300x300.jpg\" alt=\"12440529_10208406860278591_9015540529653685589_o\" width=\"300\" height=\"300\" \/><\/a><\/p>\n<p style=\"text-align: justify;\">\u00a0Por To\u00f1y Castillo<\/p>\n<p style=\"text-align: justify;\">La capacidad de apreciar, reconocer los sentimientos propios y ser capaces de empatizar con sentimientos ajenos, comporta centrar la educaci\u00f3n en la persona y desde la persona, ya que dependiendo de c\u00f3mo posicionemos y gestionemos nuestras emociones estaremos en disposici\u00f3n de proyectar la mirada hacia el otro. Teniendo gran importancia la necesidad de trabajar desde el impulso de la asertividad, lo que har\u00e1 de nuestros\u00a0 hijos o alumnos\u00a0 personas con m\u00e1s o menos capacidad y habilidad social.<\/p>\n<p style=\"text-align: justify;\">El t\u00e9rmino utilizado por Daniel Coleman \u201cEducaci\u00f3n Socioemocional\u201d nos situaba ante la necesidad de plantear la educaci\u00f3n con may\u00fasculas, bajo cinco competencias b\u00e1sicas:<\/p>\n<ol style=\"text-align: justify;\">\n<li>La conciencia emocional, que supone el ser consciente de nuestros propios sentimientos y de los ajenos.<\/li>\n<li>Regulaci\u00f3n emocional, por la cual se controlan impulsos y se adquieren y posibilitan emociones positivas.<\/li>\n<li>Autonom\u00eda personal que nos permite gestionar la autoestima, la seguridad, el positivismo y la motivaci\u00f3n.<\/li>\n<li>Habilidades sociales que nos permitan la asertividad, la resoluci\u00f3n de situaciones no exentas de conflictos y el trabajo colaborativo.<\/li>\n<li>Conjunto de destrezas que ayuden a mantener una vida equilibrada y que faciliten el bienestar personal y social.<\/li>\n<\/ol>\n<p style=\"text-align: justify;\">Todas las personas tenemos virtudes y defectos, as\u00ed como, diferentes maneras de reaccionar delante de situaciones concretas.<\/p>\n<p style=\"text-align: justify;\"><a href=\"http:\/\/granadacostanacional.es\/wp-content\/uploads\/2020\/01\/100_0462.jpg\"><img decoding=\"async\" loading=\"lazy\" class=\"alignnone size-medium wp-image-23417 alignleft\" src=\"http:\/\/granadacostanacional.es\/wp-content\/uploads\/2020\/01\/100_0462-300x225.jpg\" alt=\"100_0462\" width=\"300\" height=\"225\" \/><\/a>Para un ni\u00f1o en edades muy tempranas \u00a0le es dif\u00edcil distinguir de manera clara cuando una actuaci\u00f3n es correcta o no, adquiriendo importancia las emociones que puede representar o experimentar ante el hecho en cuesti\u00f3n, por tal motivo es necesario que los padres, tutores o personas con las cuales el ni\u00f1o ha desarrollado un vinculo afectivo les ayuden haci\u00e9ndoles de gu\u00eda en aquellos valores y el camino adecuado que le ayudara a crecer como persona.<\/p>\n<p style=\"text-align: justify;\">El ense\u00f1ar buenos h\u00e1bitos de comportamiento, donde nuestro ejemplo sea una fuente de riqueza, empat\u00eda y generosidad es un excelente medio para formar educando.<\/p>\n<p style=\"text-align: justify;\">Los educadores no podemos obviar que educar es un proceso continuo de aprendizajes y tenemos el compromiso de educar moralmente, no se puede quedar simplemente en el ejercicio de la transmisi\u00f3n de determinados c\u00f3digos.-<\/p>\n<p style=\"text-align: justify;\">Educar es ense\u00f1ar valores y responsabilidades, en ocasiones, el t\u00e9rmino solo se utiliza para designar aquellos conocimientos o habilidades sociales necesarias en nuestra cotidianidad, ser educados o educadas va m\u00e1s all\u00e1 de h\u00e1bitos de cortes\u00eda o ser y actuar de una manera atenta.<\/p>\n<p style=\"text-align: justify;\"><a href=\"http:\/\/granadacostanacional.es\/wp-content\/uploads\/2020\/01\/2.jpg\"><img decoding=\"async\" loading=\"lazy\" class=\"alignnone size-medium wp-image-23419 alignleft\" src=\"http:\/\/granadacostanacional.es\/wp-content\/uploads\/2020\/01\/2-300x225.jpg\" alt=\"2\" width=\"300\" height=\"225\" \/><\/a>La educaci\u00f3n en valores tiene que estar presente en cualquier ideario familiar y escolar desde edades tempranas, bajo el objetivo de ayudar a formar personas coherentes, emp\u00e1ticas y responsables.<\/p>\n<p style=\"text-align: justify;\">\u00a0Si del t\u00e9rmino educaci\u00f3n hablamos, es necesario enmarcarlo dentro de cualquier contexto formal y no formal donde se potencie el crecimiento global del ni\u00f1o<a href=\"#_ftn1\" name=\"_ftnref1\">[1]<\/a>, ya que la formaci\u00f3n en contextos reflexivos, cr\u00edticos y emocionales puede generar respuestas asertivas y principios basados en el bienestar hacia uno mismo y los dem\u00e1s.<\/p>\n<p style=\"text-align: justify;\">El ni\u00f1o, durante su desarrollo, presenta una serie de necesidades que deben ir cubri\u00e9ndose durante su infancia y adolescencia. Una situaci\u00f3n de carencia de las mismas puede dar lugar a una larga lista de problem\u00e1ticas asociadas y deben tenerse en cuenta factores que inciden en\u00a0 su\u00a0 bienestar y se enmarcan como estresantes, con consecuencias personales, sociales y psicopatol\u00f3gicas.<\/p>\n<p style=\"text-align: justify;\">Es necesario educar desde el derecho y la responsabilidad personal hacia el buen propio y el com\u00fan.\u00a0 Siendo la empat\u00eda elemento b\u00e1sico del proceso.<\/p>\n<p style=\"text-align: justify;\">Reconociendo la empat\u00eda como\u00a0 la voluntad que se realiza para captar, entender y reconocer los sentimientos de otras personas y los acontecimientos que las rodean.<\/p>\n<p style=\"text-align: justify;\">\u00a0En alguna ocasi\u00f3n o\u00edmos hablar de la empat\u00eda como:<\/p>\n<p style=\"text-align: justify;\"><em>El sentir lo que otras personas sienten;<\/em><em> esto no es correcto y adem\u00e1s reducir\u00edamos el t\u00e9rmino a un proceso emocional -nadie puede sentir exactamente lo que siente otra persona, debido a que no es la otra persona-.<\/em><\/p>\n<p style=\"text-align: justify;\"><a href=\"http:\/\/granadacostanacional.es\/wp-content\/uploads\/2020\/01\/1564498357_517563_1564498470_noticia_normal.jpg\"><img decoding=\"async\" loading=\"lazy\" class=\"alignnone size-medium wp-image-23418 alignleft\" src=\"http:\/\/granadacostanacional.es\/wp-content\/uploads\/2020\/01\/1564498357_517563_1564498470_noticia_normal-300x200.jpg\" alt=\"1564498357_517563_1564498470_noticia_normal\" width=\"300\" height=\"200\" \/><\/a>Los ni\u00f1os y j\u00f3venes son \u00fanicos, viven y sienten de manera diferenciada, no hay dos personas iguales y nos hacemos personas creciendo con aciertos y errores, viviendo\u00a0 y conviviendo con nuestras carencias y habilidades donde el sentirnos queridos es la base de nuestras motivaciones y las notas de nuestros hijos\u00a0 son el reflejo de sus propios intereses y su visi\u00f3n de el mismo y el mundo\u00a0 y de la mano que podamos brindarles.<\/p>\n<p style=\"text-align: justify;\">Todos y cada uno de nosotros, necesitamos sentirnos queridos, parte importante de un entorno. Esta b\u00fasqueda de toda persona se ve incrementada a medida que aparecen los conflictos del vivir y la sensaci\u00f3n de ser querido es un est\u00edmulo y a la vez, un apoyo para enfrentar situaciones dif\u00edciles.<\/p>\n<p style=\"text-align: justify;\">Hemos de remarcar la importancia de educar a nuestros hijos o alumnos\u00a0 en valores que le forjen como persona pero siendo conscientes de que nosotros los educadores somos el espejo en el cual ellos se miraran, por tanto las buenas actitudes delante de ellos son imprescindibles en su formaci\u00f3n donde hemos de educar en el respeto hacia uno mismo, la convivencia, el esfuerzo, la tolerancia,\u00a0 la equidad o responsabilidad personal y social entre otros.<\/p>\n<p style=\"text-align: justify;\">Al hablar de valores nos referimos a la escala \u00e9tica-moral que toda persona tiene en comportamientos, actuaciones y normas de vida, esta puede estar condicionada por la educaci\u00f3n recibida en su entorno social, familiar, escolar\u2026 desde edades tempranas, y que incidir\u00e1 en el concepto de lo aceptable\/no aceptable, lo bueno\/lo malo\u00a0 forjando idearios y modos de entender la vida.<\/p>\n<table style=\"height: 209px;\" width=\"589\">\n<tbody>\n<tr>\n<td width=\"538\">Es imprescindible que, en el desarrollo integral de las personas, se fortalezcan los valores de responsabilidad social, cohesi\u00f3n y equidad, con la intencionalidad de convivir en una sociedad donde valores de solidaridad e igualdad sean la base donde se fundamente el bien com\u00fan.<\/p>\n<p>&nbsp;<\/td>\n<\/tr>\n<\/tbody>\n<\/table>\n<p>&nbsp;<\/p>\n<p style=\"text-align: justify;\"><a href=\"#_ftnref1\" name=\"_ftn1\">[1]<\/a> Se utiliza la forma gen\u00e8rica,atendido por ni\u00f1o a a totalidad de ninos\/as<\/p>\n","protected":false},"excerpt":{"rendered":"<p>La educaci\u00f3n en sentido amplio es integral, hoy no se cuestiona el hecho que educar en emociones o valores nos&hellip;<\/p>\n","protected":false},"author":4,"featured_media":23420,"comment_status":"open","ping_status":"open","sticky":false,"template":"","format":"standard","meta":{"om_disable_all_campaigns":false,"_mi_skip_tracking":false,"_monsterinsights_sitenote_active":false,"_monsterinsights_sitenote_note":"","_monsterinsights_sitenote_category":0,"footnotes":""},"categories":[25,36,21,35,22,19,30],"tags":[],"aioseo_notices":[],"_links":{"self":[{"href":"https:\/\/granadacostaglobal.es\/index.php?rest_route=\/wp\/v2\/posts\/23411"}],"collection":[{"href":"https:\/\/granadacostaglobal.es\/index.php?rest_route=\/wp\/v2\/posts"}],"about":[{"href":"https:\/\/granadacostaglobal.es\/index.php?rest_route=\/wp\/v2\/types\/post"}],"author":[{"embeddable":true,"href":"https:\/\/granadacostaglobal.es\/index.php?rest_route=\/wp\/v2\/users\/4"}],"replies":[{"embeddable":true,"href":"https:\/\/granadacostaglobal.es\/index.php?rest_route=%2Fwp%2Fv2%2Fcomments&post=23411"}],"version-history":[{"count":0,"href":"https:\/\/granadacostaglobal.es\/index.php?rest_route=\/wp\/v2\/posts\/23411\/revisions"}],"wp:featuredmedia":[{"embeddable":true,"href":"https:\/\/granadacostaglobal.es\/index.php?rest_route=\/"}],"wp:attachment":[{"href":"https:\/\/granadacostaglobal.es\/index.php?rest_route=%2Fwp%2Fv2%2Fmedia&parent=23411"}],"wp:term":[{"taxonomy":"category","embeddable":true,"href":"https:\/\/granadacostaglobal.es\/index.php?rest_route=%2Fwp%2Fv2%2Fcategories&post=23411"},{"taxonomy":"post_tag","embeddable":true,"href":"https:\/\/granadacostaglobal.es\/index.php?rest_route=%2Fwp%2Fv2%2Ftags&post=23411"}],"curies":[{"name":"wp","href":"https:\/\/api.w.org\/{rel}","templated":true}]}}