{"id":23331,"date":"2020-01-23T15:26:34","date_gmt":"2020-01-23T15:26:34","guid":{"rendered":"http:\/\/granadacostanacional.es\/?p=23331"},"modified":"2020-01-23T15:26:34","modified_gmt":"2020-01-23T15:26:34","slug":"juan-marin-anuncia-un-refuerzo-en-la-comercializacion-del-flamenco-y-el-caballo-como-elementos-diferenciadores","status":"publish","type":"post","link":"https:\/\/granadacostaglobal.es\/?p=23331","title":{"rendered":"Juan Mar\u00edn anuncia un refuerzo en la comercializaci\u00f3n del flamenco y el caballo como elementos diferenciadores"},"content":{"rendered":"<p style=\"text-align: justify;\">Ambos productos cuentan con un espacio espec\u00edfico en Fitur que impulsa su protagonismo como segmentos estrat\u00e9gicos para la promoci\u00f3n<\/p>\n<p style=\"text-align: justify;\">\n<p style=\"text-align: justify;\">El vicepresidente y consejero de Turismo, Regeneraci\u00f3n, Justicia y Administraci\u00f3n Local, Juan Mar\u00edn, ha destacado hoy el flamenco y el caballo como elementos diferenciadores del destino, segmentos para los cuales se incidir\u00e1 en su comercializaci\u00f3n en las acciones de promoci\u00f3n que se desarrollen en adelante.<\/p>\n<p style=\"text-align: justify;\">\n<p style=\"text-align: justify;\">Mar\u00edn ha explicado que el departamento ya trabaja en actuaciones para la comercializaci\u00f3n inmediata de productos ya existentes centrados en ambos atractivos, as\u00ed como en nuevas oportunidades que surgir\u00e1n a partir de esta apuesta para respaldar la creaci\u00f3n de negocio.<\/p>\n<p style=\"text-align: justify;\">\n<p style=\"text-align: justify;\">Ha recordado que el flamenco \u201ces una se\u00f1a de identidad del pueblo andaluz que genera un extraordinario inter\u00e9s en mercados como el asi\u00e1tico, emisores de gran potencial que valoran nuestra cultura y consideran\u201d, mientras que la promoci\u00f3n del turismo ecuestre se centrar\u00e1 en pa\u00edses como el Reino Unido y Alemania.<\/p>\n<p style=\"text-align: justify;\">\n<p style=\"text-align: justify;\">A trav\u00e9s de la marca \u2018Andaluc\u00eda deja Huella\u2019 la Junta quiere abanderar una potente oferta tur\u00edstica capaz de articular en todo el territorio actividades ecuestres de gran relevancia y capacidad de generaci\u00f3n de riqueza, de forma sostenible y con gran capacidad desestacionalizadora.<\/p>\n<p style=\"text-align: justify;\">\n<p style=\"text-align: justify;\">Andaluc\u00eda cuenta, seg\u00fan ha se\u00f1alado, con todas las cualidades necesarias para constituirse en un destino ecuestre de referencia en Europa gracias a elementos como la climatolog\u00eda, ser la cuna del caballo Pura Raza Espa\u00f1ola, sus recursos naturales y su amplia red de senderos ecuestres, la gran oferta de infraestructuras de servicios tur\u00edsticos y los profesionales que incluyen estos productos en su cartera de servicios de alta calidad.<\/p>\n<p style=\"text-align: justify;\">\n<p style=\"text-align: justify;\"><strong>Flamenco<\/strong><\/p>\n<p style=\"text-align: justify;\"><strong>\u00a0<\/strong><\/p>\n<p style=\"text-align: justify;\">En cuanto al flamenco, ha subrayado que \u201cno se puede entender el flamenco sin Andaluc\u00eda, ni a Andaluc\u00eda sin el flamenco, uno de los embajadores m\u00e1s reconocidos a nivel mundial\u201d, reconocimiento a\u00fan m\u00e1s patente tras su declaraci\u00f3n como Patrimonio cultural inmaterial de la Humanidad por la UNESCO en 2010.<\/p>\n<p style=\"text-align: justify;\">\n<p style=\"text-align: justify;\">Asimismo, ha recordado que Andaluc\u00eda promover\u00e1 la celebraci\u00f3n en el a\u00f1o 2022 del Centenario del Primer Festival Flamenco de la Historia con el proyecto \u2018Flamenco 22\u2019, que incluir\u00e1 la recuperaci\u00f3n del Concurso de Cante Jondo celebrado en Granada en 1922, la presentaci\u00f3n del proyecto en eventos especializados, exposiciones, conferencias y campa\u00f1as de comunicaci\u00f3n a nivel nacional e internacional.<\/p>\n<p style=\"text-align: justify;\">\n<p style=\"text-align: justify;\">El pabell\u00f3n andaluz en la Feria Internacional de Turismo cuenta con un espacio dedicado a estos productos destacados, con varios mostradores con informaci\u00f3n espec\u00edfica, pantallas informativas y actividades interactivas con el objetivo de que tanto profesionales como p\u00fablico final se acerquen a estos atractivos diferenciadores y genuinos de la marca.<\/p>\n<p style=\"text-align: justify;\">\n<p style=\"text-align: justify;\">En el expositor se incide en importantes hitos vinculados al mundo ecuestre, como la Real Escuela de Jerez, las Caballerizas Reales de C\u00f3rdoba, el Torneo Internacional de Polo de Sotogrande, el Circuito del Sol de Vejer de la Frontera, las Carreras de Sanl\u00facar de Barrameda, la Saca de Yeguas de Almonte o el Sal\u00f3n internacional del Caballo de Sevilla.<\/p>\n<p style=\"text-align: justify;\">\n<p style=\"text-align: justify;\">Adem\u00e1s, en el marco de la apuesta de la comunidad en esta edici\u00f3n de la feria por las nuevas tecnolog\u00edas, se ha dise\u00f1ado una din\u00e1mica para que, a trav\u00e9s de la realidad aumentada, los visitantes puedan vivir una experiencia en la Real Escuela Andaluza de Arte Ecuestre.<\/p>\n<p style=\"text-align: justify;\">\n<p style=\"text-align: justify;\">Tambi\u00e9n se difunden los eventos de flamenco en la regi\u00f3n o los itinerarios de las \u2018Rutas por los Territorios Flamencos\u2019 que recorren Andaluc\u00eda y permiten al turista conocer durante su visita a la comunidad una muestra de este recurso cultural.<\/p>\n<p>&nbsp;<\/p>\n","protected":false},"excerpt":{"rendered":"<p>Ambos productos cuentan con un espacio espec\u00edfico en Fitur que impulsa su protagonismo como segmentos estrat\u00e9gicos para la promoci\u00f3n El&hellip;<\/p>\n","protected":false},"author":2,"featured_media":23332,"comment_status":"open","ping_status":"open","sticky":false,"template":"","format":"standard","meta":{"om_disable_all_campaigns":false,"_mi_skip_tracking":false,"_monsterinsights_sitenote_active":false,"_monsterinsights_sitenote_note":"","_monsterinsights_sitenote_category":0,"footnotes":""},"categories":[21,22,30],"tags":[],"aioseo_notices":[],"_links":{"self":[{"href":"https:\/\/granadacostaglobal.es\/index.php?rest_route=\/wp\/v2\/posts\/23331"}],"collection":[{"href":"https:\/\/granadacostaglobal.es\/index.php?rest_route=\/wp\/v2\/posts"}],"about":[{"href":"https:\/\/granadacostaglobal.es\/index.php?rest_route=\/wp\/v2\/types\/post"}],"author":[{"embeddable":true,"href":"https:\/\/granadacostaglobal.es\/index.php?rest_route=\/wp\/v2\/users\/2"}],"replies":[{"embeddable":true,"href":"https:\/\/granadacostaglobal.es\/index.php?rest_route=%2Fwp%2Fv2%2Fcomments&post=23331"}],"version-history":[{"count":0,"href":"https:\/\/granadacostaglobal.es\/index.php?rest_route=\/wp\/v2\/posts\/23331\/revisions"}],"wp:featuredmedia":[{"embeddable":true,"href":"https:\/\/granadacostaglobal.es\/index.php?rest_route=\/"}],"wp:attachment":[{"href":"https:\/\/granadacostaglobal.es\/index.php?rest_route=%2Fwp%2Fv2%2Fmedia&parent=23331"}],"wp:term":[{"taxonomy":"category","embeddable":true,"href":"https:\/\/granadacostaglobal.es\/index.php?rest_route=%2Fwp%2Fv2%2Fcategories&post=23331"},{"taxonomy":"post_tag","embeddable":true,"href":"https:\/\/granadacostaglobal.es\/index.php?rest_route=%2Fwp%2Fv2%2Ftags&post=23331"}],"curies":[{"name":"wp","href":"https:\/\/api.w.org\/{rel}","templated":true}]}}