{"id":23326,"date":"2020-01-22T12:47:28","date_gmt":"2020-01-22T12:47:28","guid":{"rendered":"http:\/\/granadacostanacional.es\/?p=23326"},"modified":"2020-01-22T12:47:28","modified_gmt":"2020-01-22T12:47:28","slug":"nunca-un-no-puedo-2a-parte","status":"publish","type":"post","link":"https:\/\/granadacostaglobal.es\/?p=23326","title":{"rendered":"NUNCA UN NO PUEDO (2\u00aa parte)"},"content":{"rendered":"<p style=\"text-align: justify;\">En dos n\u00facleos, uno de los cuales estar\u00eda constituido por las fuerzas de defensas operativa del territorio (DOT) en las que se englobaban las brigadas de infanter\u00eda, una en cada regi\u00f3n militar, compuestas entre otras unidades por dos batallones de infanter\u00eda. En el apartado 14 de la mencionada instrucci\u00f3n general, se dec\u00eda textualmente; Unidades Especiales en los batallones de infanter\u00eda de las (BRIDOT), ser\u00e1n organizadas unidades de Operaciones Especiales (comandos), para lo que se cursar\u00e1n oportunamente las ordenes necesarias, incluyendo las plantillas de estas unidades especiales.<\/p>\n<p style=\"text-align: justify;\">Con fecha 1 de agosto de 1966, se desarroll\u00f3 la IG 165\/142 en lo referente a la organizaci\u00f3n de las compa\u00f1\u00edas de operaciones especiales especificando la creaci\u00f3n de una compa\u00f1\u00eda en cada uno de los regimientos de infanter\u00eda de las BRIDOT, con el nombre gen\u00e9rico de COE.<\/p>\n<p style=\"text-align: justify;\">As\u00ed entre los a\u00f1os 1966 y 1969 fueron apareciendo todas las COES excepto la 103 en regimiento de infanter\u00eda, Canarias 50, que fue creada en 1976, siendo las dos \u00faltimas unidades creadas, la UOE de la legi\u00f3n y la COE de la EMMOE, ambas en 1981.<\/p>\n<p style=\"text-align: justify;\">Para mantener la memoria de los m\u00e1ximos exponentes del tradicional esp\u00edritu guerrillero inherente a los espa\u00f1oles, a las COES, se le asignaron nombres de guerrilleros y militares celebres, si bien se les segu\u00eda identificando por su n\u00famero org\u00e1nico o ciudad de ubicaci\u00f3n y no por el nombre impuesto.<\/p>\n<p style=\"text-align: justify;\">Pasada la d\u00e9cada de los 60, en que se fundaron la mayor\u00eda de las COES, en los a\u00f1os 70 las unidades van adquiriendo solera y consolidando relaciones con los regimientos de los que depend\u00edan administrativamente.<\/p>\n<p style=\"text-align: justify;\">Con sus plantillas definidas y un programa de instrucci\u00f3n experimentado, aunque no unificado, desarrollan un marcado<\/p>\n<p style=\"text-align: justify;\">esp\u00edritu de unidad a la vez que van adquiriendo prestigio en el resto del ej\u00e9rcito y en la sociedad espa\u00f1ola.<\/p>\n<p style=\"text-align: justify;\">\u00a1\u00a1 Grande mi Sargento, vivan las COES y Viva Espa\u00f1a por siempre;<\/p>\n<p style=\"text-align: justify;\">\u00a1una, grande y unida!!<\/p>\n<p style=\"text-align: justify;\">_. A continuaci\u00f3n, le nombrar\u00e9 antiguas compa\u00f1\u00edas: COE 11 \u2013 Juan Palarea \u2013 Madrid<\/p>\n<p style=\"text-align: justify;\">COE 12 \u2013 Isidro Mit \u2013 Plasencia CE 21 \u2013 Juan S\u00e1nchez \u2013 Tarifa<\/p>\n<p style=\"text-align: justify;\">COE22 \u2013 Miguel de Quero \u2013 Huelva COE 31 \u2013 Milans del Bosch \u2013 Alicante COE 32 \u2013 El Cid \u2013 Paterna<\/p>\n<p style=\"text-align: justify;\">COE 41 \u2013 Bar\u00f3n de Eroles \u2013 Barcelona COE 42 \u2013 General Cabrera \u2013 Tarragona COE 51 \u2013 Espoz y Mina \u2013 Zaragoza<\/p>\n<p style=\"text-align: justify;\">COE 52 \u2013 Pedro Villacampa \u2013 Barbastro COE 61 \u2013 Jer\u00f3nimo Merino \u2013 Burgos COE 62 \u2013 Mariano Renovales \u2013 Bilbao COE 71 \u2013 Juan D\u00edaz Porlier- Oviedo COE 72 \u2013 Pelayo \u2013 Gij\u00f3n<\/p>\n<p style=\"text-align: justify;\">COE 81 \u2013 Viriato \u2013 Orense COE 82 \u2013 Pablo Morillo \u2013 Lugo<\/p>\n<p style=\"text-align: justify;\">COE 91 \u2013 Fern\u00e1ndez Ca\u00f1as \u2013 Granada COE 92 \u2013 General Casta\u00f1os \u2013 Ronda<\/p>\n<p style=\"text-align: justify;\">COE 101 \u2013 Jos\u00e9 Manso \u2013 Palma de Mallorca COE 102 \u2013 Indibil \u2013 Sta. Cruz de Tenerife<\/p>\n<p style=\"text-align: justify;\">COE 103 \u2013 Mandonio \u2013 Las Palmas de Gran Canarias UOEL \u2013 Sucesos terreros \u2013 Ronda<\/p>\n<p style=\"text-align: justify;\">COE EMMOE \u2013 COE Jaca \u2013 Jaca<\/p>\n<p style=\"text-align: justify;\">_. Creaci\u00f3n de los grupos de Operaciones Especiales.<\/p>\n<p style=\"text-align: justify;\">La d\u00e9cada de los 80 con el plan Meta, en el que se inclu\u00eda la disoluci\u00f3n de las BRIDOT, de las que como ya sabemos, mi sargento, depend\u00edan las COES y la reducci\u00f3n de Las regiones militares de nueve a seis, supone una transformaci\u00f3n del proceso para las COES, cerr\u00e1ndolo definitivamente para muchas de ellas que ser\u00e1n disueltas o cambiar\u00edan de guarnici\u00f3n, para integrarse en una unidad superior, el Grupo de Operaciones Especiales ( GOE)<\/p>\n<p style=\"text-align: justify;\">Con fecha 2 de mayo de 1979 nace el GOE I en la base de San Pedro (Colmenar Viejo) apareciendo, por primera vez en nuestra patria, una Unidad de Operaciones Especiales tipo batall\u00f3n, revolucionando en cierto modo, la estructura y el concepto de las operaciones especiales, manteniendo la esencia y esp\u00edritu guerrillero de anta\u00f1o.<\/p>\n<p style=\"text-align: justify;\">Pronto se consiguieron medios acordes con las misiones a cumplir, unificaci\u00f3n de criterios, un nuevo enfoque hacia acciones de operaciones especiales, adem\u00e1s de las propias de guerrillas y contraguerrillas.<\/p>\n<p style=\"text-align: justify;\">En contrapartida, las antiguas COES que formaron el GOE, perd\u00edan su protagonismo e independencia.<\/p>\n<p style=\"text-align: justify;\">Mayo de 1979, las Coes 11 (Madrid), y 12 (Plasencia), junto a la COE 13 de nueva creaci\u00f3n, constituyen el GOE 1, despu\u00e9s denominado, Ordenes militares en colmenar viejo.<\/p>\n<p style=\"text-align: justify;\">Octubre de 1984, las COES 31 (Alicante) y 32 (Paterna), se re\u00fanen en Alcoy para formar el GOE III, levante, cambiando en 1986 de nombre Valencia y de guarnici\u00f3n a Alicante.<\/p>\n<p style=\"text-align: justify;\">En mayo de 1985, la UOEL se transforma en bandera de operaciones especiales de la legi\u00f3n, integr\u00e1ndose en el tercio Alejandro de Farnesio IV de la legi\u00f3n, octubre de 1985, las COES 21 (Tarifa) y 32 (Huelva), se concentran en Granada, formando el GOE II Santa fe, las COES 91 y 92 de la antigua novena regi\u00f3n militar, fueron disueltas.<\/p>\n<p style=\"text-align: justify;\">Junio de 1986, las COES 61 (Burgos) y 62 (Bilbao) se concentran en Burgos para formar el GOE V San Marcial.<\/p>\n<p style=\"text-align: justify;\">Marzo de 1987, las COES 41 (Barcelona) y 42 (Tarragona) se re\u00fanen en Barcelona para formar el GOE IV Almog\u00e1vares, posteriormente cambi\u00f3 su nombre por el del tercio del Ampurd\u00e1n, las COES 51 (Zaragoza) y 52 (Barbastro) de la antigua 5\u00aa regi\u00f3n militar, fueron disueltas.<\/p>\n<p style=\"text-align: justify;\">Enero de 1988, se funda el GOE VI, de nombre la Victoria al que quedan acoplados, mandos y tropas de las antiguas COES 71 (Oviedo) 72 (Gij\u00f3n), 81 (Orense) y 82 (Lugo), dando lugar a las COES 61 y 62. En Octubre del a\u00f1o 1997, se p\u00fablica la orden ministerial de creaci\u00f3n del Mando de Operaciones Especiales, que se activa el 1 de Julio de 1998 y que re\u00fane, bajo un mando \u00fanico, los dos grupos de operaciones especiales Valencia III y tercio del Ampurd\u00e1n IV y XIX bandera de operaciones especiales de la Legi\u00f3n.<\/p>\n<p style=\"text-align: justify;\">Su primer jefe ser\u00e1 el Coronel D. Fernando Sancho de Sopranis And\u00fajar, estableci\u00e9ndose la jefatura del MOE en Jaca.<\/p>\n<p style=\"text-align: justify;\">El relevo lo tomar\u00e1 el Coronel D. Diego de Otero Zuleta- Reales, quien, en marzo del a\u00f1o 2000, hace la entrega de mando al General D. Pedro Mar\u00eda Andreu Gallardo.<\/p>\n<p style=\"text-align: justify;\">La potenciaci\u00f3n y evoluci\u00f3n del mando y de las unidades de operaciones especiales del ej\u00e9rcito de tierra es un hecho; respondiendo a la necesidad sentida, el ej\u00e9rcito de tierra dispone ya hoy y est\u00e1 por tanto en condiciones de ofrecer a nuestros aliados, unas UOES eficaces, preparadas para llevar a cabo todo tipo de misiones de OES, all\u00e1 donde se las requiera, lanzadas desde una base operativa con posibilidad de relevos continuados y cuenta con la necesaria capacidad de mando y control, que asegure un acertado planeamiento y conducci\u00f3n de las operaciones, liderando un mando componente de OES \u2013 SOCC \u2013 para NRF 9 y 10 en el seno de la OTAN.<\/p>\n<p style=\"text-align: justify;\">Tambi\u00e9n dependen de \u00e9l a efectos de coordinaci\u00f3n, entrenamiento e instrucci\u00f3n en las t\u00e9cnicas espec\u00edficas de OES, las restantes unidades de OES que est\u00e9n organizadas o que puedan.<\/p>\n<p style=\"text-align: right;\">\n<p style=\"text-align: right;\"><strong>Gonzalo Lozano Curado<\/strong><\/p>\n","protected":false},"excerpt":{"rendered":"<p>En dos n\u00facleos, uno de los cuales estar\u00eda constituido por las fuerzas de defensas operativa del territorio (DOT) en las&hellip;<\/p>\n","protected":false},"author":2,"featured_media":22818,"comment_status":"open","ping_status":"open","sticky":false,"template":"","format":"standard","meta":{"om_disable_all_campaigns":false,"_mi_skip_tracking":false,"_monsterinsights_sitenote_active":false,"_monsterinsights_sitenote_note":"","_monsterinsights_sitenote_category":0,"footnotes":""},"categories":[21,30],"tags":[],"aioseo_notices":[],"_links":{"self":[{"href":"https:\/\/granadacostaglobal.es\/index.php?rest_route=\/wp\/v2\/posts\/23326"}],"collection":[{"href":"https:\/\/granadacostaglobal.es\/index.php?rest_route=\/wp\/v2\/posts"}],"about":[{"href":"https:\/\/granadacostaglobal.es\/index.php?rest_route=\/wp\/v2\/types\/post"}],"author":[{"embeddable":true,"href":"https:\/\/granadacostaglobal.es\/index.php?rest_route=\/wp\/v2\/users\/2"}],"replies":[{"embeddable":true,"href":"https:\/\/granadacostaglobal.es\/index.php?rest_route=%2Fwp%2Fv2%2Fcomments&post=23326"}],"version-history":[{"count":0,"href":"https:\/\/granadacostaglobal.es\/index.php?rest_route=\/wp\/v2\/posts\/23326\/revisions"}],"wp:featuredmedia":[{"embeddable":true,"href":"https:\/\/granadacostaglobal.es\/index.php?rest_route=\/"}],"wp:attachment":[{"href":"https:\/\/granadacostaglobal.es\/index.php?rest_route=%2Fwp%2Fv2%2Fmedia&parent=23326"}],"wp:term":[{"taxonomy":"category","embeddable":true,"href":"https:\/\/granadacostaglobal.es\/index.php?rest_route=%2Fwp%2Fv2%2Fcategories&post=23326"},{"taxonomy":"post_tag","embeddable":true,"href":"https:\/\/granadacostaglobal.es\/index.php?rest_route=%2Fwp%2Fv2%2Ftags&post=23326"}],"curies":[{"name":"wp","href":"https:\/\/api.w.org\/{rel}","templated":true}]}}