{"id":23307,"date":"2020-01-17T15:14:55","date_gmt":"2020-01-17T15:14:55","guid":{"rendered":"http:\/\/granadacostanacional.es\/?p=23307"},"modified":"2020-01-17T15:14:55","modified_gmt":"2020-01-17T15:14:55","slug":"llega-a-espana-una-masa-de-aire-polar","status":"publish","type":"post","link":"https:\/\/granadacostaglobal.es\/?p=23307","title":{"rendered":"Llega a Espa\u00f1a una masa de aire polar"},"content":{"rendered":"<ul>\n<li style=\"text-align: justify;\"><strong><em>Jos\u00e9 Antonio Maldonado, Jos\u00e9 Miguel Vi\u00f1as y Francisco Mart\u00edn analizan el temporal que afectar\u00e1 a la Pen\u00ednsula Ib\u00e9rica en las pr\u00f3ximas horas <\/em><\/strong><\/li>\n<li style=\"text-align: justify;\"><strong><em>El aire polar estar\u00e1 en la Pen\u00ednsula Ib\u00e9rica hasta el pr\u00f3ximo jueves<\/em><\/strong><\/li>\n<\/ul>\n<p style=\"text-align: justify;\"><em>Acumulados de nieve previstos hasta la medianoche del domingo, despu\u00e9s las nevadas continuar\u00e1n.<\/em><\/p>\n<p style=\"text-align: justify;\"><strong>Madrid, 17 de diciembre de 2020<\/strong>.- En los pr\u00f3ximos d\u00edas llegar\u00e1 a Espa\u00f1a un episodio invernal bastante fuerte. La bajada de las temperaturas, el viento, las lluvias y las nevadas, ser\u00e1n protagonistas. Por esa raz\u00f3n, <a href=\"https:\/\/www.tiempo.com\/noticias\/prediccion\/expertos-al-habla-nevadas-copiosas-en-el-este-peninsular.html\">los expertos de Meteored (tiempo.com) ofrecen sus opiniones<\/a>.<\/p>\n<p style=\"text-align: justify;\"><strong>Seg\u00fan Jos\u00e9 Antonio Maldonado, director de Meteorolog\u00eda en Meteored, <\/strong>\u201c<strong>la situaci\u00f3n que previsiblemente vamos a tener en los pr\u00f3ximos d\u00edas<\/strong>, caracterizada por bajas presiones y la entrada de vientos de componente norte,<strong> traer\u00e1 <\/strong>consigo un descenso generalizado de las temperaturas diurnas y la\u00a0<a href=\"https:\/\/www.tiempo.com\/modelos\/es-espana-ecmwf-91-asn-608.htm\">p<\/a><a href=\"https:\/\/www.tiempo.com\/modelos\/es-espana-ecmwf-91-asn-608.htm\">osibilidad de nevadas<\/a><strong>, \u00a0durante las primeras horas, en zonas poco habituales del interior peninsular<\/strong>.<\/p>\n<p style=\"text-align: justify;\"><a href=\"http:\/\/granadacostanacional.es\/wp-content\/uploads\/2020\/01\/Acumulados-de-nieve-previstos-hasta-la-medianoche-del-domingo-despu\u00e9s-las-nevadas-continuar\u00e1n..jpg\"><img decoding=\"async\" loading=\"lazy\" class=\"aligncenter size-large wp-image-23308\" src=\"http:\/\/granadacostanacional.es\/wp-content\/uploads\/2020\/01\/Acumulados-de-nieve-previstos-hasta-la-medianoche-del-domingo-despu\u00e9s-las-nevadas-continuar\u00e1n.-1024x606.jpg\" alt=\"Acumulados de nieve previstos hasta la medianoche del domingo, despu\u00e9s las nevadas continuar\u00e1n.\" width=\"1024\" height=\"606\" \/><\/a><\/p>\n<p style=\"text-align: justify;\"><strong>En opini\u00f3n de Jos\u00e9 Miguel Vi\u00f1as, meteor\u00f3logo de Meteored, <\/strong>\u201cel domingo dar\u00e1 inicio este episodio invernal, con el descolgamiento por el nordeste de la Pen\u00ednsula de\u00a0<strong>una masa de aire muy fr\u00edo de origen polar que ir\u00e1 extendi\u00e9ndose por gran parte del territorio peninsular<\/strong>, a la vez que se ir\u00e1 formando una borrasca en el Mediterr\u00e1neo Occidental\u201d.<\/p>\n<p style=\"text-align: justify;\"><strong>Para Francisco Mart\u00edn, coordinador de la RAM, <\/strong>\u201cel tiempo cambiar\u00e1 en dos fases: la primera, entre hoy y ma\u00f1ana, 18 de enero, tiene una componente atl\u00e1ntica, con borrascas entrado por el oeste. La segunda fase entre el domingo 19 y el jueves 23 de enero, m\u00e1s adversa, con el\u00a0<strong>descuelgue de una borrasca aislada en niveles altos y la formaci\u00f3n de otra baja mediterr\u00e1nea con profundizaci\u00f3n incluida<\/strong>, que van a interaccionar positiva y eficientemente\u201d.<\/p>\n","protected":false},"excerpt":{"rendered":"<p>Jos\u00e9 Antonio Maldonado, Jos\u00e9 Miguel Vi\u00f1as y Francisco Mart\u00edn analizan el temporal que afectar\u00e1 a la Pen\u00ednsula Ib\u00e9rica en las&hellip;<\/p>\n","protected":false},"author":3,"featured_media":23308,"comment_status":"open","ping_status":"open","sticky":false,"template":"","format":"standard","meta":{"om_disable_all_campaigns":false,"_mi_skip_tracking":false,"_monsterinsights_sitenote_active":false,"_monsterinsights_sitenote_note":"","_monsterinsights_sitenote_category":0,"footnotes":""},"categories":[22],"tags":[],"aioseo_notices":[],"_links":{"self":[{"href":"https:\/\/granadacostaglobal.es\/index.php?rest_route=\/wp\/v2\/posts\/23307"}],"collection":[{"href":"https:\/\/granadacostaglobal.es\/index.php?rest_route=\/wp\/v2\/posts"}],"about":[{"href":"https:\/\/granadacostaglobal.es\/index.php?rest_route=\/wp\/v2\/types\/post"}],"author":[{"embeddable":true,"href":"https:\/\/granadacostaglobal.es\/index.php?rest_route=\/wp\/v2\/users\/3"}],"replies":[{"embeddable":true,"href":"https:\/\/granadacostaglobal.es\/index.php?rest_route=%2Fwp%2Fv2%2Fcomments&post=23307"}],"version-history":[{"count":0,"href":"https:\/\/granadacostaglobal.es\/index.php?rest_route=\/wp\/v2\/posts\/23307\/revisions"}],"wp:featuredmedia":[{"embeddable":true,"href":"https:\/\/granadacostaglobal.es\/index.php?rest_route=\/"}],"wp:attachment":[{"href":"https:\/\/granadacostaglobal.es\/index.php?rest_route=%2Fwp%2Fv2%2Fmedia&parent=23307"}],"wp:term":[{"taxonomy":"category","embeddable":true,"href":"https:\/\/granadacostaglobal.es\/index.php?rest_route=%2Fwp%2Fv2%2Fcategories&post=23307"},{"taxonomy":"post_tag","embeddable":true,"href":"https:\/\/granadacostaglobal.es\/index.php?rest_route=%2Fwp%2Fv2%2Ftags&post=23307"}],"curies":[{"name":"wp","href":"https:\/\/api.w.org\/{rel}","templated":true}]}}