{"id":23302,"date":"2020-01-17T08:39:02","date_gmt":"2020-01-17T08:39:02","guid":{"rendered":"http:\/\/granadacostanacional.es\/?p=23302"},"modified":"2020-01-17T08:39:02","modified_gmt":"2020-01-17T08:39:02","slug":"el-invierno-y-los-poetas","status":"publish","type":"post","link":"https:\/\/granadacostaglobal.es\/?p=23302","title":{"rendered":"EL INVIERNO Y LOS POETAS"},"content":{"rendered":"<p style=\"text-align: justify;\"><strong>M<\/strong>e hallo sentada c\u00f3modamente en mi sill\u00f3n de orejeras mientras los rayos de un tibio sol en una tarde de invierno, atravesando la amplia cristalera que da a la terraza, como una caricia me ba\u00f1an toda. Es esa hora primera de la tarde en que sumida en el nirvana, mis biorritmos descienden lentamente tomando un caf\u00e9, obligada r\u00fabrica despu\u00e9s de la comida.<\/p>\n<p style=\"text-align: justify;\">\u00a0\u00a0\u00a0\u00a0\u00a0\u00a0\u00a0\u00a0\u00a0 S\u00e9 que tengo que escribir mis dos p\u00e1ginas correspondientes al <em>Rinc\u00f3n Po\u00e9tico<\/em>, as\u00ed que, sacudiendo la pereza, me dispongo a glosar hoy a la estaci\u00f3n protagonista del a\u00f1o: el se\u00f1or Invierno.<\/p>\n<p style=\"text-align: justify;\">\u00a0\u00a0\u00a0\u00a0\u00a0\u00a0\u00a0\u00a0\u00a0 Para ello, he seleccionado un peque\u00f1o grupo de grandes poetas, por desgracia todos desaparecidos, pero que a trav\u00e9s de su poes\u00eda, que es eterna, vivir\u00e1n para siempre porque ya han alcanzado la inmortalidad .Llegue pues a ellos, hasta el Parnaso donde ahora se encuentrar\u00e1n, este peque\u00f1o homenaje, muy resumido por mor del espacio y tambi\u00e9n para no cansar a quien tenga a bien leerme.<\/p>\n<p style=\"text-align: justify;\">\u00a0\u00a0\u00a0\u00a0\u00a0\u00a0\u00a0\u00a0\u00a0 Comencemos pues por un poeta, grande entre los grandes.<\/p>\n<p style=\"text-align: justify;\"><strong>\u00a0<\/strong><\/p>\n<p style=\"text-align: justify;\"><strong>\u00a0\u00a0\u00a0\u00a0\u00a0\u00a0\u00a0\u00a0\u00a0 \u00a0RUB\u00c9N DAR\u00cdO.- <\/strong>\u00bfQui\u00e9n no ha recitado, le\u00eddo o, al menos, o\u00eddo esos preciosistas poemas de Princesas y Margaritas? <em>La princesa est\u00e1 triste. \u00bfQu\u00e9 tendr\u00e1 la princesa?&#8230; \u00a0Margarita, est\u00e1 linda la mar y el viento\u2026<\/em> S\u00ed, lector de Granada Costa, yo misma, no hace mucho tiempo, recit\u00e9 la rom\u00e1ntica <em>Sonatina<\/em> en un acto homenaje dedicado a un poeta tambi\u00e9n nicarag\u00fcense, Ricardo Llopesa, gran conocedor de la obra y figura de su paisano, Rub\u00e9n Dar\u00edo, y de quien me cupo el honor de su amistad y coincidir con \u00e9l en varios actos literarios. Querido Ricardo, desde estas p\u00e1ginas, te mando al Cielo un recuerdo cari\u00f1oso y pleno de admiraci\u00f3n hacia ti como gran poeta y gran persona.<\/p>\n<p style=\"text-align: justify;\">\u00a0\u00a0\u00a0\u00a0\u00a0\u00a0\u00a0\u00a0\u00a0 Volviendo a Rub\u00e9n Dar\u00edo, cuyo verdadero nombre es F\u00e9lix Rub\u00e9n Garc\u00eda Sarmiento, naci\u00f3 en Metapa, Nicaragua, el a\u00f1o 1867, falleciendo en 1916. Fue el creador del t\u00e9rmino \u201cmodernismo\u201d, g\u00e9nero literario caracterizado por la ruptura con el realismo, utilizando un lenguaje nuevo, exquisito, refinado, lleno de met\u00e1foras y sonoridad, huyendo de la realidad, siendo Rub\u00e9n Dar\u00edo el m\u00e1s genuino representante del modernismo. Muestra de ello son sus obras principales: <em>Azul<\/em> (cuentos y poemas). <em>Prosas profanas<\/em> (poemas). <em>Cantos de vida y esperanza<\/em>, considerada la obra m\u00e1s importante del modernismo. <em>El canto errante<\/em>, am\u00e9n de numerosos libros en prosa, art\u00edculos y novelas.<\/p>\n<p style=\"text-align: justify;\">\u00a0\u00a0\u00a0\u00a0\u00a0\u00a0\u00a0\u00a0\u00a0 Diplom\u00e1tico, residi\u00f3 en Espa\u00f1a durante quince a\u00f1os con su compa\u00f1era sentimental, pese a estar casado, Francisca S\u00e1nchez, con la cual tuvo tres hijos.<\/p>\n<p style=\"text-align: justify;\">\u00a0\u00a0\u00a0\u00a0\u00a0\u00a0\u00a0\u00a0\u00a0 Est\u00e1 considerado el poeta de mayor influencia de la lengua espa\u00f1ola y de toda Hispanoam\u00e9rica.<\/p>\n<p style=\"text-align: justify;\">\u00a0\u00a0\u00a0\u00a0\u00a0\u00a0\u00a0\u00a0\u00a0 Como entrada a los poemas que glosan al invierno, he elegido este preciosista soneto perteneciente a <em>Azul<\/em>, en el cual el poeta contempla a su amada Carolina, durante un d\u00eda de invierno, rodeada de una ambientaci\u00f3n exquisita, ex\u00f3tica y refinada -porcelana fina, biombo de seda del Jap\u00f3n, gato de angora-, todo un mundo de belleza y sensualidad en el Par\u00eds de 1888.<\/p>\n<p style=\"text-align: center;\">\n<p style=\"text-align: center;\">En invernales horas, mirad a Carolina.<\/p>\n<p style=\"text-align: center;\">Medio apelotonada, descansa en el sill\u00f3n,<\/p>\n<p style=\"text-align: center;\">envuelta con su abrigo de marta cibelina<\/p>\n<p style=\"text-align: center;\">y no lejos del fuego que brilla en el sal\u00f3n.<\/p>\n<p style=\"text-align: center;\">\n<p style=\"text-align: center;\">El fino angora blanco junto a ella se reclina,<\/p>\n<p style=\"text-align: center;\">rozando con su hocico la falda de Ale\u00e7\u00f3n,<\/p>\n<p style=\"text-align: center;\">no lejos de las jarras de porcelana china<\/p>\n<p style=\"text-align: center;\">que medio oculta un biombo de seda del Jap\u00f3n.<\/p>\n<p style=\"text-align: center;\">\n<p style=\"text-align: center;\">Con sus sutiles filtros la invade un dulce sue\u00f1o:<\/p>\n<p style=\"text-align: center;\">entro, sin hacer ruido: dejo mi abrigo gris;<\/p>\n<p style=\"text-align: center;\">voy a besar su rostro, rosado y halag\u00fce\u00f1o<\/p>\n<p style=\"text-align: center;\">\n<p style=\"text-align: center;\">como una rosa roja que fuera flor de lis;<\/p>\n<p style=\"text-align: center;\">abre los ojos; m\u00edrame con su mirar risue\u00f1o,<\/p>\n<p style=\"text-align: center;\">y en tanto cae la nieve del cielo de Par\u00eds.<\/p>\n<p style=\"text-align: justify;\">\n<p style=\"text-align: justify;\"><strong>\u00a0\u00a0\u00a0\u00a0\u00a0\u00a0\u00a0\u00a0\u00a0 PABLO NERUDA.-<\/strong> <em>Puedo escribir los versos m\u00e1s tristes esta noche<\/em>\u2026 poema archiconocido de este poeta chileno Premio Nobel de Literatura en 1971. Premio Nacional de Literatura, Chile 1945. Premio Lenin de la Paz, 1953 y numerosos otros premios recibidos a trav\u00e9s de su dilatada obra.<\/p>\n<p style=\"text-align: justify;\">\u00a0\u00a0\u00a0\u00a0\u00a0\u00a0\u00a0\u00a0\u00a0 Su verdadero nombre era Ricardo Eli\u00e9cer Neptal\u00ed Reyes Basualdo, nacido en Chile en 1904 y fallecido en 1973.<\/p>\n<p style=\"text-align: justify;\">\u00a0\u00a0\u00a0\u00a0\u00a0\u00a0\u00a0\u00a0\u00a0 Viaj\u00f3 por pa\u00edses de Oriente y otros lugares, residiendo tambi\u00e9n en Madrid desde el a\u00f1o 1934 hasta el 1937, donde tom\u00f3 contacto con la generaci\u00f3n po\u00e9tica del 27 y dirigi\u00f3 la revista de poes\u00eda <em>Caballo verde<\/em>. Ingres\u00f3 en el partido comunista en 1945, lo que se reflejar\u00eda en su obra literaria. Prest\u00f3 asimismo servicios consulares en Par\u00eds y M\u00e9xico. Fue senador en 1943 y 1945, pasando a la clandestinidad y posteriormente al exilio en 1949. En 1970 fue nombrado por Salvador Allende embajador en Par\u00eds.<\/p>\n<p style=\"text-align: justify;\">\u00a0\u00a0\u00a0\u00a0\u00a0\u00a0\u00a0\u00a0\u00a0 Su obra literaria es bast\u00edsima, siguiendo diferentes tendencias desde el modernismo, pasando por el surrealismo hasta la denuncia social. Destacan: <em>Crepusculario<\/em>, 1919. <em>Veinte poemas de amor y una canci\u00f3n desesperada<\/em>, 1924, la m\u00e1s famosa con la que se dio a conocer internacionalmente. <em>Residencia en la tierra<\/em>, 1933-1935, obra vanguardista. <em>Tercera residencia<\/em>, 1942. <em>Canto general<\/em>, 1950. <em>Estravagario,<\/em> 1958, sencilla y humor\u00edstica. Y una autobiograf\u00eda: <em>Confieso que he vivido<\/em>, publicada p\u00f3stumamente en 1974.<\/p>\n<p style=\"text-align: justify;\">\u00a0\u00a0\u00a0\u00a0\u00a0\u00a0\u00a0\u00a0\u00a0 En el poema invernal que he elegido, el poeta se hunde, se sumerge en la estaci\u00f3n de invierno: <em>Soy un libro de nieve<\/em>. Al principio del poema, va nombrando luminosa y colorida cada estaci\u00f3n hasta llegar a la oscuridad del invierno, recordando su infancia, envuelto en melancol\u00eda y en la fugacidad de su ser.<\/p>\n<p style=\"text-align: justify;\"><strong>\u00a0<\/strong><\/p>\n<p style=\"text-align: center;\">LLEGA EL INVIERNO<\/p>\n<p style=\"text-align: center;\">\n<p style=\"text-align: center;\">Llega el invierno. Espl\u00e9ndido dictado<\/p>\n<p style=\"text-align: center;\">me dan las lentas hojas<\/p>\n<p style=\"text-align: center;\">vestidas de silencio y amarillo.<\/p>\n<p style=\"text-align: center;\">\n<p style=\"text-align: center;\">Soy un libro de nieve,<\/p>\n<p style=\"text-align: center;\">una espaciosa mano, una pradera,<\/p>\n<p style=\"text-align: center;\">un c\u00edrculo que espera,<\/p>\n<p style=\"text-align: center;\">pertenezco a la tierra y a su invierno.<\/p>\n<p style=\"text-align: center;\">\n<p style=\"text-align: center;\">Creci\u00f3 el rumor del mundo del follaje,<\/p>\n<p style=\"text-align: center;\">ardi\u00f3 despu\u00e9s el trigo constelado<\/p>\n<p style=\"text-align: center;\">por flores rojas como quemaduras,<\/p>\n<p style=\"text-align: center;\">luego lleg\u00f3 el oto\u00f1o a establecer<\/p>\n<p style=\"text-align: center;\">la escritura del vino:<\/p>\n<p style=\"text-align: center;\">todo pas\u00f3, fue cielo pasajero<\/p>\n<p style=\"text-align: center;\">la copa del est\u00edo,<\/p>\n<p style=\"text-align: center;\">y se apag\u00f3 la nube navegante.<\/p>\n<p style=\"text-align: center;\">\n<p style=\"text-align: center;\">Yo esper\u00e9 en el balc\u00f3n tan enlutado,<\/p>\n<p style=\"text-align: center;\">como ayer con las yedras de mi infancia,<\/p>\n<p style=\"text-align: center;\">que la tierra extendiera<\/p>\n<p style=\"text-align: center;\">sus alas en mi amor deshabitado.<\/p>\n<p style=\"text-align: center;\">\n<p style=\"text-align: center;\">Yo supe que la rosa caer\u00eda<\/p>\n<p style=\"text-align: center;\">y el hueso del durazno transitorio<\/p>\n<p style=\"text-align: center;\">volver\u00eda a dormir y a germinar:<\/p>\n<p style=\"text-align: center;\">y me embriagu\u00e9 con la copa del aire<\/p>\n<p style=\"text-align: center;\">hasta que todo el mar se hizo nocturno<\/p>\n<p style=\"text-align: center;\">y el arrebol se convirti\u00f3 en ceniza.<\/p>\n<p style=\"text-align: justify;\"><strong>\u00a0<\/strong><\/p>\n<p style=\"text-align: justify;\">\u00a0\u00a0\u00a0\u00a0\u00a0\u00a0\u00a0\u00a0\u00a0 <strong>RIMBAUD.-<\/strong> Jean Arthur Rimbaud, poeta franc\u00e9s nacido en 1854. Rebelde, bohemio, vagabundo por el mundo, vivi\u00f3 tambi\u00e9n una turbulenta relaci\u00f3n con el tambi\u00e9n poeta Verlaine que terminar\u00eda con la c\u00e1rcel para este \u00faltimo a causa de un disparo dirigido a Rimbaud. Este, poseedor de una extraordinaria precocidad intelectual, escribi\u00f3 sus primeros versos a la edad de diecisiete a\u00f1os. Esp\u00edritu inquieto, se dedic\u00f3 a viajar por Europa, Oriente y \u00c1frica. Fue voluntario en el ej\u00e9rcito colonial holand\u00e9s, desertando del mismo y regresando a Marsella con una rodilla infectada, si\u00e9ndole amputada la pierna como consecuencia y muriendo a los pocos meses, en 1891, a los treinta y ocho a\u00f1os de edad.<\/p>\n<p style=\"text-align: justify;\">\u00a0\u00a0\u00a0\u00a0\u00a0\u00a0\u00a0\u00a0\u00a0 Su extraordinario obra po\u00e9tica, casi ignorada en la vida del poeta, sit\u00faa a Rimbaud entre los principales autores decadentistas y en los or\u00edgenes del surrealismo.<\/p>\n<p style=\"text-align: justify;\">\u00a0\u00a0\u00a0\u00a0\u00a0\u00a0\u00a0\u00a0\u00a0 Un nuevo soneto, este asonante y libre de rima en el cual abundan los verbos en futuro, durante un viaje amoroso en tren, sin meta, un d\u00eda de invierno. El comienzo del amor es blanco como el invierno y se va tornando rosa, luego rojo, a medida que se enciende la pasi\u00f3n, y finalmente, se vuelve opaco y negro al cambiarse el amor rom\u00e1ntico por otro salvaje y pasional. Un temor surrealista amenaza en las tres \u00faltimas estrofas.<\/p>\n<p style=\"text-align: justify;\">\n<p style=\"text-align: center;\">A ELLA<\/p>\n<p style=\"text-align: center;\">\n<p style=\"text-align: center;\">En invierno viajaremos, sobre cojines azules,<\/p>\n<p style=\"text-align: center;\">en un vagoncito rosa.<\/p>\n<p style=\"text-align: center;\">Seremos felices, habr\u00e1 un nido de besos locos,<\/p>\n<p style=\"text-align: center;\">ocultos en cada blando rinc\u00f3n.<\/p>\n<p style=\"text-align: center;\">\n<p style=\"text-align: center;\">Cerrar\u00e1s los ojos para no mirar por los cristales<\/p>\n<p style=\"text-align: center;\">la noche y sus negra muecas,<\/p>\n<p style=\"text-align: center;\">esos monstruos amenazantes, lobos negros, negros diablos<\/p>\n<p style=\"text-align: center;\">como muchedumbre atroz.<\/p>\n<p style=\"text-align: center;\">\n<p style=\"text-align: center;\">Despu\u00e9s sentir\u00e1s en la mejilla un ara\u00f1azo\u2026<\/p>\n<p style=\"text-align: center;\">Y un beso muy peque\u00f1o, como una ara\u00f1a alocada,<\/p>\n<p style=\"text-align: center;\">correr\u00e1 por tu cuello.<\/p>\n<p style=\"text-align: center;\">\n<p style=\"text-align: center;\">Y me dir\u00e1s: \u201c\u00a1B\u00fascala!\u201d, inclinando la cabeza.<\/p>\n<p style=\"text-align: center;\">Pero, \u00a1cu\u00e1nto tardaremos en encontrar esa bestia<\/p>\n<p style=\"text-align: center;\">que viaja y viaja sin meta.<\/p>\n<p style=\"text-align: justify;\">\n<p style=\"text-align: justify;\"><strong>\u00a0\u00a0\u00a0\u00a0\u00a0\u00a0\u00a0\u00a0\u00a0 \u00c1NGEL GONZ\u00c1LEZ.-<\/strong> Poeta espa\u00f1ol galardonado con el Premio Pr\u00edncipe de Asturias, 1982. Miembro de la Real Academia Espa\u00f1ola, 1996. Premio Ciudad de Granada Federico Garc\u00eda Lorca, 2004. Premio Juli\u00e1n Besteiro de las Artes y las Letras, 2001, etc.<\/p>\n<p style=\"text-align: justify;\">\u00a0\u00a0\u00a0\u00a0\u00a0\u00a0\u00a0\u00a0\u00a0 \u00c1ngel Gonz\u00e1lez naci\u00f3 en Oviedo en 1925. Licenciado en derecho y periodismo, en 1972 se estableci\u00f3 en EE.UU donde ejerci\u00f3 como profesor en la Universidad de Nuevo M\u00e9xico. Es uno de los poetas m\u00e1s representativos de la llamada Generaci\u00f3n del 50, caracterizada por su adscripci\u00f3n al realismo y la poes\u00eda social.<\/p>\n<p style=\"text-align: justify;\">\u00a0\u00a0\u00a0\u00a0\u00a0\u00a0\u00a0\u00a0\u00a0 En 1956 publica su primer libro, <em>\u00c1spero mundo, <\/em>por el que obtuvo un acc\u00e9sit en el Premio Adon\u00e1is. Le seguir\u00eda <em>Grado Elemental,<\/em> Premio Antonio Machado en 1961. <em>Palabra sobre palabra,<\/em> 1968. Los ensayos: <em>Juan Ram\u00f3n Jim\u00e9nez<\/em>, 1974, y <em>Aproximaciones a Antonio Machado. <\/em>Falleci\u00f3 en Madrid el 12 de enero de 2008.<\/p>\n<p style=\"text-align: justify;\">\u00a0\u00a0\u00a0\u00a0\u00a0\u00a0\u00a0\u00a0\u00a0 El poema <em>Canci\u00f3n de amiga<\/em> tiene dos estrofas unidas por un hilo conductor: el hielo. En la primera, el poeta nos describe una noche de invierno en la cual todo es hielo: las ramas de los \u00e1rboles, las calles, las estrellas\u2026 En la segunda estrofa hay un paralelismo con su helado coraz\u00f3n al ser abandonado por su amada. Y el poeta, entristecido, no recuerda un invierno tan fr\u00edo como aquel.<\/p>\n<p style=\"text-align: justify;\">\n<p style=\"text-align: center;\">CANCI\u00d3N DE AMIGA<\/p>\n<p style=\"text-align: center;\"><strong>\u00a0<\/strong><\/p>\n<p style=\"text-align: center;\">Nadie recuerda un invierno tan fr\u00edo como este.<\/p>\n<p style=\"text-align: center;\">Las calles de la ciudad son l\u00e1minas de hielo.<\/p>\n<p style=\"text-align: center;\">Las ramas de los \u00e1rboles est\u00e1n envueltas en fundas de hielo.<\/p>\n<p style=\"text-align: center;\">Las estrellas son destellos de hielo.<\/p>\n<p style=\"text-align: center;\">\n<p style=\"text-align: center;\">Helado est\u00e1 tambi\u00e9n mi coraz\u00f3n,<\/p>\n<p style=\"text-align: center;\">pero no fue en invierno.<\/p>\n<p style=\"text-align: center;\">Mi amiga,<\/p>\n<p style=\"text-align: center;\">mi dulce amiga,<\/p>\n<p style=\"text-align: center;\">aquella que me amaba,<\/p>\n<p style=\"text-align: center;\">me dice que ha dejado de quererme.<\/p>\n<p style=\"text-align: center;\">\n<p style=\"text-align: center;\">No recuerdo un invierno tan fr\u00edo como este.<\/p>\n<p style=\"text-align: justify;\"><strong>\u00a0<\/strong><\/p>\n<p style=\"text-align: justify;\"><strong>\u00a0\u00a0\u00a0\u00a0\u00a0\u00a0\u00a0\u00a0\u00a0 JULIO VERNE.- <\/strong>S\u00ed, s\u00e9 que alguno se preguntar\u00e1 si no me habr\u00e9 equivocado, ya que Julio Verne es conocido por sus famosas novelas <em>La vuelta al mundo en ochenta d\u00edas. Veinte mil leguas de viaje submarino. Viaje al centro de la Tierra. De la Tierra a la Luna. La isla misteriosa. Cinco semanas en globo. Miguel Strogoff\u2026 <\/em>Todas ellas llevadas a la pantalla con notable \u00e9xito y escrupulosamente documentadas y ayudadas gracias a los numerosos viajes realizados por el escritor y su inter\u00e9s por la tecnolog\u00eda y la revoluci\u00f3n industrial.<\/p>\n<p style=\"text-align: justify;\">\u00a0\u00a0\u00a0\u00a0\u00a0\u00a0\u00a0\u00a0\u00a0 Julio Verne, cuyo nombre completo es Jules Gabriel Verne, naci\u00f3 en Nantes, Francia, un 8 de febrero de 1888. Fue escritor, poeta y dramaturgo, considerado como el padre de la ciencia ficci\u00f3n, ya que fue capaz de imaginarse objetos y m\u00e1quinas que a\u00fan no se hab\u00edan creado pues tuvo una visi\u00f3n de los futuros descubrimientos tales como el submarino, el viaje a la luna, cohetes, helic\u00f3pteros, etc., y desde 1979 es el autor m\u00e1s traducido en el mundo despu\u00e9s de Agatha\u00a0 Christie. Muri\u00f3 en Amiens un 24 de marzo de 1905.<\/p>\n<p style=\"text-align: justify;\">\u00a0\u00a0\u00a0\u00a0\u00a0\u00a0\u00a0\u00a0\u00a0 Pero tambi\u00e9n fue un gran poeta y como muestra, sirva este original soneto dedicado al invierno donde el poeta describe la escena de un so\u00f1ador frente al fuego del hogar, una fr\u00eda tarde de invierno, feliz so\u00f1ando en su butaca, conformista y burl\u00e1ndose del fr\u00edo, mientras, al atizar la lumbre, esta crece como una estrella ca\u00edda.<\/p>\n<p style=\"text-align: justify;\">\n<p style=\"text-align: center;\">CUANDO POR EL DURO INVIERNO<\/p>\n<p style=\"text-align: center;\">\n<p style=\"text-align: center;\">Cuando por el duro invierno que tristemente vuelve<\/p>\n<p style=\"text-align: center;\">la nieve con sus largos copos cae, blanqueando el techo,<\/p>\n<p style=\"text-align: center;\">permita que el gemido del tiempo la enfrente.<\/p>\n<p style=\"text-align: center;\">Por nuestros numerosos haces, \u00a1devu\u00e9lveme la estrecha chimenea!<\/p>\n<p style=\"text-align: center;\">\n<p style=\"text-align: center;\">Para el ocioso so\u00f1ador, la dulce sobremesa<\/p>\n<p style=\"text-align: center;\">con los pies sobre los morrillos, sue\u00f1a, cree<\/p>\n<p style=\"text-align: center;\">\u00a1La felicidad! \u2013\u00e9l no quiere delante de su chimenea m\u00e1s<\/p>\n<p style=\"text-align: center;\">que una butaca bien suave, \u00a1donde pueda burlarse del fr\u00edo!<\/p>\n<p style=\"text-align: center;\">\n<p style=\"text-align: center;\">Atiza su fuego por medio de sus tenazas;<\/p>\n<p style=\"text-align: center;\">la llama crece, como una estrella ca\u00edda.<\/p>\n<p style=\"text-align: center;\">La chispa que el ojo ve en la sombra se mantiene y sigue.<\/p>\n<p style=\"text-align: center;\">\n<p style=\"text-align: center;\">A \u00e9l le parece entonces ver que los astros de la noche se muestran;<\/p>\n<p style=\"text-align: center;\">la ilusi\u00f3n se redobla; \u00a1est\u00e1 feliz! piensa unir<\/p>\n<p style=\"text-align: center;\">\u00a1al calor del d\u00eda el encanto de la noche!<\/p>\n<p style=\"text-align: justify;\">\n<p style=\"text-align: justify;\">\u00a0\u00a0\u00a0\u00a0\u00a0\u00a0\u00a0\u00a0\u00a0 Amigos, tambi\u00e9n nosotros podemos so\u00f1ar al amor de la lumbre de una buena chimenea, enfrascados entre las p\u00e1ginas de un buen libro de poemas, dejando pasar las tardes de invierno con la esperanza de que una nueva primavera llegue a nuestras vidas.<\/p>\n<p style=\"text-align: justify;\">\n<p style=\"text-align: justify;\">Vuestra amiga Carmen Carrasco<\/p>\n","protected":false},"excerpt":{"rendered":"<p>Me hallo sentada c\u00f3modamente en mi sill\u00f3n de orejeras mientras los rayos de un tibio sol en una tarde de&hellip;<\/p>\n","protected":false},"author":2,"featured_media":23303,"comment_status":"open","ping_status":"open","sticky":false,"template":"","format":"standard","meta":{"om_disable_all_campaigns":false,"_mi_skip_tracking":false,"_monsterinsights_sitenote_active":false,"_monsterinsights_sitenote_note":"","_monsterinsights_sitenote_category":0,"footnotes":""},"categories":[21,30],"tags":[],"aioseo_notices":[],"_links":{"self":[{"href":"https:\/\/granadacostaglobal.es\/index.php?rest_route=\/wp\/v2\/posts\/23302"}],"collection":[{"href":"https:\/\/granadacostaglobal.es\/index.php?rest_route=\/wp\/v2\/posts"}],"about":[{"href":"https:\/\/granadacostaglobal.es\/index.php?rest_route=\/wp\/v2\/types\/post"}],"author":[{"embeddable":true,"href":"https:\/\/granadacostaglobal.es\/index.php?rest_route=\/wp\/v2\/users\/2"}],"replies":[{"embeddable":true,"href":"https:\/\/granadacostaglobal.es\/index.php?rest_route=%2Fwp%2Fv2%2Fcomments&post=23302"}],"version-history":[{"count":0,"href":"https:\/\/granadacostaglobal.es\/index.php?rest_route=\/wp\/v2\/posts\/23302\/revisions"}],"wp:featuredmedia":[{"embeddable":true,"href":"https:\/\/granadacostaglobal.es\/index.php?rest_route=\/"}],"wp:attachment":[{"href":"https:\/\/granadacostaglobal.es\/index.php?rest_route=%2Fwp%2Fv2%2Fmedia&parent=23302"}],"wp:term":[{"taxonomy":"category","embeddable":true,"href":"https:\/\/granadacostaglobal.es\/index.php?rest_route=%2Fwp%2Fv2%2Fcategories&post=23302"},{"taxonomy":"post_tag","embeddable":true,"href":"https:\/\/granadacostaglobal.es\/index.php?rest_route=%2Fwp%2Fv2%2Ftags&post=23302"}],"curies":[{"name":"wp","href":"https:\/\/api.w.org\/{rel}","templated":true}]}}