{"id":23281,"date":"2020-01-16T11:40:51","date_gmt":"2020-01-16T11:40:51","guid":{"rendered":"http:\/\/granadacostanacional.es\/?p=23281"},"modified":"2020-01-16T11:40:51","modified_gmt":"2020-01-16T11:40:51","slug":"la-belleza-de-regalar-un-cuento-para-fomentar-el-voluntariado","status":"publish","type":"post","link":"https:\/\/granadacostaglobal.es\/?p=23281","title":{"rendered":"La belleza de regalar un cuento para fomentar el voluntariado"},"content":{"rendered":"<div data-blogger-escaped-style=\"text-align: justify;\">\n<p><a href=\"http:\/\/granadacostanacional.es\/wp-content\/uploads\/2020\/01\/d1f91a7f-9d4b-4897-b8e9-7c500ad336bb.jpg\"><img decoding=\"async\" loading=\"lazy\" class=\"alignnone size-medium wp-image-23284 alignleft\" src=\"http:\/\/granadacostanacional.es\/wp-content\/uploads\/2020\/01\/d1f91a7f-9d4b-4897-b8e9-7c500ad336bb-300x225.jpg\" alt=\"d1f91a7f-9d4b-4897-b8e9-7c500ad336bb\" width=\"300\" height=\"225\" \/><\/a>Se ha presentado la belleza de regalar en la sudsede del Armats de Lleida. El cuento de la escritora To\u00f1y Castillo forma parte de la colecci\u00f3n cuentos desde mi cometa.<\/p>\n<p><a href=\"http:\/\/granadacostanacional.es\/wp-content\/uploads\/2020\/01\/b525431e-0c39-49b1-932d-f2e8176e7081.jpg\"><img decoding=\"async\" loading=\"lazy\" class=\"alignnone size-medium wp-image-23285\" src=\"http:\/\/granadacostanacional.es\/wp-content\/uploads\/2020\/01\/b525431e-0c39-49b1-932d-f2e8176e7081-300x225.jpg\" alt=\"b525431e-0c39-49b1-932d-f2e8176e7081\" width=\"300\" height=\"225\" \/><\/a><a href=\"http:\/\/granadacostanacional.es\/wp-content\/uploads\/2020\/01\/36d72f1f-ed96-4e45-b62a-74e1f67559a1.jpg\"><img decoding=\"async\" loading=\"lazy\" class=\"alignnone size-medium wp-image-23286\" src=\"http:\/\/granadacostanacional.es\/wp-content\/uploads\/2020\/01\/36d72f1f-ed96-4e45-b62a-74e1f67559a1-300x225.jpg\" alt=\"36d72f1f-ed96-4e45-b62a-74e1f67559a1\" width=\"300\" height=\"225\" \/><\/a><\/p>\n<\/div>\n<div data-blogger-escaped-style=\"text-align: justify;\"><\/div>\n<div style=\"text-align: justify;\" data-blogger-escaped-style=\"text-align: justify;\">\u00a0En la presentaciu\u00f3n asisitieron muchas autoridades representantes\u00a0 de la vida social, politica y cultural de la ciudad, y amigos y compa\u00f1eros que llenaron la sala\u00a0 dando calidez, y com\u00f3 no no podian faltar el apoyo de escritores y amigos de granada costa entre ellos: el poeta Antonio Gutierrez y Se\u00f1ora Carmen, La poeta y Presidenta de la Virgen de la Cabeza de Vila-sana la Sra. Lorena Jorado y su marido\u00a0 el Sr. Josep Mar\u00eda, la Dra\u00a0 Carmen Tello,\u00a0 el mago \u00d3scar de la Torre, la especialista en M\u00fasica M\u00aa \u00c1ngeles Molpeceres entre otras\u00a0 \u00a0y creando un clima maravilloso como suele ocurrir en las actividades propuestas por Els Armats de Lleida, un acto magnificamente conducido por el se\u00f1or Jose Antonio Barranco, su Presidente Miquel \u00c1ngel Comes y la Sra. Merc\u00e9 Par\u00e9s en la organizaci\u00f3n.<\/div>\n<div data-blogger-escaped-style=\"text-align: justify;\"><\/div>\n<div data-blogger-escaped-style=\"text-align: justify;\"><\/div>\n<div data-blogger-escaped-style=\"text-align: justify;\">\n<p style=\"text-align: justify;\">\u00a0<a href=\"http:\/\/granadacostanacional.es\/wp-content\/uploads\/2020\/01\/WhatsApp-Image-2020-01-15-at-20.08.06.jpeg\"><img decoding=\"async\" loading=\"lazy\" class=\"alignnone size-medium wp-image-23288 alignleft\" src=\"http:\/\/granadacostanacional.es\/wp-content\/uploads\/2020\/01\/WhatsApp-Image-2020-01-15-at-20.08.06-300x266.jpeg\" alt=\"WhatsApp Image 2020-01-15 at 20.08.06\" width=\"300\" height=\"266\" \/><\/a>La escritora y directora del aula hospitalaria de Lleida la Dra. To\u00f1y Castillo habl\u00f3 del voluntariado y la necesidad de solidaridad en este mundo necesitado de generosidad, as\u00ed como ley\u00f3 el cuento dedicado a Javer morales voluntario del aula\u00a0 que lleva su m\u00fasica a los ni\u00f1os ingresados mediante los cuencos tibetanos.<\/p>\n<\/div>\n<div style=\"text-align: justify;\" data-blogger-escaped-style=\"text-align: justify;\"><\/div>\n<div data-blogger-escaped-style=\"text-align: justify;\">\n<p>&nbsp;<\/p>\n<p>&nbsp;<\/p>\n<p>&nbsp;<\/p>\n<p>&nbsp;<\/p>\n<p style=\"text-align: justify;\">Javier mostr\u00f3 la belleza del sonido que se produce mediante ellos para a continuaci\u00f3n ofrecerlo al publico asistente y que pudieron no solo tocarlos sino crear una bella melod\u00eda entre todos.<\/p>\n<p><a href=\"http:\/\/granadacostanacional.es\/wp-content\/uploads\/2020\/01\/311a91ca-39d7-4f7a-8f5e-28239b0f75be.jpg\"><img decoding=\"async\" loading=\"lazy\" class=\"alignnone size-medium wp-image-23289\" src=\"http:\/\/granadacostanacional.es\/wp-content\/uploads\/2020\/01\/311a91ca-39d7-4f7a-8f5e-28239b0f75be-300x225.jpg\" alt=\"311a91ca-39d7-4f7a-8f5e-28239b0f75be\" width=\"300\" height=\"225\" \/><\/a><\/p>\n<\/div>\n<div data-blogger-escaped-style=\"text-align: justify;\"><\/div>\n<div data-blogger-escaped-style=\"text-align: justify;\">\n<p>\u00a0La velada cultural finaliz\u00f3 con un aperitivo y un ambiente que propiciaba la conversaci\u00f3n y el amor por la cultura.<\/p>\n<p><a href=\"http:\/\/granadacostanacional.es\/wp-content\/uploads\/2020\/01\/WhatsApp-Image-2020-01-16-at-12.33.37-1.jpeg\"><img decoding=\"async\" loading=\"lazy\" class=\"size-medium wp-image-23298 aligncenter\" src=\"http:\/\/granadacostanacional.es\/wp-content\/uploads\/2020\/01\/WhatsApp-Image-2020-01-16-at-12.33.37-1-300x225.jpeg\" alt=\"WhatsApp Image 2020-01-16 at 12.33.37 (1)\" width=\"300\" height=\"225\" \/><\/a><\/p>\n<p>Momentos:<\/p>\n<p><a href=\"http:\/\/granadacostanacional.es\/wp-content\/uploads\/2020\/01\/440ddd3d-0eba-4374-a07a-20dfb69c4c01.jpg\"><img decoding=\"async\" loading=\"lazy\" class=\"alignnone size-medium wp-image-23296\" src=\"http:\/\/granadacostanacional.es\/wp-content\/uploads\/2020\/01\/440ddd3d-0eba-4374-a07a-20dfb69c4c01-300x225.jpg\" alt=\"440ddd3d-0eba-4374-a07a-20dfb69c4c01\" width=\"300\" height=\"225\" \/><\/a><a href=\"http:\/\/granadacostanacional.es\/wp-content\/uploads\/2020\/01\/66a292a4-1d95-4a87-be4f-5d8bd6b6cc9c.jpg\"><img decoding=\"async\" loading=\"lazy\" class=\"alignnone size-medium wp-image-23297\" src=\"http:\/\/granadacostanacional.es\/wp-content\/uploads\/2020\/01\/66a292a4-1d95-4a87-be4f-5d8bd6b6cc9c-300x225.jpg\" alt=\"66a292a4-1d95-4a87-be4f-5d8bd6b6cc9c\" width=\"300\" height=\"225\" \/><\/a><\/p>\n<\/div>\n","protected":false},"excerpt":{"rendered":"<p>Se ha presentado la belleza de regalar en la sudsede del Armats de Lleida. El cuento de la escritora To\u00f1y&hellip;<\/p>\n","protected":false},"author":4,"featured_media":23282,"comment_status":"open","ping_status":"open","sticky":false,"template":"","format":"standard","meta":{"om_disable_all_campaigns":false,"_mi_skip_tracking":false,"_monsterinsights_sitenote_active":false,"_monsterinsights_sitenote_note":"","_monsterinsights_sitenote_category":0,"footnotes":""},"categories":[25,21,35,46,19,30],"tags":[],"aioseo_notices":[],"_links":{"self":[{"href":"https:\/\/granadacostaglobal.es\/index.php?rest_route=\/wp\/v2\/posts\/23281"}],"collection":[{"href":"https:\/\/granadacostaglobal.es\/index.php?rest_route=\/wp\/v2\/posts"}],"about":[{"href":"https:\/\/granadacostaglobal.es\/index.php?rest_route=\/wp\/v2\/types\/post"}],"author":[{"embeddable":true,"href":"https:\/\/granadacostaglobal.es\/index.php?rest_route=\/wp\/v2\/users\/4"}],"replies":[{"embeddable":true,"href":"https:\/\/granadacostaglobal.es\/index.php?rest_route=%2Fwp%2Fv2%2Fcomments&post=23281"}],"version-history":[{"count":0,"href":"https:\/\/granadacostaglobal.es\/index.php?rest_route=\/wp\/v2\/posts\/23281\/revisions"}],"wp:featuredmedia":[{"embeddable":true,"href":"https:\/\/granadacostaglobal.es\/index.php?rest_route=\/"}],"wp:attachment":[{"href":"https:\/\/granadacostaglobal.es\/index.php?rest_route=%2Fwp%2Fv2%2Fmedia&parent=23281"}],"wp:term":[{"taxonomy":"category","embeddable":true,"href":"https:\/\/granadacostaglobal.es\/index.php?rest_route=%2Fwp%2Fv2%2Fcategories&post=23281"},{"taxonomy":"post_tag","embeddable":true,"href":"https:\/\/granadacostaglobal.es\/index.php?rest_route=%2Fwp%2Fv2%2Ftags&post=23281"}],"curies":[{"name":"wp","href":"https:\/\/api.w.org\/{rel}","templated":true}]}}