{"id":23277,"date":"2020-01-15T19:00:23","date_gmt":"2020-01-15T19:00:23","guid":{"rendered":"http:\/\/granadacostanacional.es\/?p=23277"},"modified":"2020-01-15T19:00:23","modified_gmt":"2020-01-15T19:00:23","slug":"a-don-jaime-penafiel","status":"publish","type":"post","link":"https:\/\/granadacostaglobal.es\/?p=23277","title":{"rendered":"A  DON  JAIME PE\u00d1AFIEL"},"content":{"rendered":"<p style=\"text-align: justify;\">Esperando cumplir muy pronto los 88 a\u00f1os y por tanto perteneciente a las \u201cclases pasivas\u201d, no por eso he dejado de trabajar y seguir desarrollando todas las actividades habituales que cuando ten\u00eda 50 \u00f3 60 a\u00f1os, naturalmente con las limitaciones que el cumplir a\u00f1os conlleva. Quiero decir con esto que no paso la mayor\u00eda del tiempo sentado frente al televisor como suelen hacer la mayor\u00eda de personas de mi edad. De la televisi\u00f3n s\u00f3lo me interesan las noticias, informaciones y algunos reportajes y documentales.<\/p>\n<p style=\"text-align: justify;\">\u00a0\u00a0\u00a0\u00a0\u00a0\u00a0\u00a0\u00a0 El d\u00eda 27 de diciembre pasado, sobre las 5 de la tarde, y durante un ratito de descanso me sent\u00e9 frente al televisor y comenc\u00e9 a buscar una programaci\u00f3n de mi gusto (\u201czapear\u201d creo que se llama ahora) y en esto apareci\u00f3 el Sr. don Jaime Pe\u00f1afiel y esper\u00e9\u00a0 a ver qu\u00e9 tra\u00eda esta vez. Confieso que siempre que aparece este periodista lo veo y le escucho, no porque me interese lo que dice sino porque es granadino, nada m\u00e1s, y a todo lo granadino le tengo gran afecto. Y el 2\u00ba motivo por el que capta mi atenci\u00f3n es porque espero el momento\u00a0 en que puede ponerse esas gafas que estruja en la mano con las patillas dobladas, que utiliza como muletilla en cada gesto.<\/p>\n<p style=\"text-align: justify;\">Los temas del Sr. Pe\u00f1afiel son siempre m\u00e1s de lo mismo: cotilleos de personas irrelevantes la mayor\u00eda de las veces, bien est\u00e1 si eso es lo que a su auditorio le interesa; pero el alto personaje del d\u00eda 27 era nada menos que el Rey de Espa\u00f1a, su Majestad el rey Felipe VI y no para elogiarlo sino para airear a los cuatro vientos una ficticia, imaginada o tal vez real, el padecimiento de una enfermedad: NARCOLEPSIA.<\/p>\n<p style=\"text-align: justify;\">\u00a0\u00a0\u00a0\u00a0\u00a0\u00a0\u00a0\u00a0 El diccionario m\u00e9dico dice de la narcolepsia:\u201dneurosis rara caracterizada por una invencible necesidad de dormir, que sobreviene por accesos, incluso algunas veces al d\u00eda, obligando al sujeto a caer al suelo o acostarse para evitar la ca\u00edda\u201d<\/p>\n<p style=\"text-align: justify;\">\u00a0\u00a0\u00a0\u00a0\u00a0\u00a0\u00a0\u00a0 Visto esto uno se pregunta \u00bfC\u00f3mo es posible que el Rey que est\u00e1 continuamente ante el p\u00fablico no s\u00f3lo en Espa\u00f1a sino en todo el mundo y en muchos casos permanecer varias horas en los actos, en cualquier momento del d\u00eda y estaciones con ropajes nada c\u00f3modo ni agradable y jam\u00e1s se le haya manifestado esta imaginada enfermedad? (Claro que el ilustre periodista para salir del paso dice que la tiene controlada)<\/p>\n<p style=\"text-align: justify;\">\u00a0\u00a0\u00a0\u00a0\u00a0\u00a0\u00a0\u00a0 Al Sr. Pe\u00f1afiel habr\u00eda que aplicarle los versos del Duque de Rivas al conde de Villamediana: \u201cpica muy bien; mas debiera haber picado m\u00e1s bajo\u201d.<\/p>\n<p style=\"text-align: justify;\">De todos los reyes y Jefes de Estado del mundo, nuestro rey \u00a0es el mejor valorado por su preparaci\u00f3n,\u00a0 por sus comportamientos, por su responsabilidad y otras muchas virtudes de las que est\u00e1 adornado, y por si esto fuera poco, en cuanto a su aspecto f\u00edsico luce la mejor imagen de un l\u00edder de la \u00e9poca actual, es de los pocos al que se le pod\u00eda aplicar con justicia lo de \u201ccaballero de fina estampa\u201d. Su misi\u00f3n es compleja, dif\u00edcil y agotadora, ya lo escribi\u00f3 Montaigne: \u201del oficio m\u00e1s arduo del mundo, en mi opini\u00f3n, es el de ejercer dignamente de rey\u201d. Pues nadie mejor que nuestro rey est\u00e1 ejerciendo su cargo con la mayor dignidad, muy en serio y responsable.<\/p>\n<p style=\"text-align: justify;\">Por otra parte, esas declaraciones de desacreditar al Rey se hacen en un momento de crisis pol\u00edtica, judicial y algunas m\u00e1s; m\u00e1s inoportuno no pueden haber sido y en este caso\u00a0 no cuela el maquillar o vestir sus palabras con ese ropaje de camuflaje que se suele emplear cuando lo que se dice es improcedente o insultante que se le suele llamar \u201clibertad de expresi\u00f3n\u201d.<\/p>\n<p style=\"text-align: justify;\">\u00a0\u00a0\u00a0\u00a0\u00a0\u00a0\u00a0\u00a0 Llama mucho la atenci\u00f3n de este comportamiento del Sr. Pe\u00f1afiel cuando como periodista ha sido\u00a0 un privilegiado de la Casa Real que se le ha permitido acompa\u00f1ar a los Pr\u00edncipes y despu\u00e9s a los Reyes en sus viajes y despu\u00e9s en los actos oficiales como prueba en su libro \u201cMis bodas reales\u201d.\u00a0 \u00bfQu\u00e9 pretende el Sr. Pe\u00f1afiel con esta actitud de desprestigio de la Familia Real?<strong>\u00a0 <\/strong>Quiz\u00e1s busque nuevas glorias o descargar su esp\u00edritu. Pues ya va siendo hora de que a su edad (que ya no es un ni\u00f1o porque naci\u00f3 en el a\u00f1o 1932) sea prudente y respetuoso con su Majestad el Rey Felipe VI que nos representa a todos los espa\u00f1oles. Adem\u00e1s trata de t\u00fa a t\u00fa al Rey, salt\u00e1ndose cualquier clase de protocolo. Por lo visto al Sr. Pe\u00f1afiel eso de Majestad le viene grande.<\/p>\n<p style=\"text-align: justify;\">Mi protesta es por la parte que a m\u00ed me corresponde; que la pr\u00f3xima vez \u201cno pique tan alto\u201d y que se acostumbre a ver en el sol no sus manchas sino su luz, su resplandor.<\/p>\n<p style=\"text-align: right;\">JOS\u00c9 ANTONIO BUSTOS<\/p>\n","protected":false},"excerpt":{"rendered":"<p>Esperando cumplir muy pronto los 88 a\u00f1os y por tanto perteneciente a las \u201cclases pasivas\u201d, no por eso he dejado&hellip;<\/p>\n","protected":false},"author":2,"featured_media":23278,"comment_status":"open","ping_status":"open","sticky":false,"template":"","format":"standard","meta":{"om_disable_all_campaigns":false,"_mi_skip_tracking":false,"_monsterinsights_sitenote_active":false,"_monsterinsights_sitenote_note":"","_monsterinsights_sitenote_category":0,"footnotes":""},"categories":[21,30],"tags":[],"aioseo_notices":[],"_links":{"self":[{"href":"https:\/\/granadacostaglobal.es\/index.php?rest_route=\/wp\/v2\/posts\/23277"}],"collection":[{"href":"https:\/\/granadacostaglobal.es\/index.php?rest_route=\/wp\/v2\/posts"}],"about":[{"href":"https:\/\/granadacostaglobal.es\/index.php?rest_route=\/wp\/v2\/types\/post"}],"author":[{"embeddable":true,"href":"https:\/\/granadacostaglobal.es\/index.php?rest_route=\/wp\/v2\/users\/2"}],"replies":[{"embeddable":true,"href":"https:\/\/granadacostaglobal.es\/index.php?rest_route=%2Fwp%2Fv2%2Fcomments&post=23277"}],"version-history":[{"count":0,"href":"https:\/\/granadacostaglobal.es\/index.php?rest_route=\/wp\/v2\/posts\/23277\/revisions"}],"wp:featuredmedia":[{"embeddable":true,"href":"https:\/\/granadacostaglobal.es\/index.php?rest_route=\/"}],"wp:attachment":[{"href":"https:\/\/granadacostaglobal.es\/index.php?rest_route=%2Fwp%2Fv2%2Fmedia&parent=23277"}],"wp:term":[{"taxonomy":"category","embeddable":true,"href":"https:\/\/granadacostaglobal.es\/index.php?rest_route=%2Fwp%2Fv2%2Fcategories&post=23277"},{"taxonomy":"post_tag","embeddable":true,"href":"https:\/\/granadacostaglobal.es\/index.php?rest_route=%2Fwp%2Fv2%2Ftags&post=23277"}],"curies":[{"name":"wp","href":"https:\/\/api.w.org\/{rel}","templated":true}]}}