{"id":23253,"date":"2020-01-13T11:54:54","date_gmt":"2020-01-13T11:54:54","guid":{"rendered":"http:\/\/granadacostanacional.es\/?p=23253"},"modified":"2020-01-13T11:54:54","modified_gmt":"2020-01-13T11:54:54","slug":"la-voz-de-los-ninos-y-jovenes","status":"publish","type":"post","link":"https:\/\/granadacostaglobal.es\/?p=23253","title":{"rendered":"La voz de los ni\u00f1os y j\u00f3venes"},"content":{"rendered":"<p>Yo me llamo Alba y tengo 11 a\u00f1os. Para m\u00ed es importante\u00a0\u00a0 que nos tratemos bien los unos a los otros, que no hagamos a los dem\u00e1s lo que no nos gusta que nos hagan a nosotros.\u00a0 Me hace sentir bien que todos seamos amigos de todos.<\/p>\n<p>Me gusta estar mucho con mi familia porque todos juntos nos lo pasamos muy bien y estoy muy feliz con ellos.<\/p>\n","protected":false},"excerpt":{"rendered":"<p>Yo me llamo Alba y tengo 11 a\u00f1os. Para m\u00ed es importante\u00a0\u00a0 que nos tratemos bien los unos a los&hellip;<\/p>\n","protected":false},"author":4,"featured_media":23257,"comment_status":"open","ping_status":"open","sticky":false,"template":"","format":"standard","meta":{"om_disable_all_campaigns":false,"_mi_skip_tracking":false,"_monsterinsights_sitenote_active":false,"_monsterinsights_sitenote_note":"","_monsterinsights_sitenote_category":0,"footnotes":""},"categories":[25,36,21,35,27,48,22,19,30],"tags":[],"aioseo_notices":[],"_links":{"self":[{"href":"https:\/\/granadacostaglobal.es\/index.php?rest_route=\/wp\/v2\/posts\/23253"}],"collection":[{"href":"https:\/\/granadacostaglobal.es\/index.php?rest_route=\/wp\/v2\/posts"}],"about":[{"href":"https:\/\/granadacostaglobal.es\/index.php?rest_route=\/wp\/v2\/types\/post"}],"author":[{"embeddable":true,"href":"https:\/\/granadacostaglobal.es\/index.php?rest_route=\/wp\/v2\/users\/4"}],"replies":[{"embeddable":true,"href":"https:\/\/granadacostaglobal.es\/index.php?rest_route=%2Fwp%2Fv2%2Fcomments&post=23253"}],"version-history":[{"count":0,"href":"https:\/\/granadacostaglobal.es\/index.php?rest_route=\/wp\/v2\/posts\/23253\/revisions"}],"wp:featuredmedia":[{"embeddable":true,"href":"https:\/\/granadacostaglobal.es\/index.php?rest_route=\/"}],"wp:attachment":[{"href":"https:\/\/granadacostaglobal.es\/index.php?rest_route=%2Fwp%2Fv2%2Fmedia&parent=23253"}],"wp:term":[{"taxonomy":"category","embeddable":true,"href":"https:\/\/granadacostaglobal.es\/index.php?rest_route=%2Fwp%2Fv2%2Fcategories&post=23253"},{"taxonomy":"post_tag","embeddable":true,"href":"https:\/\/granadacostaglobal.es\/index.php?rest_route=%2Fwp%2Fv2%2Ftags&post=23253"}],"curies":[{"name":"wp","href":"https:\/\/api.w.org\/{rel}","templated":true}]}}