{"id":23209,"date":"2020-01-09T12:45:23","date_gmt":"2020-01-09T12:45:23","guid":{"rendered":"http:\/\/granadacostanacional.es\/?p=23209"},"modified":"2020-01-09T12:45:23","modified_gmt":"2020-01-09T12:45:23","slug":"la-luna-protagonista-del-comienzo-de-2020","status":"publish","type":"post","link":"https:\/\/granadacostaglobal.es\/?p=23209","title":{"rendered":"La Luna, protagonista del comienzo de 2020."},"content":{"rendered":"<p style=\"text-align: center;\"><strong>Primer eclipse penumbral visible\u00a0\u00a0<\/strong><strong>desde la Pen\u00ednsula Ib\u00e9rica<\/strong><\/p>\n<ul>\n<li>Tendr\u00e1 lugar el viernes, 10 de enero, durante las primeras horas de la noche.<\/li>\n<\/ul>\n<figure id=\"attachment_23210\" aria-describedby=\"caption-attachment-23210\" style=\"width: 607px\" class=\"wp-caption alignnone\"><a href=\"http:\/\/granadacostanacional.es\/wp-content\/uploads\/2020\/01\/Predicci\u00f3n-de-nubosidad-y-lluvia-para-la-tarde-del-viernes-coincidiendo-con-el-eclipse..jpg\"><img decoding=\"async\" loading=\"lazy\" class=\"wp-image-23210\" title=\"Predicci\u00f3n de nubosidad y lluvia para la tarde del viernes, coincidiendo con el eclipse.\" src=\"http:\/\/granadacostanacional.es\/wp-content\/uploads\/2020\/01\/Predicci\u00f3n-de-nubosidad-y-lluvia-para-la-tarde-del-viernes-coincidiendo-con-el-eclipse.-1024x665.jpg\" alt=\"Predicci\u00f3n de nubosidad y lluvia para la tarde del viernes, coincidiendo con el eclipse.\" width=\"607\" height=\"394\" \/><\/a><figcaption id=\"caption-attachment-23210\" class=\"wp-caption-text\"><em>Predicci\u00f3n de nubosidad y lluvia para la tarde del viernes, coincidiendo con el eclipse.<\/em><\/figcaption><\/figure>\n<p style=\"text-align: justify;\"><strong>Madrid, 08 de enero de 2020.-<\/strong> Justo con la puesta de Sol, sobre las 18:00 horas de este viernes, \u00a010 de enero, se podr\u00e1 observar un eclipse penumbral de Luna en la Pen\u00ednsula Ib\u00e9rica. La m\u00e1xima oscuridad aqu\u00ed se apreciar\u00e1 en torno a las 20:30 y tambi\u00e9n ser\u00e1 visible en casi todo el continente euroasi\u00e1tico, \u00a0buena parte de \u00c1frica y Ocean\u00eda.<\/p>\n<p style=\"text-align: justify;\">\n<p style=\"text-align: justify;\"><strong>\u00bfQu\u00e9 es un eclipse penumbral?<\/strong><\/p>\n<p style=\"text-align: justify;\">La sombra proyectada por la Tierra tiene dos \u00e1reas diferenciadas: la umbra y la penumbra. La primera es una zona en la cual la luz directa del Sol es completamente eclipsada; la penumbra, por su parte, se caracteriza por ser un sector donde la iluminaci\u00f3n del Sol es visible s\u00f3lo parcialmente.<\/p>\n<p style=\"text-align: justify;\">\n<p style=\"text-align: justify;\">As\u00ed,\u00a0<strong>cualquier objeto que atraviese la zona de penumbra, en este caso la Luna, seguir\u00e1 siendo iluminado, pero con menor intensidad de lo normal<\/strong>.<\/p>\n<p style=\"text-align: justify;\">\n<p style=\"text-align: justify;\"><strong>\u00bfSer\u00e1 f\u00e1cil verlo? <\/strong><\/p>\n<p style=\"text-align: justify;\">S\u00ed, no es necesario contar con un instrumento especial para su observaci\u00f3n. Al ser penumbral solo se divisar\u00e1 c\u00f3mo el brillo de la Luna disminuye, por lo que habr\u00e1 que estar muy atento para apreciarlo.<\/p>\n<p style=\"text-align: justify;\">\n<p style=\"text-align: justify;\">En el momento del eclipse, hacia el suroeste, adem\u00e1s se podr\u00e1 observar Venus con total claridad, puesto que se convertir\u00e1 en el objeto m\u00e1s brillante despu\u00e9s de la Luna.<\/p>\n<p style=\"text-align: justify;\">\n<p style=\"text-align: justify;\">A orillas del Cant\u00e1brico, Pirineos y en la vertiente mediterr\u00e1nea \u2013sobre todo Comunidad Valenciana y Murcia-, as\u00ed como en Baleares y Canarias, la observaci\u00f3n probablemente se ver\u00e1 afectada por la nubosidad abundante. Madrid y Barcelona ser\u00e1n unas de las ciudades donde mejor se podr\u00e1 disfrutar, porque dispondr\u00e1n de grandes claros.<\/p>\n<p style=\"text-align: justify;\">\n<p style=\"text-align: justify;\"><strong>\u00bfEs seguro observar el eclipse lunar? <\/strong><\/p>\n<p style=\"text-align: justify;\">De nuevo la respuesta es s\u00ed. No hay ning\u00fan problema en observar directamente los eclipses, siempre y cuando sean de Luna. Hay una trampa para los observadores que opten por usar el telescopio: se debe mirar la Luna siempre con el mismo ojo y reservar el otro para ver mejor los puntos de menor brillo.<\/p>\n<p style=\"text-align: justify;\">\n<p style=\"text-align: right;\"><a href=\"http:\/\/granadacostanacional.es\/wp-content\/uploads\/2020\/01\/g.png\"><img decoding=\"async\" loading=\"lazy\" class=\"wp-image-23221 aligncenter\" src=\"http:\/\/granadacostanacional.es\/wp-content\/uploads\/2020\/01\/g.png\" alt=\"g\" width=\"110\" height=\"79\" \/><\/a><\/p>\n","protected":false},"excerpt":{"rendered":"<p>Primer eclipse penumbral visible\u00a0\u00a0desde la Pen\u00ednsula Ib\u00e9rica Tendr\u00e1 lugar el viernes, 10 de enero, durante las primeras horas de la&hellip;<\/p>\n","protected":false},"author":2,"featured_media":23220,"comment_status":"open","ping_status":"open","sticky":false,"template":"","format":"standard","meta":{"om_disable_all_campaigns":false,"_mi_skip_tracking":false,"_monsterinsights_sitenote_active":false,"_monsterinsights_sitenote_note":"","_monsterinsights_sitenote_category":0,"footnotes":""},"categories":[21,22,30],"tags":[],"aioseo_notices":[],"_links":{"self":[{"href":"https:\/\/granadacostaglobal.es\/index.php?rest_route=\/wp\/v2\/posts\/23209"}],"collection":[{"href":"https:\/\/granadacostaglobal.es\/index.php?rest_route=\/wp\/v2\/posts"}],"about":[{"href":"https:\/\/granadacostaglobal.es\/index.php?rest_route=\/wp\/v2\/types\/post"}],"author":[{"embeddable":true,"href":"https:\/\/granadacostaglobal.es\/index.php?rest_route=\/wp\/v2\/users\/2"}],"replies":[{"embeddable":true,"href":"https:\/\/granadacostaglobal.es\/index.php?rest_route=%2Fwp%2Fv2%2Fcomments&post=23209"}],"version-history":[{"count":0,"href":"https:\/\/granadacostaglobal.es\/index.php?rest_route=\/wp\/v2\/posts\/23209\/revisions"}],"wp:featuredmedia":[{"embeddable":true,"href":"https:\/\/granadacostaglobal.es\/index.php?rest_route=\/"}],"wp:attachment":[{"href":"https:\/\/granadacostaglobal.es\/index.php?rest_route=%2Fwp%2Fv2%2Fmedia&parent=23209"}],"wp:term":[{"taxonomy":"category","embeddable":true,"href":"https:\/\/granadacostaglobal.es\/index.php?rest_route=%2Fwp%2Fv2%2Fcategories&post=23209"},{"taxonomy":"post_tag","embeddable":true,"href":"https:\/\/granadacostaglobal.es\/index.php?rest_route=%2Fwp%2Fv2%2Ftags&post=23209"}],"curies":[{"name":"wp","href":"https:\/\/api.w.org\/{rel}","templated":true}]}}