{"id":23090,"date":"2019-12-26T12:47:48","date_gmt":"2019-12-26T12:47:48","guid":{"rendered":"http:\/\/granadacostanacional.es\/?p=23090"},"modified":"2019-12-26T12:47:48","modified_gmt":"2019-12-26T12:47:48","slug":"pensamientos-inconexos","status":"publish","type":"post","link":"https:\/\/granadacostaglobal.es\/?p=23090","title":{"rendered":"Pensamientos inconexos"},"content":{"rendered":"<p style=\"text-align: justify;\">Juan, un viejo profesor de lat\u00edn al que se le agotaba la vida, yac\u00eda postrado. Al otro lado de la habitaci\u00f3n, sus hijos discut\u00edan asuntos de herencia.<\/p>\n<p style=\"text-align: justify;\">\u00a0\u00a0\u00a0\u00a0\u00a0\u00a0\u00a0\u00a0\u00a0\u00a0\u00a0 \u2013Te toca a ti Julia, \u2013dijo el hermano mayor al salir de la habitaci\u00f3n\u2013, pap\u00e1 est\u00e1 de un pesado, ha perdido la cabeza, dice cosas muy raras.<\/p>\n<p style=\"text-align: justify;\">\u00a0\u00a0\u00a0\u00a0\u00a0\u00a0\u00a0\u00a0\u00a0\u00a0\u00a0 De los cinco hermanos, Julia era la peque\u00f1a. Entr\u00f3 en la habitaci\u00f3n de su padre y se sent\u00f3 junto a la cama.<\/p>\n<p style=\"text-align: justify;\">\u00a0\u00a0\u00a0\u00a0\u00a0\u00a0\u00a0\u00a0\u00a0\u00a0\u00a0 \u2013Eso que se est\u00e1n ya repartiendo tus hermanos, no tiene ning\u00fan verdadero valor, \u2013dijo el anciano Juan que a pesar de estar muy enfermo, una obstinada lucidez se negaba a abandonarlo.<\/p>\n<p style=\"text-align: justify;\">\u00a0\u00a0\u00a0\u00a0\u00a0\u00a0\u00a0\u00a0\u00a0\u00a0\u00a0 \u2013Tranquilo pap\u00e1, ya sabes c\u00f3mo son \u2013dijo la joven.<\/p>\n<p style=\"text-align: justify;\">\u00a0\u00a0\u00a0\u00a0\u00a0\u00a0\u00a0\u00a0\u00a0\u00a0\u00a0 \u2013Lo s\u00e9, por eso te voy a dar a ti la verdadera herencia, espero que t\u00fa s\u00ed consigas repartirla con ellos, porque a mi ninguno me hace caso.<\/p>\n<p style=\"text-align: justify;\">\u00a0\u00a0\u00a0\u00a0\u00a0\u00a0\u00a0\u00a0\u00a0\u00a0\u00a0 \u2013No s\u00e9 a qu\u00e9 te refieres.<\/p>\n<p style=\"text-align: justify;\">\u00a0\u00a0\u00a0\u00a0\u00a0\u00a0\u00a0\u00a0\u00a0\u00a0\u00a0 \u2013Esc\u00fachame con atenci\u00f3n, \u2013dijo Juan, como si fuese a describirle el mapa de un tesoro escondido\u2013. Igual que con los videos en Internet, a veces las palabras se vuelven virales, como por ejemplo procrastinar. Lleva en nuestro idioma desde los tiempos en que el lat\u00edn era una lengua viva, sin embargo ahora parece que haya salido de la nada, ya ves, se ha puesto de moda. Para quienes era su lengua materna en aquella \u00e9poca, utilizaron \u201c<em>Pro crastinus o procrastinare\u201d<\/em> para explicar el h\u00e1bito de postergar cosas importantes, haciendo en su lugar otras que nos puedan resultar m\u00e1s agradables, aunque sean superficiales o insustanciales. Creo que nunca antes ha cobrado tanto sentido como en la era que nos toca vivir.<\/p>\n<p style=\"text-align: justify;\">\u00a0\u00a0\u00a0\u00a0\u00a0\u00a0\u00a0\u00a0\u00a0\u00a0\u00a0 \u2013Pap\u00e1, tranquilo, ya no est\u00e1s en tus clases de lat\u00edn, \u2013ahora la joven, entendi\u00f3 lo que su hermano dijo al salir de la habitaci\u00f3n, sobre decir cosas raras.<\/p>\n<p style=\"text-align: justify;\">\u00a0\u00a0\u00a0\u00a0\u00a0\u00a0\u00a0\u00a0\u00a0\u00a0\u00a0 \u2013\u00bfSabes una cosa? \u2013Pero el abuelo continu\u00f3\u2013, la especie humana, en nuestro rol de sociedad materialista, siempre tuvimos la costumbre de procrastinar o postergar las cosas m\u00e1s importantes. Solo hay que echar un vistazo al cambio clim\u00e1tico o a las obsoletas costumbres, que deber\u00edan haberse cambiado ya, como las hom\u00f3fobas, machistas, nacionalistas radicales o religiosas fan\u00e1ticas. Teniendo tantas cosas importantes por hacer y sin embargo, nunca antes tuvimos tantas cosas insustanciales a las que dedicar nuestro tiempo.<\/p>\n<p style=\"text-align: justify;\">\u00a0\u00a0\u00a0\u00a0\u00a0\u00a0\u00a0\u00a0\u00a0\u00a0\u00a0 A la joven siempre le gust\u00f3 escuchar a su pap\u00e1. Aunque con los a\u00f1os los cuentos de infancia, se fueron recrudeciendo con el paso del tiempo, como si la vida lo hubiese agriado. Sin embargo su voz, aunque ahora algo m\u00e1s lenta y afectada por su enfermedad, segu\u00eda all\u00ed, tan c\u00e1lida que a ella no le importaba seguir escuchando, aunque parecieran m\u00e1s bien delirios.<\/p>\n<p style=\"text-align: justify;\">\u00a0\u00a0\u00a0\u00a0\u00a0\u00a0\u00a0\u00a0\u00a0\u00a0\u00a0 \u2013Pero hay algo m\u00e1s profundo algo m\u00e1s espiritual si quieres, \u2013continu\u00f3 el abuelo\u2013 algo que est\u00e1 inconexo dentro de nosotros, pero ya no como sociedad, sino como individuos. Todos estamos convencidos de que en nuestra vida diaria no procrastinamos, sino que vivimos cada d\u00eda haciendo las cosas m\u00e1s importantes para la vida, trabajar, estudiar, criar a los hijos, ser ecol\u00f3gicos en lo posible,\u00a0 etc. \u00bfPero sabes una cosa Julia? Hay algo que si postergamos para el final, yo lo he hecho. No solo lo posponemos sino que hemos edificado un muro a su alrededor, miramos hacia otro lado, tratamos de disimular, no queremos adentrarnos en la madriguera, siempre nos dio miedo que habr\u00e1 al otro lado. Y entonces creemos o queremos creer lo que nos cuentan, lo que leemos, pero nadie sabe, nadie entiende porque moriremos, y nadie entender\u00e1 jam\u00e1s porque una mente que ans\u00eda la eternidad debe asumir la muerte.<\/p>\n<p style=\"text-align: justify;\">\u00a0\u00a0\u00a0\u00a0\u00a0\u00a0\u00a0\u00a0\u00a0\u00a0\u00a0 Julia qued\u00f3 perpleja al ver tanta cordura dentro de tanto desvar\u00edo.<\/p>\n<p style=\"text-align: justify;\">\u00a0\u00a0\u00a0\u00a0\u00a0\u00a0\u00a0\u00a0\u00a0\u00a0\u00a0 \u2013Inventamos religiones, filosof\u00edas y ciencias muy valientes, pero lo \u00fanico que hacemos es posponer nuestros sentimientos inconexos, nuestro miedo a la muerte, nuestro miedo a reconocer el tiempo que hemos perdido en odiar, en temer, en da\u00f1ar, en herir, en abandonar, cuando podr\u00edamos haber amado, haber sido sinceros con nosotros mismos y prepararnos para una muerte satisfecha.<\/p>\n<p style=\"text-align: justify;\">\u00a0\u00a0\u00a0\u00a0\u00a0\u00a0\u00a0\u00a0\u00a0\u00a0\u00a0 \u2013Pap\u00e1 que tratas de decirme \u2013dijo por fin Julia, que pareci\u00f3 darse cuenta, que detr\u00e1s de todo tan solo quer\u00eda regalarle una ense\u00f1anza.<\/p>\n<p style=\"text-align: justify;\">\u00a0\u00a0\u00a0\u00a0\u00a0\u00a0\u00a0\u00a0\u00a0\u00a0\u00a0 \u2013Te voy a contar lo que siento a las puertas de la muerte, esta es mi verdadera herencia. Muchas veces intent\u00e9 asomarme a la madriguera y las im\u00e1genes se volv\u00edan et\u00e9reas y se quemaban con la pena, cuando las pienso se vuelven de ese color tan nost\u00e1lgico, se vuelven de ese sepia tan atroz. Entonces me doy cuenta que una vida no basta para decir lo que siento, una vida no basta para sentir lo que digo, mil vidas tan solo servir\u00edan para explicar aquel primer roce casual de mi piel contra su piel. Cuando conoc\u00ed a tu madre su olor se atrincher\u00f3 dentro de m\u00ed, ni el infinito lo entender\u00eda. Tiempo, me falt\u00f3 tiempo y me sobraron minutos, est\u00fapidos minutos o yo un est\u00fapido en esos minutos. Ahora en estos \u00faltimos momentos, yo que me cre\u00ed desamparado, recuerdo que lo tuve todo. Encerrado en mi pu\u00f1o durante un instante eterno, lo guard\u00e9 en un coraz\u00f3n que nunca dej\u00f3 de cicatrizar y ahora s\u00e9 que morir\u00e9 con un alma malcosida a los recuerdos. S\u00e9, que en ese momento que se acerca volver\u00e9 a ver aquellos ojos que vi por primera vez. Deb\u00ed amar m\u00e1s a tu madre y llorar menos mis temores.<\/p>\n<p style=\"text-align: justify;\">\u00a0\u00a0\u00a0\u00a0\u00a0\u00a0\u00a0\u00a0\u00a0\u00a0\u00a0 Con esas palabras Juan mir\u00f3 hacia la ventana y se dio permiso para esa \u00faltima l\u00e1grima.<\/p>\n<p style=\"text-align: justify;\">\u00a0\u00a0\u00a0\u00a0\u00a0\u00a0\u00a0\u00a0\u00a0\u00a0\u00a0 \u2013Ahora, \u2013continu\u00f3 Juan con una voz algo m\u00e1s tr\u00e9mula\u2013 a las puertas de la muerte es cuando veo con claridad, \u00bfno es ir\u00f3nico? Siento como sus ojos tocaron el tiempo, y pararon su pulso mientras mi alma colapsaba con el universo, ahora siento su caricia, su voz, sus suspiros, toda su vida en este segundo.<\/p>\n<p style=\"text-align: justify;\">\u00a0\u00a0\u00a0\u00a0\u00a0\u00a0\u00a0\u00a0\u00a0\u00a0\u00a0 \u2013Pap\u00e1, no debes atormentarte. Mam\u00e1 te am\u00f3 mucho.<\/p>\n<p style=\"text-align: justify;\">\u00a0\u00a0\u00a0\u00a0\u00a0\u00a0\u00a0\u00a0\u00a0\u00a0\u00a0 \u2013Lo s\u00e9 y por eso s\u00e9 que supo morir. Es muy triste no saber morir, la gran mayor\u00eda hacemos el payaso, sabiendo que alg\u00fan d\u00eda todo acabar\u00e1. A menudo me pregunto, \u00bfporque la evoluci\u00f3n nos convirti\u00f3 en una especie consciente de s\u00ed misma, consciente de ser tan ef\u00edmera, solo para despu\u00e9s sufrir la soledad el universo?<\/p>\n<p style=\"text-align: justify;\">\u00a0\u00a0\u00a0\u00a0\u00a0\u00a0\u00a0\u00a0\u00a0\u00a0\u00a0 \u2013Pap\u00e1 descansa.<\/p>\n<p style=\"text-align: justify;\">\u00a0\u00a0\u00a0\u00a0\u00a0\u00a0\u00a0\u00a0\u00a0\u00a0\u00a0 \u2013He descansado demasiado mis emociones durante toda mi vida, como casi todo el mundo. Esc\u00fachame hija, esta es mi herencia, he descubierto, qu\u00e9 es la muerte. Recu\u00e9rdalo toda tu vida y lograras ser feliz. La muerte es ese sigiloso enemigo al que llamamos miedo. No postergues tu vida, v\u00edvela sin miedo. La gran mayor\u00eda han muerto mucho antes de morir. Ama todo lo que puedas, no lo dejes para el \u00faltimo momento.<\/p>\n<p style=\"text-align: justify;\">\n<p style=\"text-align: right;\">Manuel Salcedo G\u00e1lvez<\/p>\n","protected":false},"excerpt":{"rendered":"<p>Juan, un viejo profesor de lat\u00edn al que se le agotaba la vida, yac\u00eda postrado. Al otro lado de la&hellip;<\/p>\n","protected":false},"author":3,"featured_media":23091,"comment_status":"open","ping_status":"open","sticky":false,"template":"","format":"standard","meta":{"om_disable_all_campaigns":false,"_mi_skip_tracking":false,"_monsterinsights_sitenote_active":false,"_monsterinsights_sitenote_note":"","_monsterinsights_sitenote_category":0,"footnotes":""},"categories":[24],"tags":[],"aioseo_notices":[],"_links":{"self":[{"href":"https:\/\/granadacostaglobal.es\/index.php?rest_route=\/wp\/v2\/posts\/23090"}],"collection":[{"href":"https:\/\/granadacostaglobal.es\/index.php?rest_route=\/wp\/v2\/posts"}],"about":[{"href":"https:\/\/granadacostaglobal.es\/index.php?rest_route=\/wp\/v2\/types\/post"}],"author":[{"embeddable":true,"href":"https:\/\/granadacostaglobal.es\/index.php?rest_route=\/wp\/v2\/users\/3"}],"replies":[{"embeddable":true,"href":"https:\/\/granadacostaglobal.es\/index.php?rest_route=%2Fwp%2Fv2%2Fcomments&post=23090"}],"version-history":[{"count":0,"href":"https:\/\/granadacostaglobal.es\/index.php?rest_route=\/wp\/v2\/posts\/23090\/revisions"}],"wp:featuredmedia":[{"embeddable":true,"href":"https:\/\/granadacostaglobal.es\/index.php?rest_route=\/"}],"wp:attachment":[{"href":"https:\/\/granadacostaglobal.es\/index.php?rest_route=%2Fwp%2Fv2%2Fmedia&parent=23090"}],"wp:term":[{"taxonomy":"category","embeddable":true,"href":"https:\/\/granadacostaglobal.es\/index.php?rest_route=%2Fwp%2Fv2%2Fcategories&post=23090"},{"taxonomy":"post_tag","embeddable":true,"href":"https:\/\/granadacostaglobal.es\/index.php?rest_route=%2Fwp%2Fv2%2Ftags&post=23090"}],"curies":[{"name":"wp","href":"https:\/\/api.w.org\/{rel}","templated":true}]}}