{"id":22965,"date":"2019-12-18T09:40:59","date_gmt":"2019-12-18T09:40:59","guid":{"rendered":"http:\/\/granadacostanacional.es\/?p=22965"},"modified":"2019-12-18T09:40:59","modified_gmt":"2019-12-18T09:40:59","slug":"la-dra-tony-castillo-nueva-coordinadora-del-grupo-de-investigacion-del-colegio-oficial-de-pedagogos-de-cataluna","status":"publish","type":"post","link":"https:\/\/granadacostaglobal.es\/?p=22965","title":{"rendered":"La Dra. To\u00f1y Castillo nueva Coordinadora del Grupo de Investigaci\u00f3n del Colegio Oficial de Pedagogos de Catalu\u00f1a"},"content":{"rendered":"<p style=\"font-weight: 400;\"><strong><a href=\"http:\/\/granadacostanacional.es\/wp-content\/uploads\/2019\/12\/ea5916e7-76a6-46b2-bcc9-7f6f554f5147.jpg\"><img decoding=\"async\" loading=\"lazy\" class=\"size-medium wp-image-22966 aligncenter\" src=\"http:\/\/granadacostanacional.es\/wp-content\/uploads\/2019\/12\/ea5916e7-76a6-46b2-bcc9-7f6f554f5147-300x129.jpg\" alt=\"ea5916e7-76a6-46b2-bcc9-7f6f554f5147\" width=\"300\" height=\"129\" \/><\/a><\/strong><\/p>\n<p style=\"font-weight: 400; text-align: center;\">Momentos de La Presentaci\u00f3n de la Dra. To\u00f1y Castillo por parte de la Doctora Viqui G\u00f3mez Vicepresidenta del Colegio Oficial de Pedagogos de Catalu\u00f1a<\/p>\n<p style=\"font-weight: 400; text-align: justify;\"><strong>La\u00a0<\/strong><strong>\u00a0Dra. To\u00f1y Castillo.\u00a0<\/strong><strong>Directora del Aula Hospitalaria Dr. Antoni Cambrod\u00ed del Hospital Universitario Arnau de Vilanova de Lleida,\u00a0 \u00a0 hoy 17 de diciembre toma posesi\u00f3n en Barcelona en el Colegio Oficial de Pedagogos de Catalu\u00f1a COPEC como Coordinadora del Grupo de Invesitgaci\u00f3n en el \u00c1rea de Pedagog\u00eda y Salud. Dentro de las Actividades que esta tarde est\u00e1 programada en la Sede de Barcelona.\u00a0<\/strong><\/p>\n<p style=\"font-weight: 400; text-align: justify;\"><a href=\"http:\/\/granadacostanacional.es\/wp-content\/uploads\/2019\/12\/9e02137e-e871-4444-b48f-930524c38b77.jpg\"><img decoding=\"async\" loading=\"lazy\" class=\"size-medium wp-image-22967 alignleft\" src=\"http:\/\/granadacostanacional.es\/wp-content\/uploads\/2019\/12\/9e02137e-e871-4444-b48f-930524c38b77-300x207.jpg\" alt=\"9e02137e-e871-4444-b48f-930524c38b77\" width=\"300\" height=\"207\" \/><\/a><br \/>\nEl Colegio de Pedagogos de Catalu\u00f1a considera que vivir en salud y vivenciar la salud son dos pilares fundamentales del sentido de calidad de vida de la persona, ya sea ni\u00f1o, adolescente o adulta. En este sentido, desde la PEDAGOG\u00cdA abordamos el aprendizaje de h\u00e1bitos saludables y la prevenci\u00f3n, como vivir y convivir con la dolencia y con el entorno y como desarrollar procesos de aprendizaje durante la recuperaci\u00f3n de la salud.<\/p>\n<p>&nbsp;<\/p>\n<p style=\"font-weight: 400;\">El Grupo de Investigaci\u00f3n Pedagog\u00eda y Salud, heredero del GR de Salud, Terap\u00e9utica y Calidad de Vida, inicia una nueva etapa, en la qu\u00e9 presentar\u00e1 sus objetivos desde donde promover\u00e1 y dar\u00e1 a conocer los espacios de acci\u00f3n pedag\u00f3gica en el \u00e1mbito de la salud, generando conocimiento mediante el estudio, la investigaci\u00f3n y la innovaci\u00f3n en el \u00e1rea de l\u2018educaci\u00f3n y la salud.<\/p>\n<p style=\"font-weight: 400;\">Colabora en esta presentaci\u00f3n la Asociaci\u00f3n contra la Anorexia y la Bul\u00edmina (ACAB) y la Asociaci\u00f3n de padres y madres con ni\u00f1os afectados por el S\u00edndrome Acoh\u00f2lic Fetal (AFASAF), que compartir\u00e1n sus proyectos de EDUCACI\u00d3N y SALUD.<\/p>\n<p style=\"font-weight: 400;\">Este acto se dirige a todo el mundo que est\u00e9 interesado con la educaci\u00f3n y la salud, especialmente a las familias y los profesionales.<\/p>\n<p style=\"font-weight: 400;\"><strong>Presentaci\u00f3n de la Dra. To\u00f1y Castillo<\/strong><\/p>\n<p style=\"font-weight: 400; text-align: justify;\"><a href=\"http:\/\/granadacostanacional.es\/wp-content\/uploads\/2019\/12\/3ba0922b-1178-47e0-b6d2-8044c5a7e8dc.jpg\"><img decoding=\"async\" loading=\"lazy\" class=\"alignnone size-medium wp-image-22968 alignleft\" src=\"http:\/\/granadacostanacional.es\/wp-content\/uploads\/2019\/12\/3ba0922b-1178-47e0-b6d2-8044c5a7e8dc-292x300.jpg\" alt=\"3ba0922b-1178-47e0-b6d2-8044c5a7e8dc\" width=\"292\" height=\"300\" \/><\/a>Ten\u00eda 25 a\u00f1os y vi como mi t\u00eda superaba un c\u00e1ncer y mor\u00eda de un coma de diabetes. Ella se cuidaba su diabetes de esta manera\u2026 si me tomo un pastel\u2026 1 pastilla, si me todo dos 2 pastillas\u2026 a su fallecimiento reflexione mucho sobre la funci\u00f3n pedag\u00f3gica de la salud y me convenc\u00ed de la necesidad de que la pedagog\u00eda est\u00e9 situado en un lugar con may\u00fascula en nuestra vida saludable.<\/p>\n<p style=\"font-weight: 400; text-align: justify;\">\u00a0Soy To\u00f1y Castillo y gracias por estar aqu\u00ed\u00a0\u00a0a todos vosotros\u2026 y mil gracias por haber pensado en mi\u00a0\u00a0para\u00a0\u00a0\u00a0representar a ese grupo de de investigaci\u00f3n de pedagog\u00eda y salud del Colegio Oficial de Pedagogos de Catalu\u00f1a. Gracias\u2026<\/p>\n<p style=\"font-weight: 400; text-align: justify;\">\u00a0La educaci\u00f3n es el pilar donde se interiorizaran los aprendizajes significativos y estos vendr\u00e1n condicionados por la actitud delante\u00a0\u00a0del proceso.\u00a0\u00a0Las personas transportamos\u00a0\u00a0toda aquellas informaciones que consideramos importante en nuestro hacer cotidiano y ellas\u00a0\u00a0se aplicar\u00e1n o no, en funci\u00f3n de nuestro sistema de necesidades<\/p>\n<p style=\"font-weight: 400; text-align: justify;\">La Pedagog\u00eda en\u00a0\u00a0Salud se sit\u00faa en el marco cient\u00edfico de la Teor\u00eda de la Educaci\u00f3n, y por tanto desde la Teor\u00eda General de Sistemas la cual\u00a0\u00a0ayuda mediante la Educaci\u00f3n para la salud, a que las personas adquieran herramientas\u00a0que les ayude a afrontar\u00a0\u00a0situaciones de estr\u00e9s debido a situaciones adversas en las cuales pueden encontrarse.<\/p>\n<p style=\"font-weight: 400; text-align: justify;\">\u00a0La pedagog\u00eda\u00a0\u00a0forma parte de la salud ya que Educar en salud es la esencia del tratamiento terap\u00e9utico No es suficiente con introducir dietas, comentar a la persona afectada la necesidad del ejercicio f\u00edsico y los f\u00e1rmacos: es necesario, b\u00e1sico e imprescindible educar al paciente sobre su patolog\u00eda y motivarlo para que adquiera protagonismo sobre su auto cuidado. Por tanto no hay implicaci\u00f3n o afrontamiento que no contemple la pedagog\u00eda como parte integrada de la salud. Sin la aplicaci\u00f3n de las pr\u00e1cticas educativas que den seguridad a la persona con situaci\u00f3n adversa ser\u00eda dif\u00edcil la interiorizaci\u00f3n del proceso de curaci\u00f3n o paliaci\u00f3n de la misma. Ya que:<\/p>\n<p style=\"font-weight: 400; text-align: justify;\">\u201cLa salud es un estado de completo bienestar f\u00edsico, mental y social, y no solamente la ausencia de afecciones o enfermedades.\u201d Esta cita pertenece al Pre\u00e1mbulo de la Constituci\u00f3n de la Organizaci\u00f3n Mundial de la Salud (OMS) adoptada por la Conferencia Sanitaria Internacional, celebrada en Nueva York en 1946 y firmada por los representantes de 61 Estados.<\/p>\n<p style=\"font-weight: 400; text-align: justify;\">El concepto de salud ha ido evolucionando a lo largo de los tiempos, de acuerdo a par\u00e1metros de bienestar mod\u00e9licos en cada sociedad. En la actualidad, y a propuesta de la OMS, se considera que el estado de salud es m\u00e1s que la ausencia de enfermedades, es \u201cun estado de buena adaptaci\u00f3n de crecimiento y desarrollo\u201d.<\/p>\n<p style=\"font-weight: 400; text-align: justify;\">\u00a0<a href=\"http:\/\/granadacostanacional.es\/wp-content\/uploads\/2019\/12\/8a140ec2-d1fe-434d-9ac7-80fa7320501f.jpg\"><img decoding=\"async\" loading=\"lazy\" class=\"alignnone size-medium wp-image-22971 alignleft\" src=\"http:\/\/granadacostanacional.es\/wp-content\/uploads\/2019\/12\/8a140ec2-d1fe-434d-9ac7-80fa7320501f-246x300.jpg\" alt=\"8a140ec2-d1fe-434d-9ac7-80fa7320501f\" width=\"246\" height=\"300\" \/><\/a><\/p>\n<p style=\"font-weight: 400; text-align: justify;\">\u00a0No obviemos que toda enfermedad puede producir efectos psicol\u00f3gicos negativos, adquiriendo importancia aquellos que inciden sobre el autoconcepto infantil y act\u00faan sobre la vulnerabilidad y dependencia del ni\u00f1o. A ello hay que sumar los sentimientos de ansiedad, indefensi\u00f3n, miedo e inseguridad.<\/p>\n<p style=\"font-weight: 400; text-align: justify;\"><a href=\"https:\/\/www.blogger.com\/null\" name=\"_Toc276749136\"><\/a><a href=\"https:\/\/www.blogger.com\/null\" name=\"_Toc265512453\"><\/a><a href=\"https:\/\/www.blogger.com\/null\" name=\"_Toc264875243\"><strong>\u00a0\u00a0\u00a0\u00a0\u00a0\u00a0\u00a0\u00a0\u00a0\u00a0\u00a0\u00a0\u00a0\u00a0\u00a0\u00a0\u00a0\u00a0\u00a0<\/strong><strong>\u00a0<\/strong><\/a><\/p>\n<p style=\"font-weight: 400; text-align: justify;\">\u00a0\u00a0\u00a0\u00a0\u00a0\u00a0\u00a0\u00a0\u00a0\u00a0\u00a0\u00a0\u00a0\u00a0\u00a0\u00a0\u00a0\u00a0\u00a0EL NI\u00d1O COMO \u201cSER\u201d<\/p>\n<p style=\"font-weight: 400; text-align: justify;\">El ni\u00f1o, durante su desarrollo, presenta una serie de necesidades que deben ir cubri\u00e9ndose durante su infancia y adolescencia. Una situaci\u00f3n de carencia de las mismas puede dar lugar a una larga lista de problem\u00e1ticas asociadas.<\/p>\n<p style=\"font-weight: 400; text-align: justify;\">\u00a0Bay\u00e9s (1998) considera\u00a0\u00a0que una persona padece cuando experimenta o teme que le acontezca un da\u00f1o f\u00edsico o psicosocial que valora como un peligro importante para su\u00a0\u00a0vida o integridad psicosocial y\/u org\u00e1nica y, al mismo tiempo, cree que carece de recursos para resultar vencedor en la amenaza.<\/p>\n<p style=\"font-weight: 400; text-align: justify;\">\u00a0El miedo a los tratamientos influye en el estado del ni\u00f1o enfermo. La esencia del sufrimiento (Shaver, 2002)\u00a0\u00a0puede ser destilada en tres categor\u00edas generales:<\/p>\n<ul style=\"text-align: justify;\">\n<li style=\"font-weight: 400; text-align: justify;\">Abandono de s\u00ed mismo<\/li>\n<li style=\"font-weight: 400; text-align: justify;\">Aislamiento<\/li>\n<li style=\"font-weight: 400; text-align: justify;\">P\u00e9rdida de significado<\/li>\n<\/ul>\n<table style=\"font-weight: 400;\">\n<tbody>\n<tr>\n<td colspan=\"2\"><strong>Las intervenciones terap\u00e9uticas<\/strong><\/td>\n<\/tr>\n<tr>\n<td><strong>Abandono de s\u00ed mismo<\/strong><\/td>\n<td style=\"text-align: justify;\">Escucha reflexiva, validaci\u00f3n, presencia silenciosa, ayuda para crear un espacio de cuidado seguro y el afecto incondicional.<\/td>\n<\/tr>\n<tr style=\"text-align: justify;\">\n<td><strong>Aislamiento<\/strong><\/td>\n<td>La comunicaci\u00f3n de ayuda, compartir historias, \u00e9nfasis en vivir el presente.<\/td>\n<\/tr>\n<tr style=\"text-align: justify;\">\n<td><strong>P\u00e9rdida de significado<\/strong><\/td>\n<td>Revisi\u00f3n de la vida, reorientaci\u00f3n del sentido de control y hacerle participar al enfermo en lo que \u00e9l desee.<\/td>\n<\/tr>\n<\/tbody>\n<\/table>\n<p style=\"font-weight: 400; text-align: justify;\">Para ayudar a disminuir el sufrimiento de una persona ser\u00e1 preciso trabajar los siguientes objetivos:<\/p>\n<table style=\"font-weight: 400;\">\n<tbody>\n<tr>\n<td width=\"92\"><strong>Identificar<\/strong><\/td>\n<td style=\"text-align: justify;\" width=\"489\">\u00a0\u00a0\u00a0\u00a0\u00a0\u00a0\u00a0\u00a0\u00a0\u00a0\u00a0\u00a0S\u00edntomas, estados o situaciones -biol\u00f3gicos, cognitivos o cambiantes- que son valorados por el paciente como una amenaza importante, estableciendo su grado de priorizaci\u00f3n amenazadora desde su punto de vista.<\/td>\n<\/tr>\n<tr style=\"text-align: justify;\">\n<td width=\"92\"><strong>Eliminar<\/strong><\/p>\n<p><strong>Compensar<\/strong><\/p>\n<p><strong>Atenuar<\/strong><\/td>\n<td width=\"489\">\u00a0\u00a0\u00a0\u00a0\u00a0\u00a0\u00a0\u00a0\u00a0\u00a0\u00a0\u00a0Los s\u00edntomas. Si no es posible conseguir su eliminaci\u00f3n o paliaci\u00f3n, ser\u00e1 necesario tratar de suavizar la amenaza que representan para cada paciente, incrementando sus recursos y percepci\u00f3n de control sobre la situaci\u00f3n, al facilitarle, por ejemplo, en la medida de lo posible, una informaci\u00f3n que sea, a la vez, veraz, clara y tranquilizadora.<\/td>\n<\/tr>\n<tr style=\"text-align: justify;\">\n<td width=\"92\"><strong>Descubrir<\/strong><\/p>\n<p><strong>Potenciar<\/strong><\/td>\n<td width=\"489\">Los propios recursos del ni\u00f1o enfermo, o proporcionarle nuevos, con el fin de disminuir, eliminar o prevenir su sensaci\u00f3n de indefensi\u00f3n e incrementar su percepci\u00f3n de control sobre la situaci\u00f3n. Le ser\u00e1 de mucha ayuda facilitarle el aprendizaje de habilidades de comunicaci\u00f3n, t\u00e9cnicas de soluci\u00f3n de problemas que le permitan en cada momento el mayor grado de decisi\u00f3n y autonom\u00eda posibles.<\/td>\n<\/tr>\n<tr style=\"text-align: justify;\">\n<td width=\"92\"><strong>Incrementar<\/strong><\/td>\n<td width=\"489\">El grado de predicci\u00f3n\u00a0\u00a0sobre la situaci\u00f3n para proporcionar mayor seguridad.<\/td>\n<\/tr>\n<tr style=\"text-align: justify;\">\n<td width=\"92\"><strong>Tratar<\/strong><\/td>\n<td width=\"489\">La depresi\u00f3n con medidas farmacol\u00f3gicas y\/o psicol\u00f3gicas para modificarla o compensarla.<\/td>\n<\/tr>\n<tr>\n<td style=\"text-align: justify;\" width=\"92\"><strong>Procurar<\/strong><\/td>\n<td style=\"text-align: justify;\" width=\"489\">Siempre que sea posible, eliminar o paliar el sufrimiento aumentando su gama de satisfactores, proporcionando al enfermo un sentimiento de serenidad que le permita vivir el momento presente de la manera m\u00e1s completa.<\/td>\n<\/tr>\n<\/tbody>\n<\/table>\n<p style=\"font-weight: 400; text-align: justify;\"><strong>Bay\u00e9s, R. (2001)<\/strong><\/p>\n<p style=\"font-weight: 400; text-align: justify;\">Para paliar los efectos negativos ser\u00eda conveniente considerar:<\/p>\n<table style=\"font-weight: 400;\">\n<tbody>\n<tr>\n<td><strong>Punto de partida<\/strong><\/td>\n<td>\u00b7\u00a0\u00a0\u00a0\u00a0\u00a0\u00a0\u00a0\u00a0\u00a0\u00a0\u00a0\u00a0\u00a0\u00a0\u00a0\u00a0\u00a0\u00a0\u00a0Pedagog\u00eda y salud han de trabajar de manera conjunta en la evoluci\u00f3n del proceso terap\u00e9utico del paciente.<\/p>\n<p>\u00b7\u00a0\u00a0\u00a0\u00a0\u00a0\u00a0\u00a0\u00a0\u00a0\u00a0\u00a0\u00a0\u00a0\u00a0\u00a0\u00a0\u00a0\u00a0\u00a0Unir pedagog\u00eda y salud es trabajar bajo un modelo de intervenci\u00f3n basado en el paciente como ser, como un sistema, donde la actitud es el principal art\u00edfice para una mejor\u00eda en el enclave paciente-alumno.<\/td>\n<\/tr>\n<tr>\n<td><strong>Ideas b\u00e1sicas<\/strong><\/td>\n<td>\u00b7\u00a0\u00a0\u00a0\u00a0\u00a0\u00a0\u00a0\u00a0\u00a0\u00a0\u00a0\u00a0\u00a0\u00a0\u00a0\u00a0\u00a0\u00a0\u00a0La afectividad, la empat\u00eda y el conocimiento de las patolog\u00edas favorecen el grado de corresponsabilidad, potenciando y motivando el grado de implicaci\u00f3n del paciente en su tratamiento.<\/td>\n<\/tr>\n<tr>\n<td><strong>El ni\u00f1o como ni\u00f1o<\/strong><\/td>\n<td>\u00b7\u00a0\u00a0\u00a0\u00a0\u00a0\u00a0\u00a0\u00a0\u00a0\u00a0\u00a0\u00a0\u00a0\u00a0\u00a0\u00a0\u00a0\u00a0\u00a0Las personas como seres distintos, \u00fanicos, y es por eso que en situaciones concreta, cada una de ellas responde con una actuaci\u00f3n diferenciada.<\/p>\n<p>\u00b7\u00a0\u00a0\u00a0\u00a0\u00a0\u00a0\u00a0\u00a0\u00a0\u00a0\u00a0\u00a0\u00a0\u00a0\u00a0\u00a0\u00a0\u00a0\u00a0La persona es un todo, algo global; y es necesario partir de\u00a0\u00a0la intersecci\u00f3n de pedagog\u00eda y la salud como un recurso a la estabilidad emocional para contribuir de esta manera a una mejora an\u00edmica en general y, en consecuencia, a un mejor estado de bienestar.<\/td>\n<\/tr>\n<\/tbody>\n<\/table>\n<ol style=\"text-align: justify;\">\n<li style=\"font-weight: 400;\"><strong> Castillo (2004)<\/strong><\/li>\n<\/ol>\n<p style=\"font-weight: 400; text-align: justify;\">Se ha de tener presente que las personas delante de cualquier p\u00e9rdida de estabilidad, y evidentemente la falta de salud lo es, buscan apoyo de comprensi\u00f3n; \u00e9ste se hace necesario para sentirse un poco m\u00e1s protegidos frente a sus miedos. Por tanto la funci\u00f3n educativa, ha de estar incluida dentro de todo proceso para que la persona pueda interiorizar aquellas intervenciones de prevenci\u00f3n, seguimiento e autocuidado de procesos saludables. Donde convencida de que la pedagog\u00eda es absolutamente necesaria para vivir sanamente.<\/p>\n<p style=\"font-weight: 400; text-align: justify;\">Y ahora propuestas\u2026<\/p>\n","protected":false},"excerpt":{"rendered":"<p>Momentos de La Presentaci\u00f3n de la Dra. To\u00f1y Castillo por parte de la Doctora Viqui G\u00f3mez Vicepresidenta del Colegio Oficial&hellip;<\/p>\n","protected":false},"author":4,"featured_media":22972,"comment_status":"open","ping_status":"open","sticky":false,"template":"","format":"standard","meta":{"om_disable_all_campaigns":false,"_mi_skip_tracking":false,"_monsterinsights_sitenote_active":false,"_monsterinsights_sitenote_note":"","_monsterinsights_sitenote_category":0,"footnotes":""},"categories":[25,21,35,22,19,30],"tags":[],"aioseo_notices":[],"_links":{"self":[{"href":"https:\/\/granadacostaglobal.es\/index.php?rest_route=\/wp\/v2\/posts\/22965"}],"collection":[{"href":"https:\/\/granadacostaglobal.es\/index.php?rest_route=\/wp\/v2\/posts"}],"about":[{"href":"https:\/\/granadacostaglobal.es\/index.php?rest_route=\/wp\/v2\/types\/post"}],"author":[{"embeddable":true,"href":"https:\/\/granadacostaglobal.es\/index.php?rest_route=\/wp\/v2\/users\/4"}],"replies":[{"embeddable":true,"href":"https:\/\/granadacostaglobal.es\/index.php?rest_route=%2Fwp%2Fv2%2Fcomments&post=22965"}],"version-history":[{"count":0,"href":"https:\/\/granadacostaglobal.es\/index.php?rest_route=\/wp\/v2\/posts\/22965\/revisions"}],"wp:featuredmedia":[{"embeddable":true,"href":"https:\/\/granadacostaglobal.es\/index.php?rest_route=\/"}],"wp:attachment":[{"href":"https:\/\/granadacostaglobal.es\/index.php?rest_route=%2Fwp%2Fv2%2Fmedia&parent=22965"}],"wp:term":[{"taxonomy":"category","embeddable":true,"href":"https:\/\/granadacostaglobal.es\/index.php?rest_route=%2Fwp%2Fv2%2Fcategories&post=22965"},{"taxonomy":"post_tag","embeddable":true,"href":"https:\/\/granadacostaglobal.es\/index.php?rest_route=%2Fwp%2Fv2%2Ftags&post=22965"}],"curies":[{"name":"wp","href":"https:\/\/api.w.org\/{rel}","templated":true}]}}