{"id":22940,"date":"2019-12-17T08:56:23","date_gmt":"2019-12-17T08:56:23","guid":{"rendered":"http:\/\/granadacostanacional.es\/?p=22940"},"modified":"2019-12-17T08:56:23","modified_gmt":"2019-12-17T08:56:23","slug":"un-apasionado-de-la-fotografia-y-de-mallorca","status":"publish","type":"post","link":"https:\/\/granadacostaglobal.es\/?p=22940","title":{"rendered":"UN APASIONADO DE LA FOTOGRAF\u00cdA Y DE MALLORCA"},"content":{"rendered":"<p style=\"text-align: justify;\"><strong>P<\/strong><strong>ep Ramis es un hombre sencillo, amable y especialmente generoso con todo lo relacionado con el mundo de la cultura en todos sus \u00e1mbitos. Siempre est\u00e1 disponible cuando se le requiere para participar en cualquier acto cultural, sea de la \u00edndole que sea, para realizar las fotos de tal acto. Tan importante es, tanto o m\u00e1s \u2013a veces\u2013, lo gr\u00e1fico como el texto. La expresividad de las fotos hace que las personas destaquen m\u00e1s lo que leen. Una cr\u00f3nica sin fotos es como una comida sin sal, sabe a soso.<\/strong><\/p>\n<p style=\"text-align: justify;\"><strong>\u00a0\u00a0\u00a0\u00a0\u00a0\u00a0\u00a0\u00a0\u00a0\u00a0\u00a0 Pep Ramis es un hombre inquieto que ha recorrido toda la isla de Mallorca, buscando datos hist\u00f3ricos para nutrir su estupendo libro, <em>Los llogarets de Mallorca<\/em>, donde refleja con exactitud sus maravillosos paisajes y en el que ha sabido unir el paisaje con la historia.<\/strong><\/p>\n<p style=\"text-align: justify;\"><strong>\u00a0<a href=\"http:\/\/granadacostanacional.es\/wp-content\/uploads\/2019\/12\/felic-1.jpg\"><img decoding=\"async\" loading=\"lazy\" class=\"aligncenter size-large wp-image-22942\" src=\"http:\/\/granadacostanacional.es\/wp-content\/uploads\/2019\/12\/felic-1-1024x512.jpg\" alt=\"felic-1\" width=\"1024\" height=\"512\" \/><\/a><\/strong><\/p>\n<p style=\"text-align: justify;\"><strong>\u00bfD\u00f3nde naciste?<\/strong><\/p>\n<p style=\"text-align: justify;\"><strong>\u00a0<\/strong>En Inca.<\/p>\n<p style=\"text-align: justify;\"><strong>\u00bfHasta cu\u00e1ndo estuviste viviendo all\u00ed?<\/strong><\/p>\n<p style=\"text-align: justify;\">Hasta los cuatro a\u00f1os. Despu\u00e9s mis padres se vinieron a vivir a Palma, en donde permanezco.<\/p>\n<p style=\"text-align: justify;\">\u00bfCrees que tus padres hicieron todo lo que pudieron por ti?<\/p>\n<p style=\"text-align: justify;\">S\u00ed, yo soy el mayor de seis hermanos. Cuando ten\u00eda 13 a\u00f1os perd\u00ed a mi padre en un accidente de tr\u00e1fico, por lo que no me qued\u00f3 m\u00e1s remedio que ponerme a trabajar. Hab\u00eda que ayudar a la econom\u00eda de la casa.<\/p>\n<p style=\"text-align: justify;\"><strong>\u00bfEst\u00e1s casado?<\/strong><\/p>\n<p style=\"text-align: justify;\">S\u00ed, con Isabel Santandreu, y tenemos dos hijos.<\/p>\n<p style=\"text-align: justify;\"><strong>\u00bfEstuviste trabajando en el Aeropuerto de Palma?<\/strong><\/p>\n<p style=\"text-align: justify;\">S\u00ed, en la empresa AENA. Empec\u00e9 de pe\u00f3n, fui bombero y t\u00e9cnico administrativo.<\/p>\n<p style=\"text-align: justify;\"><strong>Aparte de estos trabajos, \u00bfqu\u00e9 otros trabajos has realizado?<\/strong><\/p>\n<p style=\"text-align: justify;\">Fot\u00f3grafo, promotor industrial y comercial.<\/p>\n<p style=\"text-align: justify;\"><strong>\u00bfCu\u00e1ndo empezaste como fot\u00f3grafo?<\/strong><\/p>\n<p style=\"text-align: justify;\">En el a\u00f1o 1973, en que pas\u00e9 a formar parte como corresponsal de la revista <em>Motociclismo<\/em>, en donde estuve 14 a\u00f1os, alternando con la prensa local y con unas p\u00e1ginas de fotograf\u00eda en el suplemento de Ocio del peri\u00f3dico <em>El d\u00eda de Baleares<\/em>, entre 1980-84. Tambi\u00e9n particip\u00e9 en el suplemento del motor en dicho peri\u00f3dico. Colabor\u00e9 en los peri\u00f3dicos <em>\u00daltima Hora<\/em> y <em>Baleares<\/em>. Fui fot\u00f3grafo durante un a\u00f1o del semanario <em>El Mundo de los Toros<\/em>. En el a\u00f1o 1979 le hice un reportaje en su visita a Palma al torero Espartaco, cuando cumpli\u00f3 los 19 a\u00f1os. El reportaje fotogr\u00e1fico fue para <em>El mundo de los Toros.<\/em><\/p>\n<p style=\"text-align: justify;\"><a href=\"http:\/\/granadacostanacional.es\/wp-content\/uploads\/2019\/12\/trescuarts.jpg\"><img decoding=\"async\" loading=\"lazy\" class=\"aligncenter size-large wp-image-22943\" src=\"http:\/\/granadacostanacional.es\/wp-content\/uploads\/2019\/12\/trescuarts-755x1024.jpg\" alt=\"trescuarts\" width=\"755\" height=\"1024\" \/><\/a><\/p>\n<p style=\"text-align: justify;\"><strong>Aparte del torero Espartaco, \u00bfhas conocido a otros toreros?<\/strong><\/p>\n<p style=\"text-align: justify;\">S\u00ed, a Paco Camino, El Viti, los hermanos Espl\u00e1, entre otros. A Maribel Atienza le hice las fotograf\u00edas mientras toreaba, el toro era casi m\u00e1s alto que ella, solamente hab\u00eda entre el toro y ella una diferencia de dos dedos.<\/p>\n<p style=\"text-align: justify;\"><strong>\u00bfPuedes contarme alguna an\u00e9cdota que te haya pasado en relaci\u00f3n con tu cometido como fot\u00f3grafo en la plaza de toros?<\/strong><\/p>\n<p style=\"text-align: justify;\">S\u00ed, en una ocasi\u00f3n vi como un toro saltaba tres veces del ruedo al callej\u00f3n. En una de esas veces fui yo quien salt\u00f3 al ruedo porque me encontraba en el burladero, lo cual motiv\u00f3 que se me estropease la c\u00e1mara, quedando la \u00f3ptica en el ruedo. Suerte que el toro volvi\u00f3 a saltar y pude recuperar la \u00f3ptica.<\/p>\n<p style=\"text-align: justify;\"><strong>\u00bfTe gustan las corridas de toros?<\/strong><\/p>\n<p style=\"text-align: justify;\">No soy gran aficionado, pero creo que tienen su m\u00e9rito. Ya que he presenciado bastante festejos desde la primera fila. Hay que tener mucho valor para ponerse delante de un toro.<\/p>\n<p style=\"text-align: justify;\"><strong>\u00bfQu\u00e9 relaci\u00f3n existe entre t\u00fa y la poblaci\u00f3n de Costitx?<\/strong><\/p>\n<p style=\"text-align: justify;\">Existe una relaci\u00f3n personal con las gentes que viven en el pueblo. En donde me encuentro muy a gusto, colaborando en las actividades en todos los actos relacionados con la fotograf\u00eda y el ayuntamiento.<\/p>\n<p style=\"text-align: justify;\"><strong>T\u00fa tienes casa en Costitx. \u00bfQu\u00e9 es lo que te ha influido para que sea Costitx y no otro lugar de Mallorca?<\/strong><\/p>\n<p style=\"text-align: justify;\">En primer lugar, mi relaci\u00f3n con las gentes.<\/p>\n<p style=\"text-align: justify;\"><strong>Has creado en tu casa una peque\u00f1a galer\u00eda. \u00bfEsta galer\u00eda ser\u00e1 solamente para exponer tus obras, o podr\u00e1n participar otros artistas?<\/strong><\/p>\n<p style=\"text-align: justify;\">Es un peque\u00f1o espacio dentro de un gran espacio de la calle Costa i Llobera, abierto a todos los artistas que deseen exponer sus obras.<\/p>\n<p style=\"text-align: justify;\"><strong>\u00bfPiensas un d\u00eda irte a vivir a Costitx, definitivamente?<\/strong><\/p>\n<p style=\"text-align: justify;\">En estos momentos en que estamos realizando la entrevista, si pudiera me ir\u00eda a vivir all\u00ed inmediatamente. No descarto que alg\u00fan d\u00eda no lejano me vaya all\u00ed a vivir.<\/p>\n<p style=\"text-align: justify;\"><strong>\u00bfPor qu\u00e9 elegiste Costitx y no otro lugar de Mallorca?<\/strong><\/p>\n<p style=\"text-align: justify;\">Hay muchos pueblos muy bonitos en Mallorca, en los que me gustar\u00eda poder vivir, pero la casualidad de aproximaci\u00f3n con unos familiares que tengo en el t\u00e9rmino de Inca me dio la oportunidad de visitar en muchas ocasiones Costitx y conocer a las fant\u00e1sticas gentes de este pueblo, y el estar bien centralizado geogr\u00e1ficamente en la isla proporciona un buen acceso desde cualquier punto, adem\u00e1s, desde Palma a Costitx solo se tarda 25 minutos.<\/p>\n<p style=\"text-align: justify;\"><strong>T\u00fa eres un apasionado de la fotograf\u00eda.<\/strong><\/p>\n<p style=\"text-align: justify;\">Siempre me ha gustado la imagen, lo cual ha sido el primer motivo para dedicarme a la fotograf\u00eda. Que empec\u00e9 en el a\u00f1o 1973, colaborando en prensa y, a partir del a\u00f1o 1975, acud\u00ed a la Escuela de Artes Aplicadas y Oficios Art\u00edsticos para aprender fotograf\u00eda. Estuve aprendiendo aproximadamente unos tres a\u00f1os. En el a\u00f1o 1978 consegu\u00ed un primer Premio Nacional de Fotograf\u00eda Ciudad de Felanitx. En el a\u00f1o 1979 consegu\u00ed que me admitieran en la secci\u00f3n de Fotograf\u00eda del C\u00edrculo Bellas Artes de Palma. Posteriormente fui nombrado vicepresidente. En a\u00f1os posteriores fui cofundador del Club Fotogr\u00e1fico de la Escuela de Artes Aplicadas y Oficios Art\u00edsticos, E.A.A. y O.A., durante ese periodo de a\u00f1os obtuve diferentes premios locales y nacionales. En el a\u00f1o 1984 consegu\u00ed el Primer Premio de la Comunidad Aut\u00f3noma.<\/p>\n<p style=\"text-align: justify;\"><strong>Debido a esa actividad, \u00bfhabr\u00e1s tenido la oportunidad de conocer a personas importantes?<\/strong><\/p>\n<p style=\"text-align: justify;\">Durante mi periodo profesional creativo, tuve la ocasi\u00f3n de conocer, entre otros, a Josep Mar\u00eda Rivas i Prous, Olaya Ruano, m\u00e1s amigablemente Salvador Obiols G\u00f3mez.<\/p>\n<p style=\"text-align: justify;\"><strong>\u00bfHas sido tambi\u00e9n miembro de jurados de concursos de fotograf\u00edas?<\/strong><\/p>\n<p style=\"text-align: justify;\">He formado parte como miembro del jurado de cert\u00e1menes, como, por ejemplo, del famoso premio nacional \u00abNESTOR\u00bb, y de los cert\u00e1menes nacionales de Mallorca, etc.<\/p>\n<p style=\"text-align: justify;\"><a href=\"http:\/\/granadacostanacional.es\/wp-content\/uploads\/2019\/12\/fira-de-la-f.jpg\"><img decoding=\"async\" loading=\"lazy\" class=\"aligncenter size-large wp-image-22944\" src=\"http:\/\/granadacostanacional.es\/wp-content\/uploads\/2019\/12\/fira-de-la-f-1024x685.jpg\" alt=\"fira de la f\" width=\"1024\" height=\"685\" \/><\/a><\/p>\n<p style=\"text-align: justify;\"><strong>\u00bfCu\u00e1ndo tuviste la idea de ponerte a rescatar los Llogarets de Mallorca?<\/strong><\/p>\n<p style=\"text-align: justify;\">Yo empec\u00e9 en la \u00faltima d\u00e9cada. Una vez jubilado, me dediqu\u00e9 a realizar reportajes de nuestra cultura y difundirlos a trav\u00e9s de mi persona, ya que, durante 40 a\u00f1os, he tenido una dedicaci\u00f3n abierta a las entidades que representaba y, cuando me jubil\u00e9, pens\u00e9 dedicarme a realizar aquello que a m\u00ed me gustaba, que era \u2013entre ello\u2013 los Llogarets de Mallorca, que son n\u00facleos de poblaciones que, desgraciadamente, han desaparecido en su mayor parte de la geograf\u00eda mallorquina. Empec\u00e9 en el a\u00f1o 2011, la poca documentaci\u00f3n existente me hizo investigar, buscando en el campo real las ra\u00edces de estos lugares. Muchos de ellos olvidados y desconocidos por la mayor\u00eda de los habitantes de la Isla. Eso me motiv\u00f3 para rebuscar rincones y detalles de esos lugares con las gentes, que me dio pie a realizar una introducci\u00f3n literaria e hist\u00f3rica del lugar, para hacer un Audiovisual de 83 Llogarets que he podido clasificar dentro de ese periodo. Dentro de periodo en que hac\u00eda ese trabajo, conoc\u00ed al poeta y escritor Marcelino Arellano \u2013es decir, t\u00fa\u2013, y pude conocer a las personas que componen la gran familia del <strong><em>GRANADA COSTA<\/em>,<\/strong>\u00a0\u00a0\u00a0 lo cual me motiv\u00f3 a editar un libro en catal\u00e1n que representa a esos lugares hist\u00f3ricos de los Llogarets de Mallorca.<\/p>\n<p style=\"text-align: justify;\"><strong>\u00bfC\u00f3mo ha sido acogido tu libro sobre los Llogarets en Mallorca?<\/strong><\/p>\n<p style=\"text-align: justify;\">La primera edici\u00f3n est\u00e1 agotada, y ha sido vendida en las librer\u00edas de Palma e Inca. Habiendo sido el libro m\u00e1s vendido durante una semana en Palma, destacado por la prensa local. \u00a0\u00a0 Se ha dado a conocer en todos los medios de comunicaci\u00f3n de la Isla. Debido al \u00e9xito obtenido con el libro se ha publicado una segunda edici\u00f3n ampliada, que en estos momentos ya est\u00e1 en las librer\u00edas. Ambas publicaciones han sido editadas magn\u00edficamente por la <strong>Editorial Granada Club Selecci\u00f3n, Granada Costa.<\/strong><\/p>\n<p style=\"text-align: justify;\"><strong>TEST: \u00bfUn escritor? <\/strong>Salvador Obiols. <strong>\u00bfUn poeta? <\/strong>Miquel Costa i Llovera. <strong>\u00bfUn personaje? <\/strong>El Archiduque Luis Salvador de Austria. <strong>\u00bfUna flor? <\/strong>La amapola. <strong>\u00bfQu\u00e9 pa\u00eds le gustar\u00eda conocer? <\/strong>Espa\u00f1a en su totalidad. <strong>\u00bfUn lugar para vivir? <\/strong>Asturias. <strong>\u00bfCon qui\u00e9n te gustar\u00eda hacer un viaje? <\/strong>Con mi esposa.<\/p>\n<p style=\"text-align: right;\"><em><strong>Marcelino Arellano Alabarces<\/strong><\/em><\/p>\n<p style=\"text-align: right;\"><em><strong>Palma de Mallorca<\/strong><\/em><\/p>\n","protected":false},"excerpt":{"rendered":"<p>Pep Ramis es un hombre sencillo, amable y especialmente generoso con todo lo relacionado con el mundo de la cultura&hellip;<\/p>\n","protected":false},"author":2,"featured_media":22941,"comment_status":"open","ping_status":"open","sticky":false,"template":"","format":"standard","meta":{"om_disable_all_campaigns":false,"_mi_skip_tracking":false,"_monsterinsights_sitenote_active":false,"_monsterinsights_sitenote_note":"","_monsterinsights_sitenote_category":0,"footnotes":""},"categories":[21,30],"tags":[],"aioseo_notices":[],"_links":{"self":[{"href":"https:\/\/granadacostaglobal.es\/index.php?rest_route=\/wp\/v2\/posts\/22940"}],"collection":[{"href":"https:\/\/granadacostaglobal.es\/index.php?rest_route=\/wp\/v2\/posts"}],"about":[{"href":"https:\/\/granadacostaglobal.es\/index.php?rest_route=\/wp\/v2\/types\/post"}],"author":[{"embeddable":true,"href":"https:\/\/granadacostaglobal.es\/index.php?rest_route=\/wp\/v2\/users\/2"}],"replies":[{"embeddable":true,"href":"https:\/\/granadacostaglobal.es\/index.php?rest_route=%2Fwp%2Fv2%2Fcomments&post=22940"}],"version-history":[{"count":0,"href":"https:\/\/granadacostaglobal.es\/index.php?rest_route=\/wp\/v2\/posts\/22940\/revisions"}],"wp:featuredmedia":[{"embeddable":true,"href":"https:\/\/granadacostaglobal.es\/index.php?rest_route=\/"}],"wp:attachment":[{"href":"https:\/\/granadacostaglobal.es\/index.php?rest_route=%2Fwp%2Fv2%2Fmedia&parent=22940"}],"wp:term":[{"taxonomy":"category","embeddable":true,"href":"https:\/\/granadacostaglobal.es\/index.php?rest_route=%2Fwp%2Fv2%2Fcategories&post=22940"},{"taxonomy":"post_tag","embeddable":true,"href":"https:\/\/granadacostaglobal.es\/index.php?rest_route=%2Fwp%2Fv2%2Ftags&post=22940"}],"curies":[{"name":"wp","href":"https:\/\/api.w.org\/{rel}","templated":true}]}}