{"id":22893,"date":"2019-12-13T16:41:59","date_gmt":"2019-12-13T16:41:59","guid":{"rendered":"http:\/\/granadacostanacional.es\/?p=22893"},"modified":"2019-12-13T16:41:59","modified_gmt":"2019-12-13T16:41:59","slug":"de-visita-al-olvido","status":"publish","type":"post","link":"https:\/\/granadacostaglobal.es\/?p=22893","title":{"rendered":"DE VISITA AL OLVIDO"},"content":{"rendered":"<p style=\"text-align: justify;\">Era mi visita semanal, la misma que desde hac\u00eda tres a\u00f1os, pero su rutina no evit\u00f3 que me estremeciera al encontrarla en medio de aquella parafernalia ortop\u00e9dica y del olor a desinfectante, que no lograba ocultar el que desprend\u00edan los rebosantes pa\u00f1ales.<\/p>\n<p style=\"text-align: justify;\">Al saludarla, el desconcierto anid\u00f3 en su rostro, que dej\u00f3 paso a la extra\u00f1eza y, a pesar de mi beso, \u00a0el desconcierto permaneci\u00f3 mientras le hablaba, poco a poco mi voz le despert\u00f3 alg\u00fan recuerdo y su mirada abandon\u00f3 los palustres terrenos de la incertidumbre para pre\u00f1arse de alegr\u00eda.<\/p>\n<p style=\"text-align: justify;\">Eran los amados ojos que hab\u00eda contemplado desde ni\u00f1o, ahora menudos, soterrados entre arrugas y en cuyo iris se adivinaba el brillo familiar tras la bruma medicamentosa perenne que los velaba desde que ingres\u00f3 en la residencia. Me pareci\u00f3 percibir en su mirada aquel centelleo, anunciador de la frase cari\u00f1osa o de la caricia desinteresada, que la avivaba, pero tartamude\u00f3 y no llego a articular nada con sentido.<\/p>\n<p style=\"text-align: justify;\">Integrada en la amplia estancia abarrotada de sillas de ruedas, muletas y andadores y en donde se mostraban las manualidades a las que les forzaban, tratando de retrasar lo irremediable.<\/p>\n<p style=\"text-align: justify;\">Estaba junto a su compa\u00f1era de habitaci\u00f3n, como siempre,, eran inseparables, compart\u00edan charlas, extensos silencios y frecuentes olvidos.<\/p>\n<p style=\"text-align: justify;\">\u2014Este mocet\u00f3n, ah\u00ed donde lo ve \u2014coment\u00f3, present\u00e1ndome a su compa\u00f1era, como todas las semanas\u2014, es mi primo Gregorio, y aunque sea un gal\u00e1n de pel\u00edcula, es dos a\u00f1os mayor que yo,\u00a0 es de la quinta de m\u00ed\u2026 de m\u00ed\u2026\u00a0 \u00a1Ay que no me acuerdo! Ah s\u00ed, de la quinta de mi marido, al que el se\u00f1or se llev\u00f3 hace\u2026 hace\u2026 hace mucho.<\/p>\n<p style=\"text-align: justify;\">Hoy me asignaba el rol del primo Gregorio, fusilado por los otros, al que solo conoci\u00f3 por los comentarios de su madre.<\/p>\n<p style=\"text-align: justify;\">Elucubr\u00f3 sobre \u00a0las \u00abactuales\u00bb vivencias de su primo: mec\u00e1nico con taller propio, al decir de ella, y con mucho futuro por delante.<\/p>\n<p style=\"text-align: justify;\">Bruscamente se interrumpi\u00f3 con la mirada perdida, no s\u00e9 si en el infinito, o en sus profundos adentros, buscando otro recuerdo que acababa de perder, mientras escuchaba su propio silencio.<\/p>\n<p style=\"text-align: justify;\">Fue necedad por mi parte, pero no pude evitar preguntarle por su salud, por su estancia, por sus actividades y por sus nuevas amistades, en fin por aquello que humaniza nuestro paso por este mundo.<\/p>\n<p style=\"text-align: justify;\">Preguntas que se \u00a0extraviaron, al igual que en las anteriores visitas, en aquel laberinto que se ocultaba tras la perpetua sonrisa de su mirada. Nunca supe si me escuchaba, si oy\u00e9ndome me comprend\u00eda o si ya habitaba en el ed\u00e9n de los sentimientos insumisos.<\/p>\n<p style=\"text-align: justify;\">No precisaba de sus respuestas, que ya sab\u00eda por la responsable del centro, aunque fuera desde su interesada perspectiva interesada.<\/p>\n<p style=\"text-align: justify;\">Lo que me interesaba era escuchar el bullir de sus sentimientos, pero sobre eso hac\u00eda tiempo que est\u00e1bamos sin noticia.<\/p>\n<p style=\"text-align: justify;\">Que no respondiera a mis formalismos no implicaba su silencio: de corrido desgran\u00f3 la letan\u00eda dedicada a las visitas: los recuerdos embrollados con los olvidos de una \u00e9poca que cre\u00eda recordar, pero que nunca sucedi\u00f3. Hac\u00eda tiempo que la quimera le confin\u00f3 la evocaci\u00f3n.<\/p>\n<p style=\"text-align: justify;\">Otra vez brotaron las historias por aquella venerada boca, la que me besaba\u2026 \u00a0en cualquier momento, aun sin motivo, ella siempre encontraba alguno.<\/p>\n<p style=\"text-align: justify;\">\u2014 \u00bfHace falta motivos para besarte? \u2014arg\u00fc\u00eda cuando la verg\u00fcenza infantil me hac\u00eda huir de sus arrumacos.<\/p>\n<p style=\"text-align: justify;\">Se sucedieron historias enmara\u00f1adas de hechos inciertos, que se interrump\u00edan abruptamente cuando su remembranza encontraba obst\u00e1culos o lagunas que ni su imaginaci\u00f3n pod\u00eda vadear, las m\u00e1s de las veces acababan en otras a cuyo desenlace tampoco era capaz de llegar.<\/p>\n<p style=\"text-align: justify;\">S\u00fabitamente ces\u00f3 de hablar, se refugi\u00f3 en un s\u00fabito enmudecimiento, sin que nada lo provocara y sin que en su expresi\u00f3n se percibiera disgusto o incomodidad, su mirada se volc\u00f3 en su interior en busca de una vida pasada que perd\u00eda a pedazos, sin tener conciencia del presente y sin esperanzas en el futuro.<\/p>\n<p style=\"text-align: justify;\">\u00abLo que dar\u00eda por ayudarla a perseguir sus recuerdos\u00bb pens\u00e9.<\/p>\n<p style=\"text-align: justify;\">Me desped\u00ed de ella mostrando el mismo sentimiento que de ni\u00f1o me hab\u00eda avergonzado\u2026 \u00a0ahora cuando ella no pod\u00eda apreciarlo. Su mirada me acompa\u00f1\u00f3 unos segundos, hasta que en su trayectoria se cruz\u00f3 una de las auxiliares, en la que qued\u00f3 prendida, hasta que el revuelo de una mariposa, en el exterior, la acompa\u00f1\u00f3 al mundo de los recuerdos olvidados.<\/p>\n<p style=\"text-align: justify;\">Me fui con la desaz\u00f3n que proporciona que tu madre no te reconozca y conla absoluta seguridad de que nunca lo har\u00e1.<\/p>\n<p style=\"text-align: justify;\">Cuando uno tropieza con un amigo borracho, siempre le cabe la esperanza de que, cuando se serene, puedas decirle lo que no pudiste o no quisiste decirle en aquel estado, pero cuando el destino le quita el tap\u00f3n al desag\u00fce de los recuerdos, solo ha lugar a una de las palabras m\u00e1s crueles de nuestro idioma: la irreversibilidad.<\/p>\n<p style=\"text-align: justify;\">\n<p style=\"text-align: right;\"><em><strong>Alberto Gim\u00e9nez Prieto <\/strong><\/em><\/p>\n","protected":false},"excerpt":{"rendered":"<p>Era mi visita semanal, la misma que desde hac\u00eda tres a\u00f1os, pero su rutina no evit\u00f3 que me estremeciera al&hellip;<\/p>\n","protected":false},"author":2,"featured_media":22894,"comment_status":"open","ping_status":"open","sticky":false,"template":"","format":"standard","meta":{"om_disable_all_campaigns":false,"_mi_skip_tracking":false,"_monsterinsights_sitenote_active":false,"_monsterinsights_sitenote_note":"","_monsterinsights_sitenote_category":0,"footnotes":""},"categories":[21,30],"tags":[],"aioseo_notices":[],"_links":{"self":[{"href":"https:\/\/granadacostaglobal.es\/index.php?rest_route=\/wp\/v2\/posts\/22893"}],"collection":[{"href":"https:\/\/granadacostaglobal.es\/index.php?rest_route=\/wp\/v2\/posts"}],"about":[{"href":"https:\/\/granadacostaglobal.es\/index.php?rest_route=\/wp\/v2\/types\/post"}],"author":[{"embeddable":true,"href":"https:\/\/granadacostaglobal.es\/index.php?rest_route=\/wp\/v2\/users\/2"}],"replies":[{"embeddable":true,"href":"https:\/\/granadacostaglobal.es\/index.php?rest_route=%2Fwp%2Fv2%2Fcomments&post=22893"}],"version-history":[{"count":0,"href":"https:\/\/granadacostaglobal.es\/index.php?rest_route=\/wp\/v2\/posts\/22893\/revisions"}],"wp:featuredmedia":[{"embeddable":true,"href":"https:\/\/granadacostaglobal.es\/index.php?rest_route=\/"}],"wp:attachment":[{"href":"https:\/\/granadacostaglobal.es\/index.php?rest_route=%2Fwp%2Fv2%2Fmedia&parent=22893"}],"wp:term":[{"taxonomy":"category","embeddable":true,"href":"https:\/\/granadacostaglobal.es\/index.php?rest_route=%2Fwp%2Fv2%2Fcategories&post=22893"},{"taxonomy":"post_tag","embeddable":true,"href":"https:\/\/granadacostaglobal.es\/index.php?rest_route=%2Fwp%2Fv2%2Ftags&post=22893"}],"curies":[{"name":"wp","href":"https:\/\/api.w.org\/{rel}","templated":true}]}}