{"id":22816,"date":"2019-12-09T10:08:49","date_gmt":"2019-12-09T10:08:49","guid":{"rendered":"http:\/\/granadacostanacional.es\/?p=22816"},"modified":"2019-12-09T10:08:49","modified_gmt":"2019-12-09T10:08:49","slug":"nunca-un-no-puedo","status":"publish","type":"post","link":"https:\/\/granadacostaglobal.es\/?p=22816","title":{"rendered":"NUNCA UN NO PUEDO"},"content":{"rendered":"<p style=\"text-align: justify;\">&#8211; \u00bfDa usted su permiso mi sargento?<\/p>\n<p style=\"text-align: justify;\">Adelante, se presenta el cabo de primera,<\/p>\n<p style=\"text-align: justify;\">&#8211; Lozano, \u00a1se\u00f1or!<\/p>\n<p style=\"text-align: justify;\">&#8211; Descanse cabo y tome asiento<\/p>\n<p style=\"text-align: justify;\">&#8211; \u00a1Gracias se\u00f1or!<\/p>\n<p style=\"text-align: justify;\">&#8211; D\u00edgame cabo \u00bfa qu\u00e9 debo su visita?,<\/p>\n<p style=\"text-align: justify;\">&#8211; Si me lo permite se\u00f1or, quisiera mostrarle algo que he redactado como homenaje a la unidad mi sargento<\/p>\n<p style=\"text-align: justify;\">&#8211; \u00a1Adelante cabo, tiene mi atenci\u00f3n!<\/p>\n<p style=\"text-align: justify;\">&#8211; Gracias mi Sargento\u2026<\/p>\n<p style=\"text-align: justify;\">Bueno decir que, las fuerzas de Operaciones Especiales, si ya eran en \u00e9pocas anteriores, vitales para una defensa del pa\u00eds equilibrada, cobran fuerza actualmente, tras los \u00faltimos conflictos en Afganist\u00e1n primero e Irak posteriormente y actualmente ante la amenaza terrorista internacional.<\/p>\n<p style=\"text-align: justify;\">Un mayor protagonismo para disponer de una mayor capacidad para poder operar en el mayor ambiente pol\u00edtico-militar y as\u00ed poder llegar a ser un instrumento importante en la pol\u00edtica de Defensa de Espa\u00f1a como parte de las Fuerzas Armadas, colaborando dentro de una amplia gama de misiones que asigna el concepto operacional de nuestro Ej\u00e9rcito de Tierra, en el seno de las principales alianzas con las que estamos comprometidos, como fuera de ellas, constituyendo una garant\u00eda de actuaci\u00f3n y un elemento de disuasi\u00f3n.<\/p>\n<p style=\"text-align: justify;\">S\u00ed debo decirle mi Sargento, que, en este nuevo ambiente, si no novedoso, s\u00ed m\u00e1s agitado, se han llevado a cabo significativas transformaciones de conceptos en nuestro entorno occidental, revalorizando y actualizando el empleo de Unidades de Operaciones Especiales.<\/p>\n<p style=\"text-align: justify;\">Pero \u00a1ojo! Mi Sargento, cabe atribuir el nombre a los franceses, esta at\u00edpica forma de lucha data de mucho antes, de hecho, Se\u00f1or, fue una constante en suelo hispano en el siglo II A. de C.<\/p>\n<p style=\"text-align: justify;\">Hay que tener en cuenta, mi Sargento, que el a\u00f1o 1956 la Escuela Militar de Monta\u00f1a, propone al mando superior impartir cursos de capacitaci\u00f3n para el mando de Unidades de guerrilleros, termino este, que llevaba muchos a\u00f1os incorporado al vocablo militar. Ya en 1808, los franceses bautizaron como \u201cpetit Guerr\u00e9\u201d la que, a su ej\u00e9rcito, le hac\u00edan en Espa\u00f1a las cuadrillas y partidas de patriotas. El t\u00e9rmino se generaliz\u00f3 y transformando en guerrilla, acabar\u00eda por popularizarse en todo el mundo.<\/p>\n<p style=\"text-align: justify;\">ANTECEDENTES:<\/p>\n<p style=\"text-align: justify;\">Antecedentes mi Sargento, ya encontramos de lo que los romanos dejaron constancia escrita, resultando asombroso el paralelismo existente entre lo que entonces aconteci\u00f3 y las sucesivas maneras de oponerse, a lo largo de los siglos a otros invasores.<\/p>\n<p style=\"text-align: justify;\">As\u00ed pues, el guerrillero es un producto del alma Celt\u00edbera, la reacci\u00f3n inmediata cuando se encuentra frente al enemigo en plena naturaleza y con la organizaci\u00f3n deshecha en lo que constituye su m\u00e9dula: La jerarqu\u00eda.<\/p>\n<p style=\"text-align: justify;\">Resulta obvio pues, buscar las ra\u00edces de nuestras COEs, no solo en las partidas guerrilleras alzadas contra el invasor franc\u00e9s, si no, remont\u00e1ndonos a la \u00e9poca de Viriato cuando agrupados en n\u00facleos, que Tito Livio llam\u00f3 Latrones, ya utilizaban unos m\u00e9todos similares; el Concursare, que consist\u00eda seg\u00fan cuentan, en desgastar al enemigo, provocar su cansancio, promover constantes emboscadas, saquear el territorio, etc\u2026<\/p>\n<p style=\"text-align: justify;\">T\u00e1ctica de hostigamiento continuo y huida basada en la rapidez y la sorpresa.<\/p>\n<p style=\"text-align: justify;\">Otro tanto mi Sargento, ocurri\u00f3 cuando los \u00e1rabes invadieron la Pen\u00ednsula Ib\u00e9rica tras la batalla de Guadalete en el a\u00f1o 711.<\/p>\n<p style=\"text-align: justify;\">Los visigodos, a las \u00f3rdenes del Noble D. Pelayo, organizan una resistencia guerrillera en los montes del norte, dando comienzo la reconquista. M\u00e1s tarde, en 1303, los Almog\u00e1vares (payeses catalanes) que acompa\u00f1aron a Roger de Flor en sus expediciones a Grecia y Oriente, actuar\u00edan del mismo modo, seg\u00fan el Dr. Sabrequ\u00e9s, \u201cSe trataba de soldados de tropa irregular de Infanter\u00eda que se infiltraba en tierras enemigas\u201d.<\/p>\n<p style=\"text-align: justify;\">CARACTER\u00cdSTICAS:<\/p>\n<p style=\"text-align: justify;\">Pero ser\u00e1 en la Guerra de la Independencia en 1808, con mayor informaci\u00f3n bibliogr\u00e1fica que las anteriores, donde podemos buscar los antecedentes del esp\u00edritu guerrillero que ha caracterizado a las COEs desde su creaci\u00f3n hasta nuestros d\u00edas.<\/p>\n<p style=\"text-align: justify;\">P\u00e9rez Gald\u00f3s, en sus episodios nacionales cuando habla de Juan Mart\u00edn \u201cEl Empecinado\u201d, narra el modo de combatir guerrillero; en las guerrillas no hay verdaderas batallas, es decir, no hay ese duelo previsto y deliberado entre ej\u00e9rcitos, que se buscan, se encuentran, eligen terreno y se baten.<\/p>\n<p style=\"text-align: justify;\">Las guerrillas son la sorpresa y para que haya choque, es preciso que una de las dos partes, ignore la proximidad de la otra. Los mismos franceses, como el oficial de la guardia Corps Hayles, nos dejaron constancia del quehacer guerrillero. El pueblo entero se ve\u00eda encarnado en ellos como la manifestaci\u00f3n m\u00e1s espa\u00f1ola de la lucha, y cuanto pod\u00eda hacer por ayudarles, otro tanto hac\u00eda.<\/p>\n<p style=\"text-align: justify;\">Las \u00f3rdenes de los guerrilleros eran obedecidas sin discusi\u00f3n; para servirles, todo habitante estaba pronto a ser correo o esp\u00eda, cuando encontraban ocasi\u00f3n de batirse a su lado, lo hac\u00edan sin vacilar. Por otro lado, visto lo provechoso de su forma de combatir, se legaliza por primera vez en Espa\u00f1a, a las Unidades Guerrilleras de nuestra historia, mediante la publicaci\u00f3n del reglamento de partidas y cuadrillas, de 28 de diciembre de 1808 y despu\u00e9s el Decreto del Curso terrestre de 17 de abril de 1809, donde se reconoc\u00eda a los guerrilleros, aunque fuera del contexto del Ej\u00e9rcito Nacional, con el prop\u00f3sito de coordinar sus acciones hac\u00eda un mismo fin: La expulsi\u00f3n del invasor.<\/p>\n<p style=\"text-align: justify;\">&#8211; Continuo con su permiso, mi Sargento.<\/p>\n<p style=\"text-align: justify;\">&#8211; \u00a1s\u00ed, s\u00ed, contin\u00fae cabo!<\/p>\n<p style=\"text-align: justify;\">CREACI\u00d3N DE LAS UNIDADES DE OPERACIONES ESPECIALES.<\/p>\n<p style=\"text-align: justify;\">La idea mi Sargento, de crear UOEs nace en la EMM en 1956, cuando se propone impartir un curso para diplomar a los mandos de las futuras Unidades, que deb\u00edan organizarse seg\u00fan un razonamiento basado en la profusi\u00f3n de la lucha de guerrillas.<\/p>\n<p style=\"text-align: justify;\">As\u00ed es como, a modo experimental, del 14 de enero al 14 de diciembre de 1957 se desarrolla en ese centro el primer curso de aptitud para el mando de Unidades guerrilleras, dividi\u00e9ndose en dos fases con un periodo de descanso entre el ocho de agosto y el dos de octubre.<\/p>\n<p style=\"text-align: justify;\">El 13 de Diciembre de 1961, finalizado el IV curso y en consecuencia, cuando ya se contaba con suficientes mandos para formar la primera Unidad Guerrillera, el Estado Mayor Central del ej\u00e9rcito dicta, \u201cPor orden del Ministro General Barroso, la instrucci\u00f3n general n\u00ba 161-125, emanada de la 1\u00aa secci\u00f3n en la Direcci\u00f3n General de Organizaci\u00f3n y Campa\u00f1a, en la que se dan normas para la creaci\u00f3n experimental de las dos primeras Unidades de Operaciones Especiales, de ellas la n\u00ba 71 se encuadrar\u00eda administrativamente en la Agrupaci\u00f3n de Infanter\u00eda Mil\u00e1n n\u00ba 3 en Oviedo y con dependencia t\u00e1ctica de la Divisi\u00f3n Oviedo 71 y la Unidad de Operaciones Especiales n\u00ba 81, dependiendo en los mismos t\u00e9rminos, de la Agrupaci\u00f3n Zamora n\u00ba8 en Orense y de la Divisi\u00f3n n\u00ba 81.<\/p>\n<p style=\"text-align: justify;\">Ambos ten\u00edan como plazo para finalizar su organizaci\u00f3n, el 1 de marzo de 1962, como armamento novedoso, se dotaba a cada hombre adem\u00e1s de su fusil de asalto CETME, con pistola y cuchillo.<\/p>\n<p style=\"text-align: justify;\">Todo el personal de tropa era voluntario, aunque deb\u00edan superar unas pruebas de selecci\u00f3n y el compromiso era por el tiempo en que el reemplazo permaneciese en filas, facilit\u00e1ndoles el reenganche si lo deseaban.<\/p>\n<p style=\"text-align: justify;\">Los haberes que percib\u00edan, eran los reglamentarios en el personal de tropa, m\u00e1s un plus de 12 pesetas por d\u00eda de campo y 6 pesetas por d\u00eda de cuartel, \u00a1\u00a1Aunque a d\u00eda de hoy mi Sargento, estas cifras puedan ser insignificantes!!, entiendo que en aquel tiempo era cierto capital;<\/p>\n<p style=\"text-align: justify;\">&#8211; Ciertamente Cabo, prosiga con su alocuci\u00f3n<\/p>\n<p style=\"text-align: justify;\">&#8211; S\u00ed, mi Sargento.<\/p>\n<p style=\"text-align: justify;\">El plan de instrucci\u00f3n a seguir, as\u00ed como la doctrina en la que se deb\u00eda fundamentar el desarrollo del mismo, fue encargado a la Direcci\u00f3n General de Ense\u00f1anza.<\/p>\n<p style=\"text-align: justify;\">A continuaci\u00f3n, hablar\u00e9 sobre Las Compa\u00f1\u00edas de Operaciones Especiales, mi Sargento.<\/p>\n<p style=\"text-align: justify;\">El d\u00eda 8 de diciembre de 1962, en la conmemoraci\u00f3n de la festividad de la Inmaculada Concepci\u00f3n, patrona del arma de Infanter\u00eda, la UOE n\u00ba 71, estren\u00f3 la Boina Verde, s\u00edmbolo por excelencia de estas unidades, pues a modo de ba\u00f1o colectivo, une a todos los hombres que la llevan y marca un peculiar estilo de vida militar, girando en torno a ella, todos los valores morales del soldado de UOEs, heredero de las virtudes guerrilleras de anta\u00f1o.<\/p>\n<p style=\"text-align: justify;\">El 10 de julio de 1965 mi Sargento, la Direcci\u00f3n General de Organizaci\u00f3n y Campa\u00f1a del Estado Mayor Central, promulg\u00f3 la Instrucci\u00f3n General 165\/142 sobre la reorganizaci\u00f3n del ej\u00e9rcito, que, en su primera parte, se refer\u00eda al Ej\u00e9rcito Operativo.<\/p>\n<p style=\"text-align: justify;\">\n<p style=\"text-align: right;\">Gonzalo Lozano Curado<\/p>\n","protected":false},"excerpt":{"rendered":"<p>&#8211; \u00bfDa usted su permiso mi sargento? Adelante, se presenta el cabo de primera, &#8211; Lozano, \u00a1se\u00f1or! &#8211; Descanse cabo&hellip;<\/p>\n","protected":false},"author":3,"featured_media":22818,"comment_status":"open","ping_status":"open","sticky":false,"template":"","format":"standard","meta":{"om_disable_all_campaigns":false,"_mi_skip_tracking":false,"_monsterinsights_sitenote_active":false,"_monsterinsights_sitenote_note":"","_monsterinsights_sitenote_category":0,"footnotes":""},"categories":[21],"tags":[],"aioseo_notices":[],"_links":{"self":[{"href":"https:\/\/granadacostaglobal.es\/index.php?rest_route=\/wp\/v2\/posts\/22816"}],"collection":[{"href":"https:\/\/granadacostaglobal.es\/index.php?rest_route=\/wp\/v2\/posts"}],"about":[{"href":"https:\/\/granadacostaglobal.es\/index.php?rest_route=\/wp\/v2\/types\/post"}],"author":[{"embeddable":true,"href":"https:\/\/granadacostaglobal.es\/index.php?rest_route=\/wp\/v2\/users\/3"}],"replies":[{"embeddable":true,"href":"https:\/\/granadacostaglobal.es\/index.php?rest_route=%2Fwp%2Fv2%2Fcomments&post=22816"}],"version-history":[{"count":0,"href":"https:\/\/granadacostaglobal.es\/index.php?rest_route=\/wp\/v2\/posts\/22816\/revisions"}],"wp:featuredmedia":[{"embeddable":true,"href":"https:\/\/granadacostaglobal.es\/index.php?rest_route=\/"}],"wp:attachment":[{"href":"https:\/\/granadacostaglobal.es\/index.php?rest_route=%2Fwp%2Fv2%2Fmedia&parent=22816"}],"wp:term":[{"taxonomy":"category","embeddable":true,"href":"https:\/\/granadacostaglobal.es\/index.php?rest_route=%2Fwp%2Fv2%2Fcategories&post=22816"},{"taxonomy":"post_tag","embeddable":true,"href":"https:\/\/granadacostaglobal.es\/index.php?rest_route=%2Fwp%2Fv2%2Ftags&post=22816"}],"curies":[{"name":"wp","href":"https:\/\/api.w.org\/{rel}","templated":true}]}}