{"id":22730,"date":"2019-12-02T16:31:51","date_gmt":"2019-12-02T16:31:51","guid":{"rendered":"http:\/\/granadacostanacional.es\/?p=22730"},"modified":"2019-12-02T16:31:51","modified_gmt":"2019-12-02T16:31:51","slug":"presentacion-del-nuevo-libro-homenaje-a-gloria-de-malaga","status":"publish","type":"post","link":"https:\/\/granadacostaglobal.es\/?p=22730","title":{"rendered":"PRESENTACI\u00d3N DEL NUEVO LIBRO &#8220;HOMENAJE A GLORIA DE M\u00c1LAGA&#8221;"},"content":{"rendered":"<p style=\"text-align: justify;\">\u00a0 \u00a0 \u00a0Como el tiempo que es vida se consume y desvanece para todos y todas por igual, este articulo que os presento a continuaci\u00f3n podr\u00eda haberse concebido meses atr\u00e1s ya que los protagonistas de los cuales hablar\u00e9 mas adelante, no hallaron el modo o la forma de coincidir con el nacimiento de mi libro titulado &#8220;Homenaje a Gloria de M\u00e1laga&#8221; hasta fechas muy cercanas desde esta publicaci\u00f3n.<\/p>\n<p style=\"text-align: justify;\">\u00a0 \u00a0 \u00a0Este acto fue organizado por Don Alfonso Villegas Lermo (Presidente de de la A.M.E.) en la sala &#8220;El Palomar&#8221; de nuestro emblem\u00e1tico y legendario &#8220;El Pimpi&#8221; y publicado por &#8220;Granada Club Selecci\u00f3n&#8221;.<\/p>\n<p style=\"text-align: justify;\">\u00a0 \u00a0 \u00a0A dicho evento asistieron personajes tan ilustres como Do\u00f1a Guadalupe Rodr\u00edguez Barrionuevo, (Bi\u00f3grafa de este libro), Don Miguel Ferrari (Periodista de &#8220;La Opini\u00f3n de M\u00e1laga&#8221;), nuestro pintor Malague\u00f1o Don Antonio Montiel, el cual presidi\u00f3 junto a Don Alfonso Villegas, Do\u00f1a Guadalupe y una servidora, la mesa presidencial.<\/p>\n<p style=\"text-align: justify;\">\u00a0 \u00a0 \u00a0Destacar entre otros personajes malague\u00f1os como Don Diego Ce\u00e1no, Do\u00f1a Amalia Briasco, el pintor y escritor Don Antonio P\u00e1rraga y Do\u00f1a Concha Vera, (Presidenta de la &#8220;Generaci\u00f3n 90&#8221;) y Don Pedro Gordillo (Profesor de copla).<\/p>\n<p style=\"text-align: justify;\">\u00a0 \u00a0 \u00a0Por otro lado, tuve el honor de ser recibida en el E.X.M.O. Ayuntamiento de M\u00e1laga por nuestro querido y admirado Alcalde Don Francisco de la Torre, el cual me recibi\u00f3 d\u00e1ndome la oportunidad de regalarle mi nuevo libro ya mencionado. Por su parte me hizo entrega de la insignia conocida como &#8220;La Biznaga de M\u00e1laga&#8221;, as\u00ed como un libro de nuestra historia malague\u00f1a.<\/p>\n<p style=\"text-align: justify;\">He querido compartir en este tiempo oportuno con todos y todas ustedes estas experiencias tan gratificantes como satisfactorias desde la humildad y el agradecimiento&#8230;&#8230;.OS DESEO DE TODO CORAZ\u00d3N, FELICES FIESTAS.<\/p>\n<p>&nbsp;<\/p>\n<figure id=\"attachment_22734\" aria-describedby=\"caption-attachment-22734\" style=\"width: 511px\" class=\"wp-caption alignnone\"><a href=\"http:\/\/granadacostanacional.es\/wp-content\/uploads\/2019\/12\/Sin-t\u00edtulo-1-1.jpg\"><img decoding=\"async\" loading=\"lazy\" class=\"wp-image-22734 \" title=\"Entrega libro a Don Francisco de la Torre Alfonso Villegas, Gloria de M\u00e1laga. y Do\u00f1a Teresa Porras-\" src=\"http:\/\/granadacostanacional.es\/wp-content\/uploads\/2019\/12\/Sin-t\u00edtulo-1-1.jpg\" alt=\"Entrega libro a Don Francisco de la Torre Alfonso Villegas, Gloria de M\u00e1laga. y Do\u00f1a Teresa Porras.\" width=\"511\" height=\"341\" \/><\/a><figcaption id=\"caption-attachment-22734\" class=\"wp-caption-text\">Entrega libro a Don Francisco de la Torre Alfonso Villegas, Gloria de M\u00e1laga. y Do\u00f1a Teresa Porras.<\/figcaption><\/figure>\n<p>&nbsp;<\/p>\n<figure id=\"attachment_22735\" aria-describedby=\"caption-attachment-22735\" style=\"width: 500px\" class=\"wp-caption alignnone\"><a href=\"http:\/\/granadacostanacional.es\/wp-content\/uploads\/2019\/12\/ARTICULO-LIBRO-2-10-019-3-2.jpg\"><img decoding=\"async\" loading=\"lazy\" class=\"wp-image-22735 \" title=\"Alfonso Villegas, Gloria de M\u00e1laga. Antonio Montiel, Pedro Gordillo y Diego Ce\u00e1no\" src=\"http:\/\/granadacostanacional.es\/wp-content\/uploads\/2019\/12\/ARTICULO-LIBRO-2-10-019-3-2.jpg\" alt=\"Alfonso Villegas, Gloria de M\u00e1laga. Antonio Montiel, Pedro Gordillo y Diego Ce\u00e1no\" width=\"500\" height=\"281\" \/><\/a><figcaption id=\"caption-attachment-22735\" class=\"wp-caption-text\">Alfonso Villegas, Gloria de M\u00e1laga. Antonio Montiel, Pedro Gordillo y Diego Ce\u00e1no<\/figcaption><\/figure>\n<p style=\"text-align: right;\">Gloria de M\u00e1laga<\/p>\n","protected":false},"excerpt":{"rendered":"<p>\u00a0 \u00a0 \u00a0Como el tiempo que es vida se consume y desvanece para todos y todas por igual, este articulo&hellip;<\/p>\n","protected":false},"author":2,"featured_media":22737,"comment_status":"open","ping_status":"open","sticky":false,"template":"","format":"standard","meta":{"om_disable_all_campaigns":false,"_mi_skip_tracking":false,"_monsterinsights_sitenote_active":false,"_monsterinsights_sitenote_note":"","_monsterinsights_sitenote_category":0,"footnotes":""},"categories":[21,30],"tags":[],"aioseo_notices":[],"_links":{"self":[{"href":"https:\/\/granadacostaglobal.es\/index.php?rest_route=\/wp\/v2\/posts\/22730"}],"collection":[{"href":"https:\/\/granadacostaglobal.es\/index.php?rest_route=\/wp\/v2\/posts"}],"about":[{"href":"https:\/\/granadacostaglobal.es\/index.php?rest_route=\/wp\/v2\/types\/post"}],"author":[{"embeddable":true,"href":"https:\/\/granadacostaglobal.es\/index.php?rest_route=\/wp\/v2\/users\/2"}],"replies":[{"embeddable":true,"href":"https:\/\/granadacostaglobal.es\/index.php?rest_route=%2Fwp%2Fv2%2Fcomments&post=22730"}],"version-history":[{"count":0,"href":"https:\/\/granadacostaglobal.es\/index.php?rest_route=\/wp\/v2\/posts\/22730\/revisions"}],"wp:featuredmedia":[{"embeddable":true,"href":"https:\/\/granadacostaglobal.es\/index.php?rest_route=\/"}],"wp:attachment":[{"href":"https:\/\/granadacostaglobal.es\/index.php?rest_route=%2Fwp%2Fv2%2Fmedia&parent=22730"}],"wp:term":[{"taxonomy":"category","embeddable":true,"href":"https:\/\/granadacostaglobal.es\/index.php?rest_route=%2Fwp%2Fv2%2Fcategories&post=22730"},{"taxonomy":"post_tag","embeddable":true,"href":"https:\/\/granadacostaglobal.es\/index.php?rest_route=%2Fwp%2Fv2%2Ftags&post=22730"}],"curies":[{"name":"wp","href":"https:\/\/api.w.org\/{rel}","templated":true}]}}