{"id":22716,"date":"2019-12-02T10:29:24","date_gmt":"2019-12-02T10:29:24","guid":{"rendered":"http:\/\/granadacostanacional.es\/?p=22716"},"modified":"2019-12-02T10:29:24","modified_gmt":"2019-12-02T10:29:24","slug":"pardo-benavent-y-di-geraldo-ponen-en-pie-al-publico-jienense-en-el-estreno-en-andalucia-de-la-gira-flamenco-leaks","status":"publish","type":"post","link":"https:\/\/granadacostaglobal.es\/?p=22716","title":{"rendered":"Pardo, Benavent y Di Geraldo ponen en pie al p\u00fablico jienense, en el estreno en Andaluc\u00eda de la gira &#8216;Flamenco Leaks&#8217;"},"content":{"rendered":"<p style=\"text-align: center;\"><i>Los\u00a0tres m\u00fasicos protagonizaron anoche un concierto inolvidable para los<br \/>\nasistentes a la cita, en el Teatro Darymelia de la capital jienense<\/i><\/p>\n<p style=\"text-align: center;\"><i>Se\u00a0puso el broche, de manera magistral, a los actos organizados con\u00a0<\/i><i>motivo del 25 aniversario del Festival de Jazz de Ja\u00e9n<\/i><\/p>\n<p style=\"text-align: justify;\">Ja\u00e9n, 2 de diciembre de 2019<\/p>\n<p style=\"text-align: justify;\">Con\u00a0el p\u00fablico puesto en pie en el Teatro Darymelia concluy\u00f3 el primer\u00a0concierto de la gira &#8216;Flamenco Leaks&#8217; en Andaluc\u00eda. Jorge Pardo,\u00a0Carlos Benavent y Tino di Geraldo emocionaron a los asistentes a un\u00a0gran concierto que pon\u00eda el broche a los actos del 25 aniversario\u00a0del nacimiento del Festival de Jazz de Ja\u00e9n.<\/p>\n<p style=\"text-align: justify;\">La\u00a0entrega de los m\u00fasicos sobre el escenario jienense fue recogida con\u00a0veneraci\u00f3n y pasi\u00f3n por los asistentes a un concierto muy especial\u00a0para la capital jienense. Era un reencuentro con tres m\u00fasicos que\u00a0hab\u00edan pasado en innumerables ocasiones por el querido festival de\u00a0jazz jienense, pero adem\u00e1s era una oportunidad para so\u00f1ar con el\u00a0regreso de esta a\u00f1orada cita. Por eso lo que anoche se vivi\u00f3 en el\u00a0teatro jienense fue tan especial y emocionante.<\/p>\n<p style=\"text-align: justify;\">El\u00a0flamenco es un arte sin barreras, que se hace a\u00fan m\u00e1s libre a\u00a0trav\u00e9s del lenguaje travieso del jazz. Y as\u00ed se puso ayer de\u00a0manifiesto durante la presentaci\u00f3n en Ja\u00e9n de &#8216;Flamenco Leaks&#8217;, una\u00a0gira que arrancaba el pasado viernes en Madrid, y que bord\u00f3 anoche\u00a0su primer concierto en Andaluc\u00eda. &#8216;Flamenco Leaks&#8217; es el flamente\u00a0proyecto de Jorge Pardo, Carlos Benavent y Tino di Geraldo, el tercer\u00a0trabajo discogr\u00e1fico de quienes los seguidores del jazz-flamenco\u00a0han bautizado como &#8216;El Tr\u00edo&#8217;. 20 a\u00f1os han pasado ya desde la\u00a0grabaci\u00f3n en directo de &#8216;El Concierto de Sevilla (1999)&#8217;, un disco\u00a0de culto para los amantes del jazz y el flamenco, y que reuni\u00f3 por\u00a0primera vez a estos tres grandes m\u00fasicos. Dos d\u00e9cadas despu\u00e9s los\u00a0tres m\u00fasicos se han reunido nuevamente, manteniendo esa fusi\u00f3n\u00a0entre el flamenco y el jazz, en un disco grabado tambi\u00e9n en directo.<\/p>\n<p style=\"text-align: justify;\">Con\u00a0un buen hacer magistral, estos tres m\u00fasicos se transformaron anoche\u00a0en Ja\u00e9n en alquimistas, dibujando bajo su prisma parte de ese todo\u00a0que han bebido de grandes maestros, de leyendas del flamenco; y con\u00a0delicadeza y generosidad han llevado a su terreno en este disco parte\u00a0de ese legado. Sin ser flamencos, estos tres artistas descubrieron\u00a0hace d\u00e9cadas un terreno com\u00fan donde expresarse, y as\u00ed han\u00a0trabajado una f\u00f3rmula que ayer sonaba a quej\u00edo, y que despert\u00f3 m\u00e1s\u00a0de un &#8220;\u00a1ole!&#8221; entre el entregado p\u00fablico del Teatro\u00a0Darymelia.<\/p>\n<p style=\"text-align: justify;\">Los\u00a0tres juntos, o por separado, protagonizaron un concierto impecable,\u00a0una noche inolvidable que sin duda muchos tardar\u00e1n en olvidar.\u00a0\u00a0Jorge Pardo, Carlos Benavent y Tino di Geraldo hicieron volar hacia\u00a0otro lugar al p\u00fablico con su emocionante virtuosismo, hasta\u00a0conseguir ponerlo en pie en una ovaci\u00f3n interminable que puso el<br \/>\nmejor broche posible a este 25 aniversario del nacimiento del\u00a0Festival de Jazz de Jaen.<\/p>\n<p style=\"text-align: justify;\"><b>El\u00a0<\/b><b>porqu\u00e9 del aniversario<\/b><\/p>\n<p style=\"text-align: justify;\">Hace\u00a025 a\u00f1os, \u00c1ngel Mill\u00e1n, gerente del club de Jazz Chubby Cheek y\u00a0promotor del proyecto, pon\u00eda en marcha el Festival Internacional de\u00a0Jazz de Ja\u00e9n, con la organizaci\u00f3n del Ayuntamiento de la capital y\u00a0con el apoyo de la Diputaci\u00f3n Provincial de Ja\u00e9n, Universidad de\u00a0Ja\u00e9n, Obra Social de Caja de Ja\u00e9n (hoy Fundaci\u00f3n Unicaja Ja\u00e9n),\u00a0etc. Este festival naci\u00f3 de la necesidad de unos cuantos aficionados\u00a0al Jazz de Ja\u00e9n que ten\u00edan que ir a otras provincias para poder\u00a0disfrutar de este movimiento cultural, el m\u00e1s importante del siglo\u00a0XX en lo que a lo musical se refiere. Por sus 17 ediciones han pasado\u00a0los grandes nombres de la escena nacional e internacional, ofreciendo\u00a0grandes momentos que han quedado para el recuerdo de todos esos\u00a0fieles que a\u00f1o tras a\u00f1o disfrutaron de los excepcionales carteles\u00a0de la cita. De hecho, el Festival Internacional de Jazz de Ja\u00e9n\u00a0sirvi\u00f3 para crear una cantera de p\u00fablico, hoy expertos amantes del\u00a0g\u00e9nero; pero tambi\u00e9n fue caldo de cultivo de m\u00fasicos de la ciudad\u00a0que se adentraron y profundizaron en este g\u00e9nero de la m\u00fasica\u00a0negra.<\/p>\n<p style=\"text-align: justify;\">Los\u00a0actos del 25 aniversario del nacimiento del Festival de Jazz de Ja\u00e9n,\u00a0entre los que han destaco la exposici\u00f3n fotogr\u00e1fica &#8216;Luz de Jazz&#8217; y\u00a0el concierto de anoche en el Darymelia, han estado organizados por el\u00a0Ayuntamiento de Ja\u00e9n, con el apoyo y patrocinio de entidades como\u00a0Software del Sol y Aceites Melgarejo, y la colaboraci\u00f3n de Diario\u00a0IDEAL y VIVA JA\u00c9N.<\/p>\n<p style=\"text-align: justify;\"><a href=\"http:\/\/granadacostanacional.es\/wp-content\/uploads\/2019\/12\/201912011226088494.jpg\"><img decoding=\"async\" loading=\"lazy\" class=\" wp-image-22718\" src=\"http:\/\/granadacostanacional.es\/wp-content\/uploads\/2019\/12\/201912011226088494.jpg\" alt=\"201912011226088494\" width=\"605\" height=\"403\" \/><\/a><\/p>\n","protected":false},"excerpt":{"rendered":"<p>Los\u00a0tres m\u00fasicos protagonizaron anoche un concierto inolvidable para los asistentes a la cita, en el Teatro Darymelia de la capital&hellip;<\/p>\n","protected":false},"author":2,"featured_media":22575,"comment_status":"open","ping_status":"open","sticky":false,"template":"","format":"standard","meta":{"om_disable_all_campaigns":false,"_mi_skip_tracking":false,"_monsterinsights_sitenote_active":false,"_monsterinsights_sitenote_note":"","_monsterinsights_sitenote_category":0,"footnotes":""},"categories":[21,30],"tags":[],"aioseo_notices":[],"_links":{"self":[{"href":"https:\/\/granadacostaglobal.es\/index.php?rest_route=\/wp\/v2\/posts\/22716"}],"collection":[{"href":"https:\/\/granadacostaglobal.es\/index.php?rest_route=\/wp\/v2\/posts"}],"about":[{"href":"https:\/\/granadacostaglobal.es\/index.php?rest_route=\/wp\/v2\/types\/post"}],"author":[{"embeddable":true,"href":"https:\/\/granadacostaglobal.es\/index.php?rest_route=\/wp\/v2\/users\/2"}],"replies":[{"embeddable":true,"href":"https:\/\/granadacostaglobal.es\/index.php?rest_route=%2Fwp%2Fv2%2Fcomments&post=22716"}],"version-history":[{"count":0,"href":"https:\/\/granadacostaglobal.es\/index.php?rest_route=\/wp\/v2\/posts\/22716\/revisions"}],"wp:featuredmedia":[{"embeddable":true,"href":"https:\/\/granadacostaglobal.es\/index.php?rest_route=\/"}],"wp:attachment":[{"href":"https:\/\/granadacostaglobal.es\/index.php?rest_route=%2Fwp%2Fv2%2Fmedia&parent=22716"}],"wp:term":[{"taxonomy":"category","embeddable":true,"href":"https:\/\/granadacostaglobal.es\/index.php?rest_route=%2Fwp%2Fv2%2Fcategories&post=22716"},{"taxonomy":"post_tag","embeddable":true,"href":"https:\/\/granadacostaglobal.es\/index.php?rest_route=%2Fwp%2Fv2%2Ftags&post=22716"}],"curies":[{"name":"wp","href":"https:\/\/api.w.org\/{rel}","templated":true}]}}