{"id":22705,"date":"2019-12-02T08:30:18","date_gmt":"2019-12-02T08:30:18","guid":{"rendered":"http:\/\/granadacostanacional.es\/?p=22705"},"modified":"2019-12-02T08:30:18","modified_gmt":"2019-12-02T08:30:18","slug":"iv-seminario-estatal-sobre-personas-menores-de-edad-en-transito-y-trata-de-ninos-y-ninas-y-adolescentes-avaim-fapmi","status":"publish","type":"post","link":"https:\/\/granadacostaglobal.es\/?p=22705","title":{"rendered":"IV Seminario Estatal sobre Personas Menores de Edad en Tr\u00e1nsito y Trata de ni\u00f1os y ni\u00f1as y adolescentes AVAIM-FAPMI"},"content":{"rendered":"<p style=\"text-align: justify;\"><strong>\u00a0<a href=\"http:\/\/granadacostanacional.es\/wp-content\/uploads\/2019\/12\/carmen-2.jpg\"><img decoding=\"async\" loading=\"lazy\" class=\"size-medium wp-image-22706 alignleft\" src=\"http:\/\/granadacostanacional.es\/wp-content\/uploads\/2019\/12\/carmen-2-285x300.jpg\" alt=\"carmen 2\" width=\"285\" height=\"300\" \/><\/a><\/strong>Los pasados d\u00edas 21 y 22 de noviembre, FAPMI i AVAIM, \u00a0en el contexto de su 30 aniversario, con el apoyo del Ministerio de Sanidad, Consumo y Bienestar Social y la financiaci\u00f3n de Petronor se celebrar\u00f3<strong>\u00a0el IV Seminario Estatal sobre Explotaci\u00f3n Sexual de la infancia y la Adolescencia \u201cPersonas Menores de edad en tr\u00e1nsito y trata de ni\u00f1as y ni\u00f1os\u201d<\/strong><\/p>\n<p style=\"text-align: justify;\"><strong>AVAIM <\/strong>(Asociaci\u00f3n Vasca para la Ayuda a la Infancia Maltratada \u2013 Tratu Txarrak Jasotako Haurren Laguntzarako Euskal Elkartea), comenz\u00f3 a gestarse en 1989, cuando un grupo de profesionales se reunieron con la idea de organizar una Asociaci\u00f3n de defensa y ayuda a la infancia maltratada. Fruto de su entusiasmo, en enero de 1990, AVAIM se constituy\u00f3 legalmente y fue inscrita en el Registro de Asociaciones del Departamento de Justicia del Gobierno Vasco (AS\/G\/1842\/1990). Es una asociaci\u00f3n\u00a0<strong>sin \u00e1nimo de lucro, declarada de Utilidad P\u00fablica por Gobierno Vasco\u00a0en el a\u00f1o 2007,<\/strong>\u00a0en la que se integran\u00a0<strong>personas y entidades\u00a0<\/strong>sensibilizadas con la defensa de los derechos de los menores, as\u00ed como\u00a0<strong>profesionales<\/strong>\u00a0de diferentes \u00e1mbitos (psicolog\u00eda, pedagog\u00eda, trabajo social, derecho, educaci\u00f3n, medicina,\u2026) que a\u00fanan sus esfuerzos para\u00a0<strong>promocionar el buen trato de ni\u00f1os, ni\u00f1as y j\u00f3venes del Pa\u00eds Vasco. <\/strong>AVAIM es miembro fundador de la Federaci\u00f3n de Asociaciones para la prevenci\u00f3n del Maltrato Infantil (<strong>FAPMI<\/strong><strong>)<\/strong> y, en la actualidad, sigue participando en sus reuniones y asambleas.<\/p>\n<p style=\"text-align: justify;\"><strong>ECPAT<\/strong> es el acr\u00f3nimo de\u00a0<em>End Child Prostitution, Child Pornography and Taffiking of Children for Sexual Purposes\u00a0<\/em>(Acabar con la Prostituci\u00f3n Infantil, la Pornograf\u00eda Infantil y el Tr\u00e1fico de Ni\u00f1os con fines Sexuales). ECPAT International es una red mundial de organizaciones y personas que trabajan juntas para poner fin a la prostituci\u00f3n, la pornograf\u00eda y la trata de ni\u00f1os y adolescentes con fines sexuales. Se dedica a alentar a la comunidad internacional a que asegure que los ni\u00f1os de todas partes del mundo gocen de sus derechos fundamentales, libres de toda forma de explotaci\u00f3n. ECPAT tiene estatus consultivo en el Consejo Econ\u00f3mico y Social de Naciones Unidas (ECOSOC).<\/p>\n<p style=\"text-align: justify;\">FAPMI se fund\u00f3 en 1990 y se asoci\u00f3 a ECPAT en 2011. Dentro del III Plan de Acci\u00f3n 2017-220 contra la Explotaci\u00f3n Sexual de la infancia y Adolescencia de FAPMI-ECPAT Espa\u00f1a, tiene como uno de los ejes estrat\u00e9gicos, la incidencia significativa sobre el contexto social y pol\u00edtico a diferentes niveles y como objetivo com\u00fan colaborar de forma proactiva en el dise\u00f1o de respuestas eficaces y efectivas en la protecci\u00f3n y atenci\u00f3n de las v\u00edctimas de explotaci\u00f3n sexual y a los agresores. Dentro de este contexto, este seminario intentar\u00e1 profundizar en el conocimiento sobre las problem\u00e1ticas y estrategias comunes a desarrollar para combatirla. Tambi\u00e9n queremos involucrar a las diferentes agencias implicadas: administraci\u00f3n, instituciones p\u00fablicas y privadas, las organizaciones sociedad civil y al sector privado empresarial.<\/p>\n<p style=\"text-align: justify;\">Este seminario se ha desarrollado como un espacio para profundizar en el conocimiento sobre la problem\u00e1tica de la explotaci\u00f3n de las personas en tr\u00e1nsito as\u00ed como en aquellas propuestas de acci\u00f3n que permitan desarrollar estrategias comunes para combatirla involucrando tanto a administraciones, instituciones, organizaciones de la sociedad civil, como al sector privado empresarial. Esta actividad formativa se enmarc\u00f3 dentro del Programa Estatal de formaci\u00f3n en ESIA de FAPMI-ECPAT Espa\u00f1a.<\/p>\n<p style=\"text-align: justify;\">Las ponencias presentadas se desarrollaron con la participaci\u00f3n de diferentes profesionales que dieron una gran visi\u00f3n de conjunto y de reflexi\u00f3n sobre este tema. Participaron des de la \u00a0Diputaci\u00f3n Foral de Vizcaya, Defensor\u00eda del Pueblo de Pa\u00eds Vasco, diferentes profesionales de la abogac\u00eda expertos en migraciones e infancia, representantes de la guardia civil, polic\u00eda nacional y ertzantzia, responsable del \u00e1rea de protecci\u00f3n del club de futbol Athletic de Bilbao, programas de intervenci\u00f3n como <em>Save The Children<\/em> o europeos como el proyecto FORUM y diferentes ONGs especializadas en el tr\u00e1fico, la trata y prostituci\u00f3n de ni\u00f1os, ni\u00f1as y adolescentes.<\/p>\n<p style=\"text-align: justify;\">El diario El Pa\u00eds del pasado 18-11-2019, en un extenso art\u00edculo, se\u00f1ala como un grave \u00a0problema el que casi 10.000 menores migrantes tutelados en Espa\u00f1a est\u00e1n sin papeles, es decir indocumentados. A pesar de que la ley obliga a las comunidades aut\u00f3nomas a tramitar dichos documentos, solamente alrededor del 21% obtienen el permiso de residencia. Hasta la fecha del 30-06-2019 solamente 2.573 migrantes menores contaban con la autorizaci\u00f3n de residencia en vigor. Este es un numero insignificantes se tiene en cuenta que en Espa\u00f1a hay 12.3000 migrantes menores en acogida. Sin un NIE que les identifique no pueden ejercer sus derechos. Un migrante sin documentaci\u00f3n no se puede integrar en la sociedad, ni acceder a un puesto de trabajo. Que no olvidemos, que justamente fue la posibilidad de acceder a un puesto de trabajo los que les impuls\u00f3 a cruzar el Mediterr\u00e1neo en las peores condiciones posibles. Son invisibles y por tanto muy vulnerables. Esto les lleva a la exclusi\u00f3n y a caer bajo las garras de las diferentes mafias existentes. Mafias que les abocan a la delincuencia pero tambi\u00e9n a la prostituci\u00f3n y a la explotaci\u00f3n sexual.<\/p>\n<p style=\"text-align: justify;\">El Pa\u00eds cita el caso de un joven marroqu\u00ed para el que la calle ha sido su \u00fanico domicilio en los 4 pa\u00edses europeos en los que ha vivido. A los 12 a\u00f1os estuvo en un centro de acogida de Andaluc\u00eda, a los 15 en otro de Madrid. En total paso por tres centros y un piso tutelados. Sin ning\u00fan tipo de documentaci\u00f3n empez\u00f3 un largo recorrido por diferentes servicios sociales de Holanda, Alemania y Francia. Reci\u00e9n cumplidos los 18 a\u00f1os ha regresado a Espa\u00f1a hablando perfectamente 4 idiomas pero m\u00e1s invisible que nunca. Enganchado a ansiol\u00edticos malvive y duerme entre cartones en el barrio de Lavapi\u00e9s de Madrid<\/p>\n<p style=\"text-align: justify;\">Al cumplir los 18 a\u00f1os, pasan a ser adultos y por tanto tienen la obligaci\u00f3n de dejar los centros y pisos tutelados.\u00a0 Recientemente supimos de la noticia que uno de esos migrantes se suicid\u00f3 al haber cumplido 18 a\u00f1os y tener que dejar el centro tutelado sin ning\u00fan tipo de documentaci\u00f3n. Porque solamente 38 ex-tutelados migrantes de 18 a\u00f1os consiguieron el permiso de residencia en el a\u00f1o 2018 y solamente 54 obtuvieron el permiso de trabajo. Y como todos sabemos sin papeles y sin permiso de trabajo es imposible la inclusi\u00f3n en la sociedad y est\u00e1n abocados a la marginalidad o la invisibilidad.<\/p>\n<p style=\"text-align: justify;\">El lunes pasado celebramos el 30 aniversario de la convenci\u00f3n de los Derechos de los ni\u00f1os, ni\u00f1as y adolescentes. La Declaraci\u00f3n Universal de Derechos Humanos las Naciones Unidas proclama que la infancia tiene derecho a cuidados y asistencia especiales. Entre sus art\u00edculos quisiera destacar<\/p>\n<p style=\"text-align: justify;\"><strong>Art\u00edculo 4<\/strong> Los Estados Partes adoptar\u00e1n todas las medidas administrativas, legislativas y de otra \u00edndole para dar efectividad a los derechos reconocidos en la presente Convenci\u00f3n. En lo que respecta a los derechos econ\u00f3micos, sociales y culturales, los Estados Partes adoptar\u00e1n esas medidas hasta el m\u00e1ximo de los recursos de que dispongan y, cuando sea necesario, dentro del marco de la cooperaci\u00f3n internacional.<\/p>\n<p style=\"text-align: justify;\"><strong>Art\u00edculo 22 -1<\/strong>. Los Estados Partes adoptar\u00e1n medidas adecuadas para lograr que el ni\u00f1o que trate de obtener el estatuto de refugiado o que sea considerado refugiado de conformidad con el derecho y los procedimientos internacionales o internos aplicables reciba, tanto si est\u00e1 solo como si est\u00e1 acompa\u00f1ado de sus padres o de cualquier otra persona, la protecci\u00f3n y la asistencia humanitaria adecuadas para el disfrute de los derechos pertinentes enunciados en la presente Convenci\u00f3n y en otros instrumentos internacionales de derechos humanos o de car\u00e1cter humanitario en que dichos Estados sean partes.<\/p>\n<p style=\"text-align: justify;\"><strong>\u00a0<\/strong>Esperemos que tal como se declara en el <strong>art\u00edculo 3<\/strong> todas las medidas respecto a los ni\u00f1os, ni\u00f1as y adolecentes migrantes est\u00e9n basadas en la consideraci\u00f3n del inter\u00e9s superior de los mismos. Que dejen de ser invisibles.\u00a0 Seminarios como este son puntos de reflexi\u00f3n para que los estados, que es a quienes corresponde asegurar una adecuada protecci\u00f3n, visibilidad \u00a0y cuidado de esta poblaci\u00f3n, pero tambi\u00e9n a la sociedad\u00a0 en general que debe tomar\u00a0 conciencia que un migrante sin papeles es uno de los nuestros sin papeles.<\/p>\n<p>&nbsp;<\/p>\n","protected":false},"excerpt":{"rendered":"<p>\u00a0Los pasados d\u00edas 21 y 22 de noviembre, FAPMI i AVAIM, \u00a0en el contexto de su 30 aniversario, con el&hellip;<\/p>\n","protected":false},"author":4,"featured_media":22707,"comment_status":"open","ping_status":"open","sticky":false,"template":"","format":"standard","meta":{"om_disable_all_campaigns":false,"_mi_skip_tracking":false,"_monsterinsights_sitenote_active":false,"_monsterinsights_sitenote_note":"","_monsterinsights_sitenote_category":0,"footnotes":""},"categories":[25,21,35,22,19,30],"tags":[],"aioseo_notices":[],"_links":{"self":[{"href":"https:\/\/granadacostaglobal.es\/index.php?rest_route=\/wp\/v2\/posts\/22705"}],"collection":[{"href":"https:\/\/granadacostaglobal.es\/index.php?rest_route=\/wp\/v2\/posts"}],"about":[{"href":"https:\/\/granadacostaglobal.es\/index.php?rest_route=\/wp\/v2\/types\/post"}],"author":[{"embeddable":true,"href":"https:\/\/granadacostaglobal.es\/index.php?rest_route=\/wp\/v2\/users\/4"}],"replies":[{"embeddable":true,"href":"https:\/\/granadacostaglobal.es\/index.php?rest_route=%2Fwp%2Fv2%2Fcomments&post=22705"}],"version-history":[{"count":0,"href":"https:\/\/granadacostaglobal.es\/index.php?rest_route=\/wp\/v2\/posts\/22705\/revisions"}],"wp:featuredmedia":[{"embeddable":true,"href":"https:\/\/granadacostaglobal.es\/index.php?rest_route=\/"}],"wp:attachment":[{"href":"https:\/\/granadacostaglobal.es\/index.php?rest_route=%2Fwp%2Fv2%2Fmedia&parent=22705"}],"wp:term":[{"taxonomy":"category","embeddable":true,"href":"https:\/\/granadacostaglobal.es\/index.php?rest_route=%2Fwp%2Fv2%2Fcategories&post=22705"},{"taxonomy":"post_tag","embeddable":true,"href":"https:\/\/granadacostaglobal.es\/index.php?rest_route=%2Fwp%2Fv2%2Ftags&post=22705"}],"curies":[{"name":"wp","href":"https:\/\/api.w.org\/{rel}","templated":true}]}}