{"id":22696,"date":"2019-11-30T16:22:07","date_gmt":"2019-11-30T16:22:07","guid":{"rendered":"http:\/\/granadacostanacional.es\/?p=22696"},"modified":"2019-11-30T16:22:07","modified_gmt":"2019-11-30T16:22:07","slug":"trailer-a-ti-yolanda-de-tony-castillo-melendez","status":"publish","type":"post","link":"https:\/\/granadacostaglobal.es\/?p=22696","title":{"rendered":"TRAILER &#8220;A TI, YOLANDA&#8221; de To\u00f1y Castillo Mel\u00e9ndez"},"content":{"rendered":"<p style=\"text-align: justify;\">V\u00eddeo-libro de la gran escritora To\u00f1y Castillo Mel\u00e9ndez, realizado en los Estudios de Granada Costa Nacional. Un viaje por la vida donde las emociones se entremezclan, creando un paisaje de situaciones cotidianas enmarcadas por la grandeza de amar. <em>A ti, Yolanda<\/em>, acerca al lector a una historia sobre el amor y sus tiempos. En ella, seres que luchan, hieren, aman, te adentran por los recodos pasionales de una mujer entre dos hombres. La obra realizada durante 10 a\u00f1os por su autora, simboliza el crecimiento y la madurez de personajes o personas que sienten la vida hecha a trozos de sentimientos. <em>A ti, Yolanda<\/em>, no es una novela de amor, es una novela sobre el amor, es un lugar donde el enamoramiento, el querer y el amar sobrepasan las l\u00edneas escritas. Una novela que va m\u00e1s all\u00e1 de la ficci\u00f3n capaz de embaucar al lector hacia un final insospechado.<\/p>\n<p style=\"text-align: justify;\">\n<p style=\"text-align: justify;\"><strong>Enlace al v\u00eddeo de presentaci\u00f3n:\u00a0<\/strong><\/p>\n<p><iframe loading=\"lazy\" title=\"TRAILER &quot;A TI, YOLANDA&quot; de To\u00f1y Castillo Mel\u00e9ndez\" width=\"640\" height=\"360\" src=\"https:\/\/www.youtube.com\/embed\/MPxQbQLACKw?feature=oembed\" frameborder=\"0\" allow=\"accelerometer; autoplay; clipboard-write; encrypted-media; gyroscope; picture-in-picture; web-share\" allowfullscreen><\/iframe><\/p>\n","protected":false},"excerpt":{"rendered":"<p>V\u00eddeo-libro de la gran escritora To\u00f1y Castillo Mel\u00e9ndez, realizado en los Estudios de Granada Costa Nacional. Un viaje por la&hellip;<\/p>\n","protected":false},"author":3,"featured_media":22697,"comment_status":"open","ping_status":"open","sticky":false,"template":"","format":"standard","meta":{"om_disable_all_campaigns":false,"_mi_skip_tracking":false,"_monsterinsights_sitenote_active":false,"_monsterinsights_sitenote_note":"","_monsterinsights_sitenote_category":0,"footnotes":""},"categories":[21,22],"tags":[],"aioseo_notices":[],"_links":{"self":[{"href":"https:\/\/granadacostaglobal.es\/index.php?rest_route=\/wp\/v2\/posts\/22696"}],"collection":[{"href":"https:\/\/granadacostaglobal.es\/index.php?rest_route=\/wp\/v2\/posts"}],"about":[{"href":"https:\/\/granadacostaglobal.es\/index.php?rest_route=\/wp\/v2\/types\/post"}],"author":[{"embeddable":true,"href":"https:\/\/granadacostaglobal.es\/index.php?rest_route=\/wp\/v2\/users\/3"}],"replies":[{"embeddable":true,"href":"https:\/\/granadacostaglobal.es\/index.php?rest_route=%2Fwp%2Fv2%2Fcomments&post=22696"}],"version-history":[{"count":0,"href":"https:\/\/granadacostaglobal.es\/index.php?rest_route=\/wp\/v2\/posts\/22696\/revisions"}],"wp:featuredmedia":[{"embeddable":true,"href":"https:\/\/granadacostaglobal.es\/index.php?rest_route=\/"}],"wp:attachment":[{"href":"https:\/\/granadacostaglobal.es\/index.php?rest_route=%2Fwp%2Fv2%2Fmedia&parent=22696"}],"wp:term":[{"taxonomy":"category","embeddable":true,"href":"https:\/\/granadacostaglobal.es\/index.php?rest_route=%2Fwp%2Fv2%2Fcategories&post=22696"},{"taxonomy":"post_tag","embeddable":true,"href":"https:\/\/granadacostaglobal.es\/index.php?rest_route=%2Fwp%2Fv2%2Ftags&post=22696"}],"curies":[{"name":"wp","href":"https:\/\/api.w.org\/{rel}","templated":true}]}}