{"id":22691,"date":"2019-11-29T12:44:11","date_gmt":"2019-11-29T12:44:11","guid":{"rendered":"http:\/\/granadacostanacional.es\/?p=22691"},"modified":"2019-11-29T12:44:11","modified_gmt":"2019-11-29T12:44:11","slug":"personalidades-arrolladoras","status":"publish","type":"post","link":"https:\/\/granadacostaglobal.es\/?p=22691","title":{"rendered":"PERSONALIDADES ARROLLADORAS"},"content":{"rendered":"<p style=\"text-align: justify;\"><strong>Lola Ben\u00edtez Molina<\/strong><\/p>\n<p style=\"text-align: justify;\"><strong>M\u00e1laga (Espa\u00f1a)<\/strong><\/p>\n<p style=\"text-align: justify;\"><strong>\u00a0<\/strong><\/p>\n<p style=\"text-align: justify;\">Son personalidades vehementes, pero d\u00f3nde quedaron. Su arte marc\u00f3 sus vidas. Eso es indudable. Los hizo alcanzar lo sublime y rozar lo irracional, sin pretender nada. Solo dejarse llevar por las vicisitudes, unas veces agonizantes y, otras, pasionales. Mentes brillantes, inquietas, sin af\u00e1n de sobresalir, como s\u00ed pretenden los necios, imbuidos de un falso halo.<\/p>\n<p style=\"text-align: justify;\">\u00a0\u00a0\u00a0\u00a0\u00a0\u00a0\u00a0\u00a0\u00a0\u00a0\u00a0 Paul Val\u00e9ry (1871-1945), considerado como uno de los m\u00e1s grandes escritores filos\u00f3ficos modernos en verso y en prosa, es una de esas mentes prodigiosas. Poeta, ensayista y fil\u00f3sofo franc\u00e9s es el principal representante de la llamada \u201cpoes\u00eda pura\u201d. Lleg\u00f3 a ser presidente del Pen Club franc\u00e9s desde 1924 a 1934. \u201cUn hombre solo, refiere el autor de <strong>El cementerio marino<\/strong>, siempre est\u00e1 en mala compa\u00f1\u00eda\u201d.<\/p>\n<p style=\"text-align: justify;\">\u00a0\u00a0\u00a0\u00a0\u00a0\u00a0\u00a0\u00a0\u00a0\u00a0\u00a0 Su secreta relaci\u00f3n sentimental con Jeanne Loviton, una abogada treinta dos a\u00f1os m\u00e1s joven, que escrib\u00eda novelas con el seud\u00f3nimo de Jean Voilier, y que vivi\u00f3 varios romances con escritores de la \u00e9poca, demuestran que el coraz\u00f3n triunfa en Val\u00e9ry sobre el esp\u00edritu y el intelecto. As\u00ed lo demuestra en los poemas recogidos en su libro titulado \u201cCorona y Coronilla\u201d.<\/p>\n<p style=\"text-align: justify;\">\u00a0\u00a0\u00a0\u00a0\u00a0\u00a0\u00a0\u00a0\u00a0\u00a0\u00a0 De entre sus obras destaca \u201cLa velada con Monsieur Teste\u201d. En ella describe, seg\u00fan el cr\u00edtico Pierre De Boisdeffre, \u201cel ideal valeriano del sabio, del hombre due\u00f1o de su pensamiento\u201d.<\/p>\n<p style=\"text-align: justify;\">\u00a0\u00a0\u00a0\u00a0\u00a0\u00a0\u00a0\u00a0\u00a0\u00a0\u00a0 Vivimos en una sociedad desorientada, que no sabe ad\u00f3nde dirigirse, que muestra violencia descomunal hacia sus semejantes, llevada por falsas expectativas. Solo el camino del amor salva nuestras vidas. El odio genera destrucci\u00f3n e inconformismo. Es una falsa embriaguez que devora al hombre, obcecado en ser superior. Se niega a ver la evidencia de lo acontecido en la inh\u00f3spita realidad.<\/p>\n<p style=\"text-align: justify;\">\u00a0\u00a0\u00a0\u00a0\u00a0\u00a0\u00a0\u00a0\u00a0\u00a0\u00a0 Necesitamos personalidades arrolladoras que unan, que no destruyan lo que con tanto esfuerzo y valent\u00eda otros supieron construir en pos de los derechos humanos de la dignidad y del respeto, donde sea posible una convivencia fruct\u00edfera y en armon\u00eda. \u201cLos libros, asevera Val\u00e9ry, tienen los mismos enemigos que el hombre: el fuego, la humedad, los animales, el tiempo y, a veces, su propio contenido\u201d.<\/p>\n<p style=\"text-align: justify;\">\u00a0\u00a0\u00a0\u00a0\u00a0\u00a0\u00a0\u00a0\u00a0\u00a0\u00a0 Mahatma Gandhi nos recuerda \u201cque, a pesar de las diferencias entre individuos, la honestidad y el respeto deben seguir predominando\u201d. Y para el Dalai Lama \u201cCuando hablas, solo repites lo que ya sabes; pero cuando escuchas, quiz\u00e1s aprendas algo totalmente nuevo\u201d.<\/p>\n<p style=\"text-align: justify;\">\u00a0\u00a0\u00a0\u00a0\u00a0\u00a0\u00a0\u00a0\u00a0\u00a0\u00a0 Actuamos en base a lo que aprendemos. Procuremos que esas ense\u00f1anzas sean constructivas, ya que a todos nos interesa un mundo mejor.<\/p>\n","protected":false},"excerpt":{"rendered":"<p>Lola Ben\u00edtez Molina M\u00e1laga (Espa\u00f1a) \u00a0 Son personalidades vehementes, pero d\u00f3nde quedaron. Su arte marc\u00f3 sus vidas. Eso es indudable.&hellip;<\/p>\n","protected":false},"author":2,"featured_media":12590,"comment_status":"open","ping_status":"open","sticky":false,"template":"","format":"standard","meta":{"om_disable_all_campaigns":false,"_mi_skip_tracking":false,"_monsterinsights_sitenote_active":false,"_monsterinsights_sitenote_note":"","_monsterinsights_sitenote_category":0,"footnotes":""},"categories":[21,30],"tags":[],"aioseo_notices":[],"_links":{"self":[{"href":"https:\/\/granadacostaglobal.es\/index.php?rest_route=\/wp\/v2\/posts\/22691"}],"collection":[{"href":"https:\/\/granadacostaglobal.es\/index.php?rest_route=\/wp\/v2\/posts"}],"about":[{"href":"https:\/\/granadacostaglobal.es\/index.php?rest_route=\/wp\/v2\/types\/post"}],"author":[{"embeddable":true,"href":"https:\/\/granadacostaglobal.es\/index.php?rest_route=\/wp\/v2\/users\/2"}],"replies":[{"embeddable":true,"href":"https:\/\/granadacostaglobal.es\/index.php?rest_route=%2Fwp%2Fv2%2Fcomments&post=22691"}],"version-history":[{"count":0,"href":"https:\/\/granadacostaglobal.es\/index.php?rest_route=\/wp\/v2\/posts\/22691\/revisions"}],"wp:featuredmedia":[{"embeddable":true,"href":"https:\/\/granadacostaglobal.es\/index.php?rest_route=\/"}],"wp:attachment":[{"href":"https:\/\/granadacostaglobal.es\/index.php?rest_route=%2Fwp%2Fv2%2Fmedia&parent=22691"}],"wp:term":[{"taxonomy":"category","embeddable":true,"href":"https:\/\/granadacostaglobal.es\/index.php?rest_route=%2Fwp%2Fv2%2Fcategories&post=22691"},{"taxonomy":"post_tag","embeddable":true,"href":"https:\/\/granadacostaglobal.es\/index.php?rest_route=%2Fwp%2Fv2%2Ftags&post=22691"}],"curies":[{"name":"wp","href":"https:\/\/api.w.org\/{rel}","templated":true}]}}