{"id":2261,"date":"2015-08-15T12:01:04","date_gmt":"2015-08-15T12:01:04","guid":{"rendered":"http:\/\/granadacosta.es\/?p=2261"},"modified":"2015-08-15T12:01:04","modified_gmt":"2015-08-15T12:01:04","slug":"andy-y-lucas-llenan-en-las-fiestas-de-maracena","status":"publish","type":"post","link":"https:\/\/granadacostaglobal.es\/?p=2261","title":{"rendered":"ANDY Y LUCAS LLENAN EN LAS FIESTAS DE MARACENA"},"content":{"rendered":"<p><strong>El humorista Justo G\u00f3mez o la gran paella popular del domingo entre las citas para estos d\u00edas<\/strong><\/p>\n<p>Andr\u00e9s Morales y Lucas Gonz\u00e1lez, dos j\u00f3venes gaditanos que comenzaron en 2003, hace m\u00e1s de 12 a\u00f1os \u00a0de la mano de Jes\u00fas Quintero, y que ya atesoran una decena de discos. Llenaron por completo el aforo del Anfiteatro Carlos Cano de Maracena en la noche del viernes, y ante un p\u00fablico que coreaba todos sus sencillos, hicieron un recorrido por su repertorio sin olvidar hits como <em>Son de amores<\/em>, <em>Tanto la quer\u00eda<\/em>, <em>Y en tu ventana<\/em>, <em>Quiero ser tu sue\u00f1o<\/em>, y un largo etc\u00e9tera.<\/p>\n<p>Fue un buen broche de oro para una jornada en la que la cena homenaje a los mayores de Maracena tuvo un lugar destacado. Cerca de medio millar de mayores celebraron en una noche que el calor respet\u00f3, con sorteos, concurso de baile, m\u00fasica en vivo, la actuaci\u00f3n de la academia de baile de Miguel Almendros y el reconocimiento a los mayores m\u00e1s longevos, que este a\u00f1o ha sido para Josefa Molina Aguilar (con 97 a\u00f1os) y Antonio Romero Lindes (de 91 a\u00f1os).<\/p>\n<p>Entre pasodobles, sevillanas, tangos y rumba, los y las mayores de Maracena disfrutaron acompa\u00f1ados los representantes municipales (con las ausencias de los corporativos de Ciudadanos y Maracena para la Gente).<\/p>\n<p>Otras citas destacadas ya para el s\u00e1bado de fiestas son la actuaci\u00f3n del humorista Justo G\u00f3mez as\u00ed como multitud de propuestas desde la carrera de mountain bike, la charanga, la gran chocolatada de Tartessos y el desayuno mediterr\u00e1neo de Adimar, el desfile de majorettes, juegos populares, tren tur\u00edstico, feria de d\u00eda, d\u00eda del caballo y espect\u00e1culo ecuestre, trial bici, concurso de mascotas, exhibiciones deportivas, f\u00fatbol (UD Maracena vs Atarfe Industrial) o la actuaci\u00f3n de la orquesta Tentaci\u00f3n, prevista para el domingo noche, jornada en la que tendr\u00e1 lugar tambi\u00e9n la gran paella popular gratuita en el recinto ferial.<a href=\"http:\/\/granadacosta.es\/wp-content\/uploads\/2015\/08\/Las-concejales-de-Bienestar-Social-e-Igualdad-junto-a-los-mayores-m\u00e1s-longevos-en-la-Cena-homenaje.jpg\"><img decoding=\"async\" loading=\"lazy\" class=\"aligncenter size-large wp-image-2263\" src=\"http:\/\/granadacosta.es\/wp-content\/uploads\/2015\/08\/Las-concejales-de-Bienestar-Social-e-Igualdad-junto-a-los-mayores-m\u00e1s-longevos-en-la-Cena-homenaje-1024x685.jpg\" alt=\"Las concejales de Bienestar Social e Igualdad junto a los mayores m\u00e1s longevos en la Cena homenaje\" width=\"1024\" height=\"685\" \/><\/a><\/p>\n","protected":false},"excerpt":{"rendered":"<p>El humorista Justo G\u00f3mez o la gran paella popular del domingo entre las citas para estos d\u00edas Andr\u00e9s Morales y&hellip;<\/p>\n","protected":false},"author":2,"featured_media":2262,"comment_status":"open","ping_status":"open","sticky":false,"template":"","format":"standard","meta":{"om_disable_all_campaigns":false,"_mi_skip_tracking":false,"_monsterinsights_sitenote_active":false,"_monsterinsights_sitenote_note":"","_monsterinsights_sitenote_category":0,"footnotes":""},"categories":[22],"tags":[],"aioseo_notices":[],"_links":{"self":[{"href":"https:\/\/granadacostaglobal.es\/index.php?rest_route=\/wp\/v2\/posts\/2261"}],"collection":[{"href":"https:\/\/granadacostaglobal.es\/index.php?rest_route=\/wp\/v2\/posts"}],"about":[{"href":"https:\/\/granadacostaglobal.es\/index.php?rest_route=\/wp\/v2\/types\/post"}],"author":[{"embeddable":true,"href":"https:\/\/granadacostaglobal.es\/index.php?rest_route=\/wp\/v2\/users\/2"}],"replies":[{"embeddable":true,"href":"https:\/\/granadacostaglobal.es\/index.php?rest_route=%2Fwp%2Fv2%2Fcomments&post=2261"}],"version-history":[{"count":0,"href":"https:\/\/granadacostaglobal.es\/index.php?rest_route=\/wp\/v2\/posts\/2261\/revisions"}],"wp:featuredmedia":[{"embeddable":true,"href":"https:\/\/granadacostaglobal.es\/index.php?rest_route=\/"}],"wp:attachment":[{"href":"https:\/\/granadacostaglobal.es\/index.php?rest_route=%2Fwp%2Fv2%2Fmedia&parent=2261"}],"wp:term":[{"taxonomy":"category","embeddable":true,"href":"https:\/\/granadacostaglobal.es\/index.php?rest_route=%2Fwp%2Fv2%2Fcategories&post=2261"},{"taxonomy":"post_tag","embeddable":true,"href":"https:\/\/granadacostaglobal.es\/index.php?rest_route=%2Fwp%2Fv2%2Ftags&post=2261"}],"curies":[{"name":"wp","href":"https:\/\/api.w.org\/{rel}","templated":true}]}}