{"id":2252,"date":"2015-08-15T11:56:56","date_gmt":"2015-08-15T11:56:56","guid":{"rendered":"http:\/\/granadacosta.es\/?p=2252"},"modified":"2015-08-15T11:56:56","modified_gmt":"2015-08-15T11:56:56","slug":"cientos-de-personas-y-numerosas-entidades-participaron-en-la-ofrenda-floral-a-la-patrona","status":"publish","type":"post","link":"https:\/\/granadacostaglobal.es\/?p=2252","title":{"rendered":"Cientos de personas y numerosas entidades participaron en la ofrenda floral a la Patrona"},"content":{"rendered":"<p><strong>Hoy \u00a0todos pendientes del estado de la mar\u00a0 para la procesi\u00f3n marinera de la Patrona.<\/strong><\/p>\n<p>&nbsp;<\/p>\n<p>Una representaci\u00f3n del Ayuntamiento de Sexitano \u00a0formada por los Concejales de \u00a0Relaciones Institucionales y Turismo, Mar\u00eda del Mar Medina y Rafael Caballero, \u00a0abri\u00f3 la ofrenda floral a la patrona\u00a0 de Almu\u00f1\u00e9car,\u00a0 Nuestra Se\u00f1ora la Virgen de la Antigua , que congreg\u00f3 a numerosas entidades y vecinos en la iglesia parroquial de la Encarnaci\u00f3n.<\/p>\n<p>&nbsp;<\/p>\n<p>El acto estuvo precedido por la celebraci\u00f3n de una misa que cerraba el calendario de novenas a la Patrona bajo la coordinaci\u00f3n del cura p\u00e1rroco, Vicente Guerrero, ayudado por dos sacerdotes m\u00e1s.<\/p>\n<p>&nbsp;<\/p>\n<p>Tras la ofrenda \u00a0de\u00a0 los representantes municipales, participaron partidos pol\u00edticos, Polic\u00eda Local, Bomberos, Protecci\u00f3n y Cruz Roja, \u00a0para continuar con cofrad\u00edas y vecinos en genera.<\/p>\n<p>&nbsp;<\/p>\n<p>Esta tarde est\u00e1 previsto que salga a la calle la procesi\u00f3n de la Patrona desde el templo parroquial de la Encarnaci\u00f3n. Ser\u00e1 a partir de las 20 horas. El cortejo contar\u00e1 con una amplia representaci\u00f3n municipal encabezada por la alcaldesa, Trinidad Herrera.\u00a0 Tambi\u00e9n \u00a0amenizar\u00e1 el recorrido procesional la Banda Municipal de M\u00fasica, \u00a0bajo la direcci\u00f3n de Manuel Vargas Gard\u00f3n. Como es tradicional, no faltar\u00e1 el folclore de la tierra con el grupo de cante y baile del fandango cortijero.<\/p>\n<p>&nbsp;<\/p>\n<p>El recorrido, tras la salida del templo parroquial, ser\u00e1 por Puerta de Granada hasta La Carrera y a continuaci\u00f3n alcanzar al avenida Costa del Sol para llegar hasta la avenida Europa por cuya v\u00eda la procesi\u00f3n llegar\u00e1 hasta la playa San Crist\u00f3bal. Hasta aqu\u00ed todo normal.\u00a0 Sin embargo, el poniente puede que altere el recorrido por el mar, ya que puede que la Virgen, en vez de ser embarcada en la playa de San Crist\u00f3bal, lo haga en la playa de La Caletilla, como ha ocurrido en otras ocasiones.\u00a0 Todo depender\u00e1 del estado de la mar a la hora del embarque.<\/p>\n<p>&nbsp;<\/p>\n<p><strong>Almu\u00f1\u00e9car, 15 agosto 2015 <\/strong><a href=\"http:\/\/granadacosta.es\/wp-content\/uploads\/2015\/08\/PROTECCION-CIVL-EN-OFRENDA-FLORAL-PATRONAL-15.jpg\"><img decoding=\"async\" loading=\"lazy\" class=\"aligncenter size-large wp-image-2254\" src=\"http:\/\/granadacosta.es\/wp-content\/uploads\/2015\/08\/PROTECCION-CIVL-EN-OFRENDA-FLORAL-PATRONAL-15-1024x683.jpg\" alt=\"PROTECCION CIVL EN OFRENDA FLORAL PATRONAL 15\" width=\"1024\" height=\"683\" \/><\/a> <a href=\"http:\/\/granadacosta.es\/wp-content\/uploads\/2015\/08\/BOMBEROS-EN-OFRENDA-FLORAL-PATRONA-ALMU\u00d1ECAR-15.jpg\"><img decoding=\"async\" loading=\"lazy\" class=\"aligncenter size-large wp-image-2255\" src=\"http:\/\/granadacosta.es\/wp-content\/uploads\/2015\/08\/BOMBEROS-EN-OFRENDA-FLORAL-PATRONA-ALMU\u00d1ECAR-15-1024x683.jpg\" alt=\"BOMBEROS EN OFRENDA FLORAL PATRONA ALMU\u00d1ECAR 15\" width=\"1024\" height=\"683\" \/><\/a> <a href=\"http:\/\/granadacosta.es\/wp-content\/uploads\/2015\/08\/POLICIA-LOCAL-EN-LA-OFRENDA-FLORAL-PATRONA-15-.jpg\"><img decoding=\"async\" loading=\"lazy\" class=\"aligncenter size-large wp-image-2256\" src=\"http:\/\/granadacosta.es\/wp-content\/uploads\/2015\/08\/POLICIA-LOCAL-EN-LA-OFRENDA-FLORAL-PATRONA-15--1024x683.jpg\" alt=\"POLICIA LOCAL EN LA OFRENDA FLORAL PATRONA 15\" width=\"1024\" height=\"683\" \/><img decoding=\"async\" loading=\"lazy\" class=\"aligncenter size-large wp-image-2257\" src=\"http:\/\/granadacosta.es\/wp-content\/uploads\/2015\/08\/EDILES-EQUIPO-DE-GOBIERNO-EN-OFRENDA-FLORAL-PATRONA-ALMU\u00d1ECAR-15-1024x683.jpg\" alt=\"EDILES EQUIPO DE GOBIERNO  EN OFRENDA FLORAL PATRONA ALMU\u00d1ECAR 15\" width=\"1024\" height=\"683\" \/><\/a><a href=\"http:\/\/granadacosta.es\/wp-content\/uploads\/2015\/08\/OFRENDA-FLORAL-PATRONA-ALMU\u00d1ECAR-POR-PARTE-AYTO-15-.jpg\"><img decoding=\"async\" loading=\"lazy\" class=\"aligncenter size-large wp-image-2258\" src=\"http:\/\/granadacosta.es\/wp-content\/uploads\/2015\/08\/OFRENDA-FLORAL-PATRONA-ALMU\u00d1ECAR-POR-PARTE-AYTO-15--1024x683.jpg\" alt=\"OFRENDA FLORAL PATRONA ALMU\u00d1ECAR POR PARTE AYTO 15\" width=\"1024\" height=\"683\" \/><\/a> <a href=\"http:\/\/granadacosta.es\/wp-content\/uploads\/2015\/08\/OFRENDA-FLORAL-PATRONA-AYTO-ALMU\u00d1ECAR-15-.jpg\"><img decoding=\"async\" loading=\"lazy\" class=\"aligncenter size-large wp-image-2259\" src=\"http:\/\/granadacosta.es\/wp-content\/uploads\/2015\/08\/OFRENDA-FLORAL-PATRONA-AYTO-ALMU\u00d1ECAR-15--1024x683.jpg\" alt=\"OFRENDA FLORAL PATRONA  AYTO ALMU\u00d1ECAR 15\" width=\"1024\" height=\"683\" \/><\/a><\/p>\n","protected":false},"excerpt":{"rendered":"<p>Hoy \u00a0todos pendientes del estado de la mar\u00a0 para la procesi\u00f3n marinera de la Patrona. &nbsp; Una representaci\u00f3n del Ayuntamiento&hellip;<\/p>\n","protected":false},"author":2,"featured_media":2253,"comment_status":"open","ping_status":"open","sticky":false,"template":"","format":"standard","meta":{"om_disable_all_campaigns":false,"_mi_skip_tracking":false,"_monsterinsights_sitenote_active":false,"_monsterinsights_sitenote_note":"","_monsterinsights_sitenote_category":0,"footnotes":""},"categories":[22],"tags":[],"aioseo_notices":[],"_links":{"self":[{"href":"https:\/\/granadacostaglobal.es\/index.php?rest_route=\/wp\/v2\/posts\/2252"}],"collection":[{"href":"https:\/\/granadacostaglobal.es\/index.php?rest_route=\/wp\/v2\/posts"}],"about":[{"href":"https:\/\/granadacostaglobal.es\/index.php?rest_route=\/wp\/v2\/types\/post"}],"author":[{"embeddable":true,"href":"https:\/\/granadacostaglobal.es\/index.php?rest_route=\/wp\/v2\/users\/2"}],"replies":[{"embeddable":true,"href":"https:\/\/granadacostaglobal.es\/index.php?rest_route=%2Fwp%2Fv2%2Fcomments&post=2252"}],"version-history":[{"count":0,"href":"https:\/\/granadacostaglobal.es\/index.php?rest_route=\/wp\/v2\/posts\/2252\/revisions"}],"wp:featuredmedia":[{"embeddable":true,"href":"https:\/\/granadacostaglobal.es\/index.php?rest_route=\/"}],"wp:attachment":[{"href":"https:\/\/granadacostaglobal.es\/index.php?rest_route=%2Fwp%2Fv2%2Fmedia&parent=2252"}],"wp:term":[{"taxonomy":"category","embeddable":true,"href":"https:\/\/granadacostaglobal.es\/index.php?rest_route=%2Fwp%2Fv2%2Fcategories&post=2252"},{"taxonomy":"post_tag","embeddable":true,"href":"https:\/\/granadacostaglobal.es\/index.php?rest_route=%2Fwp%2Fv2%2Ftags&post=2252"}],"curies":[{"name":"wp","href":"https:\/\/api.w.org\/{rel}","templated":true}]}}