{"id":22430,"date":"2019-11-08T12:06:27","date_gmt":"2019-11-08T12:06:27","guid":{"rendered":"http:\/\/granadacostanacional.es\/?p=22430"},"modified":"2019-11-08T12:06:27","modified_gmt":"2019-11-08T12:06:27","slug":"los-manantiales-de-la-angostura","status":"publish","type":"post","link":"https:\/\/granadacostaglobal.es\/?p=22430","title":{"rendered":"LOS MANANTIALES DE LA ANGOSTURA"},"content":{"rendered":"<p style=\"text-align: justify;\">\u00a0 \u00a0 \u00a0 \u00a0 Corr\u00eda el mes de mayo, las colinas plateadas por donde trazaba el R\u00edo Verde sus curvas de ballesta, acompa\u00f1ado de pozas color esmeralda y altas paredes calizas. La estaci\u00f3n de la primavera se manifestaba haciendo gala de buen tiempo sobre Almu\u00f1\u00e9car y Ot\u00edvar. Revestidas las sierras de Tejera, Almijara y Alhama de ca\u00f1a de az\u00facar, pl\u00e1tanos y vides e impregnadas de olor a hierbabuena, tomillo, romero\u2026<\/p>\n<p style=\"text-align: justify;\">\u00a0 \u00a0 \u00a0 \u00a0 \u00a0Los cristianos decidieron intervenir con un grueso de tropas para iniciar la conquista de Almu\u00f1\u00e9car y pueblos colindantes, se pretend\u00eda expulsar a la poblaci\u00f3n morisca establecida en la zona.<\/p>\n<p style=\"text-align: justify;\">\u00a0 \u00a0 \u00a0 \u00a0 \u00a0Rodrigo estaba triste hab\u00eda recibido un comunicado de la Orden Real. Muy pronto tendr\u00eda que incorporarse a la guerra. Al atardecer, paseaba junto a Muza por los alrededores de la Cueva de los siete palacios.<\/p>\n<p style=\"text-align: justify;\">\u00a0 \u00a0 \u00a0 \u00a0 \u00a0 \u2013Mi padre dice que se rumorea que pretenden entregar las haciendas confiscadas a los moriscos en r\u00e9gimen de arrendamiento. Quieren cambiar nuestra forma de vestir&#8230;<\/p>\n<p style=\"text-align: justify;\">\u00a0 \u00a0 \u00a0 \u00a0 \u00a0 \u2013No hay que creer todo lo que se dice \u2013comentaba Rodrigo para tranquilizarla.<\/p>\n<p style=\"text-align: justify;\">\u00a0 \u00a0 \u00a0 \u00a0 \u00a0 \u2013La poblaci\u00f3n cristiana y morisca ha vivido durante m\u00e1s de medio siglo en paz. \u00bfPor qu\u00e9 no podr\u00e1 seguir todo igual? \u00a1Ser\u00e1 doloroso verte partir!<\/p>\n<p style=\"text-align: justify;\">\u00a0 \u00a0 \u00a0 \u00a0 \u00a0 \u2013Volver\u00e9 pronto. Mi padre ha escrito una carta al gobernador. Le enviar\u00e1 veinte garrafas de aceite y le ceder\u00e1 dos marjales de ca\u00f1a de az\u00facar.<\/p>\n<p style=\"text-align: justify;\">\u00a0 \u00a0\u00a0 \u00a0 \u00a0 \u00a0\u2013Hasta tu propia hermana, no sabe qu\u00e9 hacer para sacarme defectos.<\/p>\n<p style=\"text-align: justify;\">\u00a0 \u00a0 \u00a0 \u00a0 \u00a0 \u2013Lo mejor ser\u00e1 hacer como que no has o\u00eddo nada.<\/p>\n<p style=\"text-align: justify;\">\u00a0 \u00a0 \u00a0 \u00a0 \u2013T\u00fa sabes que cuando te conoc\u00ed mi padre ya me hab\u00eda ense\u00f1ado a leer, escribir y consultar libros. Me s\u00e9 de memoria las leyendas de El Abencerraje, Ozm\u00edn y Daraja. Tambi\u00e9n conozco la Biblia y la vida de Jes\u00fas de Nazaret.<\/p>\n<p style=\"text-align: justify;\">\u00a0 \u00a0 \u00a0 \u00a0 \u00a0 \u2013Nada ni nadie podr\u00e1 separarnos, ni siquiera la guerra. Cuando te sientas desesperada lee o escr\u00edbeme cartas y env\u00edamelas con mi Halc\u00f3n Peregrino que te regalar\u00e9 antes de partir.<\/p>\n<p style=\"text-align: justify;\">\u00a0 \u00a0 \u00a0 \u00a0 \u00a0 \u00a0\u2013\u00a1Me voy a sentir muy sola!<\/p>\n<p style=\"text-align: justify;\">\u00a0 \u00a0 \u00a0 \u00a0 \u00a0 \u00a0\u2013\u00a1Vamos caminando hasta los manantiales!<\/p>\n<p style=\"text-align: justify;\">\u00a0 \u00a0 \u00a0 \u00a0 \u00a0 \u00a0A lo largo del paseo Rodrigo le contaba leyendas sobre los barcos que atracaban en el puerto. Cuando el cielo se ti\u00f1\u00f3 de verde, rojo y una veta morada difuminaba el horizonte, caminaban despacio en el m\u00e1s estricto silencio&#8230; el sonido del agua discurr\u00eda por las acequias hasta el mar. Al llegar a los manantiales todo reposaba en vago encantamiento, s\u00f3lo se ve\u00eda el reflejo de la plata fluida de la luna y una leve brisa de viento elev\u00f3 las hojas de la ca\u00f1a de az\u00facar y las deposit\u00f3 sobre las aguas y a lo lejos se escuchaban cantos de sirenas.<\/p>\n<p style=\"text-align: justify;\">\u00a0 \u00a0 \u00a0 \u00a0 \u00a0 \u00a0 \u2013La gota del agua cayendo, cayendo. Est\u00e1 cayendo. Mi coraz\u00f3n se muere de tanto amor. \u00bfA d\u00f3nde ir\u00e9 a buscarte cuando no est\u00e9s?<\/p>\n<p style=\"text-align: justify;\">\u00a0 \u00a0 \u00a0 \u00a0 \u00a0 \u00a0 \u2013Vendr\u00e9 cuando menos imagines. Te contar\u00e9 historias&#8230;<\/p>\n<p style=\"text-align: justify;\">\u00a0 \u00a0 \u00a0 \u00a0 \u00a0 \u00a0 \u2013\u00bfPor qu\u00e9 no escribimos un poema entre los dos, ser\u00e1 nuestro secreto? \u00bfCada uno elaborar\u00e1 un verso y entre los dos le pondremos un t\u00edtulo?<\/p>\n<p style=\"text-align: justify;\">\u00a0 \u00a0 \u00a0 \u00a0 \u00a0 \u00a0\u00a0 \u2013S\u00ed. Haremos dos copias iguales.<\/p>\n<p style=\"text-align: justify;\">\u00a0 \u00a0 \u00a0 \u00a0 \u00a0 \u00a0\u2013Una la meteremos en un joyero de esta\u00f1o que hered\u00e9 de t\u00eda Lucrecia y la enterraremos bajo el \u00fanico arce blanco que hay en los manantiales. El otro poema lo podemos dividir en dos partes, t\u00fa te llevar\u00e1s una y yo guardar\u00e9 la otra, el d\u00eda de nuestro encuentro volveremos a unir sus versos.<\/p>\n<p style=\"text-align: justify;\">\u00a0\u00a0\u00a0\u00a0\u00a0\u00a0\u00a0\u00a0\u00a0\u00a0\u00a0 D\u00edas despu\u00e9s Rodrigo y Muza unieron sus manos bajo el arce blanco, las impregnaron de fina arena y agua de los manantiales. \u00a0Hicieron un hoyo y guardaron el joyero de esta\u00f1o con el poema.<\/p>\n<p style=\"text-align: justify;\">\u00a0 \u00a0 \u00a0 \u00a0 \u00a0 \u00a0 Los d\u00edas pasaban con mucha lentitud. Muza no ten\u00eda noticias de Rodrigo. Cuanto m\u00e1s desesperada estaba m\u00e1s cartas de amor escrib\u00eda que enviaba con Halc\u00f3n Peregrino que se hab\u00eda convertido en un aliado de su pena. Por las ma\u00f1anas, se centraba en los bordados de seda y oro que hac\u00eda para las casas nobiliarias de Granada. Algunos atardeceres los pasaba leyendo a su hermana bellas historias sobre la diosa Al-Zuhara que contaba con la virtud de proporcionar consuelo a los enamorados.<\/p>\n<p style=\"text-align: justify;\">\u00a0 \u00a0 \u00a0 \u00a0 \u00a0 \u00a0 Lo que no cambiaba era la belleza de la joven, que cada d\u00eda era m\u00e1s esbelta de pelo negro y ondulado, sus ojos negros contaban casi siempre con un brillo especial, cuya belleza no dej\u00f3 indiferente a un rico mercader amigo de su padre.<\/p>\n<p style=\"text-align: justify;\">\u00a0 \u00a0 \u00a0 \u00a0 \u00a0 \u00a0 \u2013Rodrigo no volver\u00e1 hija\u2013le dec\u00eda su padre todos los d\u00edas. Deber\u00edas desposarte con mi amigo el mercader, es un buen hombre, cuenta con un gran patrimonio y un sinf\u00edn de fincas en la provincia de Granada. Est\u00e1 protegido por la Corte Real. Con \u00e9l no tendr\u00e1s que volver a trabajar jam\u00e1s y no tendremos que abandonar esta tierra.<\/p>\n<p style=\"text-align: justify;\">\u00a0 \u00a0 \u00a0 \u00a0 \u00a0 \u00a0 Muza no sab\u00eda que excusa ponerle a su padre. Por fin un d\u00eda le dijo:<\/p>\n<p style=\"text-align: justify;\">\u00a0 \u00a0 \u00a0 \u00a0 \u00a0 \u00a0 \u2013Necesito tiempo padre para terminar mi ajuar. Tengo que hacer bordados en los cuatro almarazares y las s\u00e1banas de lienzo que hered\u00e9 de t\u00eda Lucrecia.<\/p>\n<p style=\"text-align: justify;\">\u00a0 \u00a0 \u00a0 \u00a0 \u00a0 \u00a0 Por las noches la hermana peque\u00f1a que la adoraba y sab\u00eda de las l\u00e1grimas de amor que la joven derramaba. Deshac\u00eda los bordados que su hermana hac\u00eda por el d\u00eda. Hasta que un d\u00eda despu\u00e9s de un a\u00f1o y viendo que la joven no finalizaba el ajuar su padre le dijo:<\/p>\n<p style=\"text-align: justify;\">\u00a0 \u00a0 \u00a0 \u00a0 \u00a0 \u00a0 \u2013Si dentro de un mes no has terminado los bordados tendr\u00e1s que casarte. \u2013Muza desesperada cont\u00f3 lo ocurrido a su hermana que inmediatamente le propuso enviar un mensaje a Rodrigo con Halc\u00f3n Peregrino comunic\u00e1ndole las intenciones de su padre.<\/p>\n<p style=\"text-align: justify;\">\u00a0 \u00a0 \u00a0 \u00a0 \u00a0 \u00a0 \u2013\u00a1No s\u00e9 qu\u00e9 har\u00eda sin ti! \u2013le dijo a su hermana d\u00e1ndole un fuerte abrazo.<\/p>\n<p style=\"text-align: justify;\">\u00a0 \u00a0 \u00a0 \u00a0 \u00a0 \u00a0Al cabo de una semana Rodrigo volvi\u00f3 con la intenci\u00f3n de desposarse con Muza. Cuentan que un d\u00eda antes de la boda la joven pareja paseaba por entre los parajes de cipreses, pinos y parterres de adelfas, espacios por los que volaban decenas de jilgueros, verderones que compet\u00edan con una legi\u00f3n de gorriones, hasta que, finalmente llegaron al arce blanco que hab\u00eda junto al Rio Verde. Poco despu\u00e9s escarbaban bajo la tierra hasta sacar el joyero envejecido y comenzaron a leer el poema:<\/p>\n<p style=\"text-align: justify;\">\n<p style=\"text-align: center;\"><strong>LOS MANANTIALES DE LA ANGOSTURA<\/strong><\/p>\n<p style=\"text-align: center;\">Sierras pobladas de Almu\u00f1\u00e9car<\/p>\n<p style=\"text-align: center;\">paseamos junto a las aguas<\/p>\n<p style=\"text-align: center;\">cristalinas de los manantiales,<\/p>\n<p style=\"text-align: center;\">el murmullo nos adormece.<\/p>\n<p style=\"text-align: center;\">Aqu\u00ed nos separemos<\/p>\n<p style=\"text-align: center;\">como hojas solitarias de la ca\u00f1a de az\u00facar<\/p>\n<p style=\"text-align: center;\">que flotar\u00e1n y seguir\u00e1n su curso<\/p>\n<p style=\"text-align: center;\">hasta los manantiales.<\/p>\n<p style=\"text-align: center;\">! Qui\u00e9n sabe si alg\u00fan d\u00eda<\/p>\n<p style=\"text-align: center;\">las ca\u00f1as volver\u00e1n a florecer<\/p>\n<p style=\"text-align: center;\">y con la puesta de sol,<\/p>\n<p style=\"text-align: center;\">\u00a0volveremos a encontrarnos,<\/p>\n<p style=\"text-align: center;\">\u00a0para sumergir nuestras manos<\/p>\n<p style=\"text-align: center;\">\u00a0bajo la tierra mojada<\/p>\n<p style=\"text-align: center;\">de los manantiales<\/p>\n<p style=\"text-align: center;\">y al arce blanco!<\/p>\n<p style=\"text-align: justify;\">\n<p style=\"text-align: justify;\">Los j\u00f3venes se miraban embelesados con ojos limpios y besos sin fecha.<\/p>\n<p style=\"text-align: justify;\">Autora: Ana Mar\u00eda L\u00f3pez Exp\u00f3sito<\/p>\n","protected":false},"excerpt":{"rendered":"<p>\u00a0 \u00a0 \u00a0 \u00a0 Corr\u00eda el mes de mayo, las colinas plateadas por donde trazaba el R\u00edo Verde sus curvas&hellip;<\/p>\n","protected":false},"author":2,"featured_media":22432,"comment_status":"open","ping_status":"open","sticky":false,"template":"","format":"standard","meta":{"om_disable_all_campaigns":false,"_mi_skip_tracking":false,"_monsterinsights_sitenote_active":false,"_monsterinsights_sitenote_note":"","_monsterinsights_sitenote_category":0,"footnotes":""},"categories":[21,33,30],"tags":[],"aioseo_notices":[],"_links":{"self":[{"href":"https:\/\/granadacostaglobal.es\/index.php?rest_route=\/wp\/v2\/posts\/22430"}],"collection":[{"href":"https:\/\/granadacostaglobal.es\/index.php?rest_route=\/wp\/v2\/posts"}],"about":[{"href":"https:\/\/granadacostaglobal.es\/index.php?rest_route=\/wp\/v2\/types\/post"}],"author":[{"embeddable":true,"href":"https:\/\/granadacostaglobal.es\/index.php?rest_route=\/wp\/v2\/users\/2"}],"replies":[{"embeddable":true,"href":"https:\/\/granadacostaglobal.es\/index.php?rest_route=%2Fwp%2Fv2%2Fcomments&post=22430"}],"version-history":[{"count":0,"href":"https:\/\/granadacostaglobal.es\/index.php?rest_route=\/wp\/v2\/posts\/22430\/revisions"}],"wp:featuredmedia":[{"embeddable":true,"href":"https:\/\/granadacostaglobal.es\/index.php?rest_route=\/"}],"wp:attachment":[{"href":"https:\/\/granadacostaglobal.es\/index.php?rest_route=%2Fwp%2Fv2%2Fmedia&parent=22430"}],"wp:term":[{"taxonomy":"category","embeddable":true,"href":"https:\/\/granadacostaglobal.es\/index.php?rest_route=%2Fwp%2Fv2%2Fcategories&post=22430"},{"taxonomy":"post_tag","embeddable":true,"href":"https:\/\/granadacostaglobal.es\/index.php?rest_route=%2Fwp%2Fv2%2Ftags&post=22430"}],"curies":[{"name":"wp","href":"https:\/\/api.w.org\/{rel}","templated":true}]}}