{"id":22325,"date":"2019-11-02T12:32:44","date_gmt":"2019-11-02T12:32:44","guid":{"rendered":"http:\/\/granadacostanacional.es\/?p=22325"},"modified":"2019-11-02T12:32:44","modified_gmt":"2019-11-02T12:32:44","slug":"monumentos-municipales-campo-santo-de-molvizar","status":"publish","type":"post","link":"https:\/\/granadacostaglobal.es\/?p=22325","title":{"rendered":"Monumentos municipales: Campo Santo de Molv\u00edzar"},"content":{"rendered":"<p style=\"text-align: justify;\">Tiene una extensi\u00f3n aproximada de 4000 metros cuadrados y algo m\u00e1s de un siglo de antig\u00fcedad.<\/p>\n<p style=\"text-align: justify;\">Como en casi todos los municipios, el Campo Santo o cementerio municipal molvice\u00f1o, a lo largo de estos 500 a\u00f1os de la unificaci\u00f3n de los Reyes Cat\u00f3licos en un solo pa\u00eds, ha estado ubicado en diferentes sitios, entre ellos el que hab\u00eda dentro de la propia iglesia en el recinto trasero o este, que es el \u00faltimo, con algo m\u00e1s de un siglo.<\/p>\n<p style=\"text-align: justify;\">En los a\u00f1os 50 de este siglo pasado, el cementerio pr\u00e1cticamente estaba edificado por todos los alrededores, pero en el centro hab\u00eda algunas pocas tumbas en la propia tierra. En los primeros a\u00f1os de la d\u00e9cada de los 70, con una econom\u00eda bastante saneada dentro del municipio de Molv\u00edzar por sus ciudadanos y un orgullo personal por la memoria de las personas que iban desapareciendo, pr\u00e1cticamente en 10 a\u00f1os se hab\u00eda edificado toda la parte del centro y modificado el recinto.<\/p>\n<p style=\"text-align: justify;\">En los 80, con la llegada de la democracia, se hace la primera ampliaci\u00f3n de unos mil metros cuadrados estando de alcalde Jos\u00e9 Puertas Ortiz y de Teniente de Alcalde, Jos\u00e9 Miguel Garc\u00eda P\u00e9rez.<\/p>\n<p style=\"text-align: justify;\">En la primera d\u00e9cada de este siglo se hizo la segunda ampliaci\u00f3n de nuevo con algo m\u00e1s de mil metros cuadrados. No han parado de acondicionarse todas las calles y el recinto exterior del cementerio por parte del alcalde que presid\u00eda el Ayuntamiento, Don Ferm\u00edn Garc\u00eda Puentedura.<\/p>\n<p style=\"text-align: justify;\">Del cementerio podemos destacar la cantidad de peque\u00f1os panteones que componen esta obra de arte social, en la que es rara la familia molvice\u00f1a que no tenga all\u00ed uno de estos sepulcros. Los familiares prestan gran cuidado y atenci\u00f3n en la manutenci\u00f3n de estos peque\u00f1os monumentos. Son de destacar los maravillosos materiales que los molvice\u00f1os utilizan para estos sepulcros, con m\u00e1rmol de primera calidad, grabados muy conseguidos, crucifijos y otros adornos, como la Virgen Mar\u00eda o Cristo, tanto en m\u00e1rmol como en metales.<\/p>\n<p style=\"text-align: justify;\">Es costumbre nacional acudir tanto el d\u00eda 1 y 2 de noviembre, como los d\u00edas anteriores para sanear los nichos y ponerles flores. En Molv\u00edzar adem\u00e1s se celebra una misa desde hace m\u00e1s de 30 a\u00f1os el d\u00eda 2 de noviembre, la cual ha sido oficiada este a\u00f1o 2019 por D. Jos\u00e9 Antonio, p\u00e1rroco de Molv\u00edzar y a la que han acudido m\u00e1s de 500 personas, que han aprovechado para visitar las tumbas de sus familiares y conocidos. Es de destacar el cuidado que tambi\u00e9n pone el Ayuntamiento en estas fechas, que, esta vez gobernado por D\u00f1a. Irene Justo, ha hecho que las calles y recinto interior y exterior del cementerio est\u00e9n en su mejor estado.<\/p>\n<p style=\"text-align: justify;\">En Molv\u00edzar la incineraci\u00f3n est\u00e1 pasando de puntillas, con aproximadamente un 1 % de los habitantes eligiendo esta opci\u00f3n. Aun con todo, aquellos que son incinerados suelen tener descanso eterno tambi\u00e9n en el cementerio, pues el molvice\u00f1o, independientemente de su ideolog\u00eda, suele tener firmes convicciones cat\u00f3licas y tradicionales.<\/p>\n<p style=\"text-align: justify;\"><strong>GALER\u00cdA FOTOGR\u00c1FICA:<\/strong><\/p>\n<p style=\"text-align: justify;\"><a href=\"http:\/\/granadacostanacional.es\/wp-content\/uploads\/2019\/11\/Cementerio-a\u00e9reo.jpg\"><img decoding=\"async\" loading=\"lazy\" class=\"aligncenter wp-image-22327 size-large\" src=\"http:\/\/granadacostanacional.es\/wp-content\/uploads\/2019\/11\/Cementerio-a\u00e9reo-1024x635.jpg\" alt=\"Cementerio a\u00e9reo\" width=\"1024\" height=\"635\" \/><\/a><\/p>\n<p style=\"text-align: center;\">Ubicaci\u00f3n del cementerio<\/p>\n<p style=\"text-align: center;\"><a href=\"http:\/\/granadacostanacional.es\/wp-content\/uploads\/2019\/11\/IMG_6829.jpg\"><img decoding=\"async\" loading=\"lazy\" class=\"aligncenter wp-image-22328 size-large\" src=\"http:\/\/granadacostanacional.es\/wp-content\/uploads\/2019\/11\/IMG_6829-682x1024.jpg\" alt=\"IMG_6829\" width=\"682\" height=\"1024\" \/><\/a><\/p>\n<p style=\"text-align: center;\">Entrada del cementerio<\/p>\n<p style=\"text-align: center;\"><a href=\"http:\/\/granadacostanacional.es\/wp-content\/uploads\/2019\/11\/IMG_6830.jpg\"><img decoding=\"async\" loading=\"lazy\" class=\"aligncenter wp-image-22329 size-large\" src=\"http:\/\/granadacostanacional.es\/wp-content\/uploads\/2019\/11\/IMG_6830-1024x682.jpg\" alt=\"IMG_6830\" width=\"1024\" height=\"682\" \/><\/a><\/p>\n<p style=\"text-align: center;\"><a href=\"http:\/\/granadacostanacional.es\/wp-content\/uploads\/2019\/11\/IMG_6836.jpg\"><img decoding=\"async\" loading=\"lazy\" class=\"aligncenter wp-image-22330 size-large\" src=\"http:\/\/granadacostanacional.es\/wp-content\/uploads\/2019\/11\/IMG_6836-682x1024.jpg\" alt=\"IMG_6836\" width=\"682\" height=\"1024\" \/><\/a><\/p>\n<p style=\"text-align: center;\"><a href=\"http:\/\/granadacostanacional.es\/wp-content\/uploads\/2019\/11\/IMG_6840.jpg\"><img decoding=\"async\" loading=\"lazy\" class=\"aligncenter wp-image-22331 size-large\" src=\"http:\/\/granadacostanacional.es\/wp-content\/uploads\/2019\/11\/IMG_6840-682x1024.jpg\" alt=\"IMG_6840\" width=\"682\" height=\"1024\" \/><\/a><\/p>\n<p style=\"text-align: center;\"><a href=\"http:\/\/granadacostanacional.es\/wp-content\/uploads\/2019\/11\/IMG_6841.jpg\"><img decoding=\"async\" loading=\"lazy\" class=\"aligncenter wp-image-22332 size-large\" src=\"http:\/\/granadacostanacional.es\/wp-content\/uploads\/2019\/11\/IMG_6841-1024x682.jpg\" alt=\"IMG_6841\" width=\"1024\" height=\"682\" \/><\/a><\/p>\n<p style=\"text-align: center;\">Algunos asistentes a la misa<\/p>\n<p style=\"text-align: center;\"><a href=\"http:\/\/granadacostanacional.es\/wp-content\/uploads\/2019\/11\/IMG_6843-1.jpg\"><img decoding=\"async\" loading=\"lazy\" class=\"aligncenter wp-image-22333 size-large\" src=\"http:\/\/granadacostanacional.es\/wp-content\/uploads\/2019\/11\/IMG_6843-1-1024x682.jpg\" alt=\"IMG_6843\" width=\"1024\" height=\"682\" \/><\/a><\/p>\n<p style=\"text-align: center;\">D. Jos\u00e9 Antonio, p\u00e1rroco de Molv\u00edzar<\/p>\n<p style=\"text-align: center;\"><a href=\"http:\/\/granadacostanacional.es\/wp-content\/uploads\/2019\/11\/IMG_6844.jpg\"><img decoding=\"async\" loading=\"lazy\" class=\"aligncenter wp-image-22334 size-large\" src=\"http:\/\/granadacostanacional.es\/wp-content\/uploads\/2019\/11\/IMG_6844-1024x682.jpg\" alt=\"IMG_6844\" width=\"1024\" height=\"682\" \/><\/a><\/p>\n<p style=\"text-align: center;\"><a href=\"http:\/\/granadacostanacional.es\/wp-content\/uploads\/2019\/11\/IMG_6845.jpg\"><img decoding=\"async\" loading=\"lazy\" class=\"aligncenter wp-image-22335 size-large\" src=\"http:\/\/granadacostanacional.es\/wp-content\/uploads\/2019\/11\/IMG_6845-1024x682.jpg\" alt=\"IMG_6845\" width=\"1024\" height=\"682\" \/><\/a><\/p>\n<p style=\"text-align: center;\"><a href=\"http:\/\/granadacostanacional.es\/wp-content\/uploads\/2019\/11\/IMG_6847.jpg\"><img decoding=\"async\" loading=\"lazy\" class=\"aligncenter wp-image-22336 size-large\" src=\"http:\/\/granadacostanacional.es\/wp-content\/uploads\/2019\/11\/IMG_6847-1024x682.jpg\" alt=\"IMG_6847\" width=\"1024\" height=\"682\" \/><\/a><\/p>\n<p style=\"text-align: center;\"><a href=\"http:\/\/granadacostanacional.es\/wp-content\/uploads\/2019\/11\/IMG_6852.jpg\"><img decoding=\"async\" loading=\"lazy\" class=\"aligncenter wp-image-22337 size-large\" src=\"http:\/\/granadacostanacional.es\/wp-content\/uploads\/2019\/11\/IMG_6852-1024x682.jpg\" alt=\"IMG_6852\" width=\"1024\" height=\"682\" \/><\/a><\/p>\n<p style=\"text-align: center;\"><a href=\"http:\/\/granadacostanacional.es\/wp-content\/uploads\/2019\/11\/IMG_6854.jpg\"><img decoding=\"async\" loading=\"lazy\" class=\"aligncenter wp-image-22338 size-large\" src=\"http:\/\/granadacostanacional.es\/wp-content\/uploads\/2019\/11\/IMG_6854-1024x682.jpg\" alt=\"IMG_6854\" width=\"1024\" height=\"682\" \/><\/a><\/p>\n<p style=\"text-align: center;\">Entrada del cementerio<\/p>\n<p style=\"text-align: right;\"><strong>Cr\u00f3nica y fotos de:<\/strong><\/p>\n<p style=\"text-align: right;\"><strong>Pepe Segura Haro<\/strong><\/p>\n<p style=\"text-align: right;\"><strong>Carlos \u00c1lvaro Segura Venegas<\/strong><\/p>\n","protected":false},"excerpt":{"rendered":"<p>Tiene una extensi\u00f3n aproximada de 4000 metros cuadrados y algo m\u00e1s de un siglo de antig\u00fcedad. Como en casi todos&hellip;<\/p>\n","protected":false},"author":3,"featured_media":22326,"comment_status":"open","ping_status":"open","sticky":false,"template":"","format":"standard","meta":{"om_disable_all_campaigns":false,"_mi_skip_tracking":false,"_monsterinsights_sitenote_active":false,"_monsterinsights_sitenote_note":"","_monsterinsights_sitenote_category":0,"footnotes":""},"categories":[21],"tags":[],"aioseo_notices":[],"_links":{"self":[{"href":"https:\/\/granadacostaglobal.es\/index.php?rest_route=\/wp\/v2\/posts\/22325"}],"collection":[{"href":"https:\/\/granadacostaglobal.es\/index.php?rest_route=\/wp\/v2\/posts"}],"about":[{"href":"https:\/\/granadacostaglobal.es\/index.php?rest_route=\/wp\/v2\/types\/post"}],"author":[{"embeddable":true,"href":"https:\/\/granadacostaglobal.es\/index.php?rest_route=\/wp\/v2\/users\/3"}],"replies":[{"embeddable":true,"href":"https:\/\/granadacostaglobal.es\/index.php?rest_route=%2Fwp%2Fv2%2Fcomments&post=22325"}],"version-history":[{"count":0,"href":"https:\/\/granadacostaglobal.es\/index.php?rest_route=\/wp\/v2\/posts\/22325\/revisions"}],"wp:featuredmedia":[{"embeddable":true,"href":"https:\/\/granadacostaglobal.es\/index.php?rest_route=\/"}],"wp:attachment":[{"href":"https:\/\/granadacostaglobal.es\/index.php?rest_route=%2Fwp%2Fv2%2Fmedia&parent=22325"}],"wp:term":[{"taxonomy":"category","embeddable":true,"href":"https:\/\/granadacostaglobal.es\/index.php?rest_route=%2Fwp%2Fv2%2Fcategories&post=22325"},{"taxonomy":"post_tag","embeddable":true,"href":"https:\/\/granadacostaglobal.es\/index.php?rest_route=%2Fwp%2Fv2%2Ftags&post=22325"}],"curies":[{"name":"wp","href":"https:\/\/api.w.org\/{rel}","templated":true}]}}