{"id":2226,"date":"2015-08-10T17:32:34","date_gmt":"2015-08-10T17:32:34","guid":{"rendered":"http:\/\/granadacosta.es\/?p=2226"},"modified":"2015-08-10T17:32:34","modified_gmt":"2015-08-10T17:32:34","slug":"arranco-la-feria-de-dia-con-un-gran-ambiente-en-las-fiestas-de-almunecar-2015","status":"publish","type":"post","link":"https:\/\/granadacostaglobal.es\/?p=2226","title":{"rendered":"Arranc\u00f3 la Feria de D\u00eda con un gran ambiente  en  las fiestas de Almu\u00f1\u00e9car  2015"},"content":{"rendered":"<p>Por quinto a\u00f1o consecutivo, cientos de almu\u00f1equeros y visitantes disfrutan de \u00a0la Feria de D\u00eda con \u00a0un ambiente extraordinario \u00a0en la calle Pintor Manuel\u00a0 Rivera en su primera jornada.<\/p>\n<p><a href=\"http:\/\/granadacosta.es\/wp-content\/uploads\/2015\/08\/BANDA-MUSICA-ALMU\u00d1ECAR-TRAS-EL-PASACALLES-2015.jpg\"><img decoding=\"async\" loading=\"lazy\" class=\"aligncenter size-full wp-image-2235\" src=\"http:\/\/granadacosta.es\/wp-content\/uploads\/2015\/08\/BANDA-MUSICA-ALMU\u00d1ECAR-TRAS-EL-PASACALLES-2015.jpg\" alt=\"BANDA MUSICA ALMU\u00d1ECAR TRAS EL PASACALLES 2015\" width=\"960\" height=\"640\" \/><\/a> <a href=\"http:\/\/granadacosta.es\/wp-content\/uploads\/2015\/08\/AMBIENTE-ANDALUCIA-BAILA-EN-FERIA-DE-DIA-15-.jpg\"><img decoding=\"async\" loading=\"lazy\" class=\"aligncenter size-large wp-image-2234\" src=\"http:\/\/granadacosta.es\/wp-content\/uploads\/2015\/08\/AMBIENTE-ANDALUCIA-BAILA-EN-FERIA-DE-DIA-15--1024x683.jpg\" alt=\"AMBIENTE ANDALUCIA BAILA EN FERIA DE DIA 15\" width=\"1024\" height=\"683\" \/><\/a><\/p>\n<p>Pasaban unos minutos de las 13 horas de este lunes 10 de agosto, \u00a0cuando la Banda Municipal de M\u00fasica \u00a0de Almu\u00f1\u00e9car llegaba a Feria de D\u00eda\u00a0 por la puerta sur, \u00a0situada por la calle Hurtado de Mendoza. En ese mismo instante, pero en la puerta norte, la alcaldesa, Trinidad Herrera, descubr\u00eda la placa inaugural de una nueva edici\u00f3n de este evento de diversi\u00f3n, \u00a0imprescindible en la programaci\u00f3n de las fiestas patronales sexitanas.<\/p>\n<p><a href=\"http:\/\/granadacosta.es\/wp-content\/uploads\/2015\/08\/ENTRADA-SUR-DE-LA-FERIA-DE-DIA-ALMU\u00d1ECAR-15-.jpg\"><img decoding=\"async\" loading=\"lazy\" class=\"aligncenter size-full wp-image-2231\" src=\"http:\/\/granadacosta.es\/wp-content\/uploads\/2015\/08\/ENTRADA-SUR-DE-LA-FERIA-DE-DIA-ALMU\u00d1ECAR-15-.jpg\" alt=\"ENTRADA SUR DE LA FERIA DE DIA ALMU\u00d1ECAR 15\" width=\"960\" height=\"640\" \/><\/a><\/p>\n<p>Herrera, arropada por la mayor parte del equipo de gobierno, iniciaba el recorrido del recinto ferial, \u00a0donde el grupo Andaluc\u00eda Baila, bajo la coordinaci\u00f3n de Paola Almod\u00f3var, tambi\u00e9n comenzaba a bailar todo tipo de m\u00fasica flamenca que sonaba a lo largo de toda la calle.<\/p>\n<p><a href=\"http:\/\/granadacosta.es\/wp-content\/uploads\/2015\/08\/ANDALUCIA-BAILA-ANIMO-APERTURA-FERIA-DE-DIA-2015-.jpg\"><img decoding=\"async\" loading=\"lazy\" class=\"aligncenter size-full wp-image-2233\" src=\"http:\/\/granadacosta.es\/wp-content\/uploads\/2015\/08\/ANDALUCIA-BAILA-ANIMO-APERTURA-FERIA-DE-DIA-2015-.jpg\" alt=\"ANDALUCIA BAILA ANIMO APERTURA FERIA DE DIA  2015\" width=\"960\" height=\"640\" \/><\/a><\/p>\n<p>Un total de 22 barras, de colectivos locales: \u00a0deportivos, cofrad\u00edas y hosteler\u00eda, ocupan toda la zona\u00a0 de la Feria de D\u00eda para ofrecer la mejor gastronom\u00eda y bebida en un espacio \u00fanico.<\/p>\n<p><img decoding=\"async\" loading=\"lazy\" class=\"aligncenter size-full wp-image-2232\" src=\"http:\/\/granadacosta.es\/wp-content\/uploads\/2015\/08\/BRINDANDO-POR-UNA-FELIZ-FERIA-ALMU\u00d1ECAR-2015-.jpg\" alt=\"BRINDANDO POR UNA FELIZ FERIA ALMU\u00d1ECAR 2015\" width=\"960\" height=\"640\" \/><\/p>\n<p>A medida que avanzaba el reloj era cada vez mayor el n\u00famero de personas que se concentraban hasta las 19 horas, en un ambiente inmejorable de convivencia y diversi\u00f3n\u00a0 para todos los p\u00fablicos.<\/p>\n<p><img decoding=\"async\" loading=\"lazy\" class=\"aligncenter size-large wp-image-2230\" src=\"http:\/\/granadacosta.es\/wp-content\/uploads\/2015\/08\/PARA-BAJAR-LA-TEMPERATURA-EN-LA-FERIA-DE-DIA-15--1024x683.jpg\" alt=\"PARA BAJAR LA TEMPERATURA EN LA FERIA DE DIA 15\" width=\"1024\" height=\"683\" \/><\/p>\n<p>Hasta el mi\u00e9rcoles cada d\u00eda se repetir\u00e1 este ambiente e imagen que ha ido mejorando con el tiempo. Una de las mejoras es la mejora de la temperatura con humificadores repartidos por todo el recinto, y, por supuesto, el abanico o sombreros que regalaba la empresa Comercial Taramay, patrocinadora de la Feria de D\u00eda almu\u00f1equera. \u00a0<img decoding=\"async\" loading=\"lazy\" class=\"aligncenter size-full wp-image-2228\" src=\"http:\/\/granadacosta.es\/wp-content\/uploads\/2015\/08\/BUENA-PAELLA-EN-LA-ESPERANZA-FERIA-DE-DIA-15-.jpg\" alt=\"BUENA PAELLA EN LA ESPERANZA FERIA DE DIA 15\" width=\"960\" height=\"640\" \/><\/p>\n","protected":false},"excerpt":{"rendered":"<p>Por quinto a\u00f1o consecutivo, cientos de almu\u00f1equeros y visitantes disfrutan de \u00a0la Feria de D\u00eda con \u00a0un ambiente extraordinario \u00a0en&hellip;<\/p>\n","protected":false},"author":2,"featured_media":2229,"comment_status":"open","ping_status":"open","sticky":false,"template":"","format":"standard","meta":{"om_disable_all_campaigns":false,"_mi_skip_tracking":false,"_monsterinsights_sitenote_active":false,"_monsterinsights_sitenote_note":"","_monsterinsights_sitenote_category":0,"footnotes":""},"categories":[22],"tags":[],"aioseo_notices":[],"_links":{"self":[{"href":"https:\/\/granadacostaglobal.es\/index.php?rest_route=\/wp\/v2\/posts\/2226"}],"collection":[{"href":"https:\/\/granadacostaglobal.es\/index.php?rest_route=\/wp\/v2\/posts"}],"about":[{"href":"https:\/\/granadacostaglobal.es\/index.php?rest_route=\/wp\/v2\/types\/post"}],"author":[{"embeddable":true,"href":"https:\/\/granadacostaglobal.es\/index.php?rest_route=\/wp\/v2\/users\/2"}],"replies":[{"embeddable":true,"href":"https:\/\/granadacostaglobal.es\/index.php?rest_route=%2Fwp%2Fv2%2Fcomments&post=2226"}],"version-history":[{"count":0,"href":"https:\/\/granadacostaglobal.es\/index.php?rest_route=\/wp\/v2\/posts\/2226\/revisions"}],"wp:featuredmedia":[{"embeddable":true,"href":"https:\/\/granadacostaglobal.es\/index.php?rest_route=\/"}],"wp:attachment":[{"href":"https:\/\/granadacostaglobal.es\/index.php?rest_route=%2Fwp%2Fv2%2Fmedia&parent=2226"}],"wp:term":[{"taxonomy":"category","embeddable":true,"href":"https:\/\/granadacostaglobal.es\/index.php?rest_route=%2Fwp%2Fv2%2Fcategories&post=2226"},{"taxonomy":"post_tag","embeddable":true,"href":"https:\/\/granadacostaglobal.es\/index.php?rest_route=%2Fwp%2Fv2%2Ftags&post=2226"}],"curies":[{"name":"wp","href":"https:\/\/api.w.org\/{rel}","templated":true}]}}