{"id":22191,"date":"2019-10-24T11:30:44","date_gmt":"2019-10-24T11:30:44","guid":{"rendered":"http:\/\/granadacostanacional.es\/?p=22191"},"modified":"2019-10-24T11:30:44","modified_gmt":"2019-10-24T11:30:44","slug":"dilemas-eticos-en-la-investigacion-con-ninos-ninas-y-adolescentes-victimas-de-violencia","status":"publish","type":"post","link":"https:\/\/granadacostaglobal.es\/?p=22191","title":{"rendered":"Dilemas \u00e9ticos en la investigaci\u00f3n con ni\u00f1os, ni\u00f1as y adolescentes victimas de violencia"},"content":{"rendered":"<p style=\"text-align: justify;\">RESE\u00d1A DE LA PRESENTACION DE LA GUIA :<\/p>\n<p>\u00a0<a href=\"http:\/\/granadacostanacional.es\/wp-content\/uploads\/2019\/10\/Carme-Tello-1.jpg\"><img decoding=\"async\" loading=\"lazy\" class=\"alignnone size-medium wp-image-22192 alignleft\" src=\"http:\/\/granadacostanacional.es\/wp-content\/uploads\/2019\/10\/Carme-Tello-1-300x225.jpg\" alt=\"Carme Tello (1)\" width=\"300\" height=\"225\" \/><\/a><\/p>\n<p style=\"text-align: justify;\">Dilemas \u00e9ticos en la investigaci\u00f3n con ni\u00f1os, ni\u00f1as y adolescentes v\u00edctimas de violencia<\/p>\n<p style=\"text-align: justify;\">Es una gu\u00eda, sobre pautas de actuaci\u00f3n \u00e9ticas en la investigaci\u00f3n con ni\u00f1os, ni\u00f1as y adolescentes v\u00edctimas de violencia, ha estado dirigida y coordinada por la profesora Noem\u00ed Pereda, directora del Grupo de Investigaci\u00f3n en Victimizaci\u00f3n Infantil y Adolescente (GReVIA) de la Universidad de Barcelona, y la colaboraci\u00f3n de la Federaci\u00f3n de Asociaciones para la Prevenci\u00f3n del Maltrato Infantil (<a href=\"https:\/\/www.fapmi.es\/\">FAPMI<\/a>). Su objetivo es orientar, informar y se\u00f1alar pautas de actuaci\u00f3n \u00e9ticas en la investigaci\u00f3n con ni\u00f1os y adolescentes v\u00edctimas de violencia. Es la primera publicaci\u00f3n en castellano de estas caracter\u00edsticas y, es un recurso gratuito al alcance de todos los investigadores que quieran consultarla.<\/p>\n<p style=\"text-align: justify;\">La Dra. Carme Tello como presidenta de la Federaci\u00f3n de Asociaciones para la Prevenci\u00f3n del Maltrato Infantil FAPMI y de la Asociaci\u00f3n Catalana para la Infancia Maltratada ACIM hizo la presentaci\u00f3n de dicha investigaci\u00f3n en la jornada organizada por el Centro de Estudios Jur\u00eddicos y de Formaci\u00f3n Especializada (CEJFE) de Catalu\u00f1a, conjuntamente con el Sr. Marc Cer\u00f3n jefe de investigaci\u00f3n\u00a0 y Formaci\u00f3n en ejecuci\u00f3n Penal del CEJFE.<\/p>\n<p style=\"text-align: justify;\">\u00daltimamente se ha hecho visible el grave problema de la violencia ejercida sobre la infancia y adolescencia, y ha tra\u00eddo a abierto muchas l\u00edneas de investigaci\u00f3n. Pero no siempre, los investigadores han sabido c\u00f3mo desarrollar el tema para evitar que sus investigaciones, con una poblaci\u00f3n tan sensible como \u00e9ste. Lo importante es tener en cuenta que no se puede generar en \u00a0los ni\u00f1os, ni\u00f1as y adolescente, iatrogenia y m\u00e1s violencia de la que ya han sufrido .<\/p>\n<p style=\"text-align: justify;\">Por una parte esta gu\u00eda intenta dar respuestas pr\u00e1cticas a las dudas que se les pueden plantear a los investigadores y profesionales que hacen este tipo de investigaciones y por otro dar l\u00edneas de comportamiento dentro de la bio\u00e9tica de la investigaci\u00f3n. Incide en la necesidad tanto de cuidar de los menores implicados en la investigaci\u00f3n y c\u00f3mo se trabaja la evaluaci\u00f3n de los datos obtenidos a partir de la informaci\u00f3n facilitada por los mismos. Por este motivo se insiste en que es importante que se informe muy claramente a los menores de: por qu\u00e9 piden su colaboraci\u00f3n, en qu\u00e9 consistir\u00e1 la investigaci\u00f3n, qu\u00e9 estamos haciendo, qu\u00e9 objetivos y finalidades queremos alcanzar, por qu\u00e9 lo hacemos, qu\u00e9 se har\u00e1 con la informaci\u00f3n que nos den, como se tratar\u00e1 sus revelaciones y finalmente c\u00f3mo se publicitaria toda la informaci\u00f3n obtenida. Todas estas cuestiones hacen que sea b\u00e1sico que antes de empezar la investigaci\u00f3n se hable de todo ello con cada uno de los participantes y se pida su consentimiento informado.<\/p>\n<p style=\"text-align: justify;\">Finalmente solo decir que, para que realmente resulte exitoso el trabajo de los investigadores, hay que conseguir que los datos obtenidas en las diferentes investigaciones realmente reviertan en un empoderamiento de estos ni\u00f1os, ni\u00f1as y adolescentes, no s\u00f3lo en un uso cient\u00edfico de los investigadores,<\/p>\n<p style=\"text-align: justify;\">\nDra. Carme Tello Casany<\/p>\n<p style=\"text-align: justify;\">Psic\u00f3loga cl\u00ednica<\/p>\n<p style=\"text-align: justify;\">Presidenta Asociaci\u00f3n Catalana para la Infancia Maltratada (ACIM)<\/p>\n<p style=\"text-align: justify;\">Presidenta de la Federaci\u00f3n de Asociaciones para la Prevenci\u00f3n del Maltrato Infantil (FAPMI)<\/p>\n<p>&nbsp;<\/p>\n","protected":false},"excerpt":{"rendered":"<p>RESE\u00d1A DE LA PRESENTACION DE LA GUIA : \u00a0 Dilemas \u00e9ticos en la investigaci\u00f3n con ni\u00f1os, ni\u00f1as y adolescentes v\u00edctimas&hellip;<\/p>\n","protected":false},"author":4,"featured_media":22193,"comment_status":"open","ping_status":"open","sticky":false,"template":"","format":"standard","meta":{"om_disable_all_campaigns":false,"_mi_skip_tracking":false,"_monsterinsights_sitenote_active":false,"_monsterinsights_sitenote_note":"","_monsterinsights_sitenote_category":0,"footnotes":""},"categories":[25,21,35,22,19,30],"tags":[],"aioseo_notices":[],"_links":{"self":[{"href":"https:\/\/granadacostaglobal.es\/index.php?rest_route=\/wp\/v2\/posts\/22191"}],"collection":[{"href":"https:\/\/granadacostaglobal.es\/index.php?rest_route=\/wp\/v2\/posts"}],"about":[{"href":"https:\/\/granadacostaglobal.es\/index.php?rest_route=\/wp\/v2\/types\/post"}],"author":[{"embeddable":true,"href":"https:\/\/granadacostaglobal.es\/index.php?rest_route=\/wp\/v2\/users\/4"}],"replies":[{"embeddable":true,"href":"https:\/\/granadacostaglobal.es\/index.php?rest_route=%2Fwp%2Fv2%2Fcomments&post=22191"}],"version-history":[{"count":0,"href":"https:\/\/granadacostaglobal.es\/index.php?rest_route=\/wp\/v2\/posts\/22191\/revisions"}],"wp:featuredmedia":[{"embeddable":true,"href":"https:\/\/granadacostaglobal.es\/index.php?rest_route=\/"}],"wp:attachment":[{"href":"https:\/\/granadacostaglobal.es\/index.php?rest_route=%2Fwp%2Fv2%2Fmedia&parent=22191"}],"wp:term":[{"taxonomy":"category","embeddable":true,"href":"https:\/\/granadacostaglobal.es\/index.php?rest_route=%2Fwp%2Fv2%2Fcategories&post=22191"},{"taxonomy":"post_tag","embeddable":true,"href":"https:\/\/granadacostaglobal.es\/index.php?rest_route=%2Fwp%2Fv2%2Ftags&post=22191"}],"curies":[{"name":"wp","href":"https:\/\/api.w.org\/{rel}","templated":true}]}}