{"id":22180,"date":"2019-10-23T07:30:18","date_gmt":"2019-10-23T07:30:18","guid":{"rendered":"http:\/\/granadacostanacional.es\/?p=22180"},"modified":"2019-10-23T07:30:18","modified_gmt":"2019-10-23T07:30:18","slug":"mensajes-tristes-de-la-vida","status":"publish","type":"post","link":"https:\/\/granadacostaglobal.es\/?p=22180","title":{"rendered":"MENSAJES TRISTES DE LA VIDA"},"content":{"rendered":"<p style=\"text-align: justify;\">Otro d\u00eda m\u00e1s que pasa y yo aqu\u00ed sin fuerzas, buscando razones, buscando motivos, pensando en lo mismo.\u00a0Es otro d\u00eda que transcurre y la misma rutina. El tiempo pasa volando, sin que pueda percatarme de que este d\u00eda no volver\u00e1 jam\u00e1s\u2026 \u00bfQui\u00e9n no ha sufrido? Que levante la mano ante el mundo y se le reconocer\u00e1 como el mayor impostor y falso que jam\u00e1s haya existido.<\/p>\n<p style=\"text-align: justify;\"><a href=\"http:\/\/granadacostanacional.es\/wp-content\/uploads\/2019\/10\/image001-2.jpg\"><img decoding=\"async\" loading=\"lazy\" class=\"aligncenter wp-image-22181 size-medium\" src=\"http:\/\/granadacostanacional.es\/wp-content\/uploads\/2019\/10\/image001-2-300x221.jpg\" alt=\"image001\" width=\"300\" height=\"221\" \/><\/a><\/p>\n<p style=\"text-align: justify;\">El verdadero dolor es el que se sufre sin testigos. El m\u00e1s terrible de los sentimientos es el sentimiento de tener la esperanza perdida. El recuerdo de la felicidad ya no es felicidad, el recuerdo del dolor es todav\u00eda dolor. Me he acostumbrado tanto a la melancol\u00eda que la saludo como a una vieja amiga. La angustia es comprender que nos falta algo y no sabemos lo que es. Todo hombre tiene penas secretas que el mundo no conoce. Por eso, a veces, acusamos de frialdad a un hombre que en realidad solo es un hombre triste. \u00a0A veces no nos dan a escoger entre las l\u00e1grimas y la risa, sino solo entre las l\u00e1grimas y, entonces, hay que saber decidirse por las m\u00e1s hermosas.<\/p>\n<p style=\"text-align: justify;\"><a href=\"http:\/\/granadacostanacional.es\/wp-content\/uploads\/2019\/10\/image003-1.jpg\"><img decoding=\"async\" loading=\"lazy\" class=\"aligncenter wp-image-22182 size-medium\" src=\"http:\/\/granadacostanacional.es\/wp-content\/uploads\/2019\/10\/image003-1-300x200.jpg\" alt=\"image003\" width=\"300\" height=\"200\" \/><\/a><\/p>\n<p style=\"text-align: justify;\">No hay dolor m\u00e1s grande que recordar d\u00edas felices desde la miseria. El dolor que se calla es el m\u00e1s doloroso. Cualquiera puede dominar un sufrimiento, excepto el que lo siente. Una persona puede sentirse sola, a\u00fan cuando mucha gente la quiera. Las heridas m\u00e1s crueles que recibimos son infligidas por aquellos que amamos m\u00e1s y de quienes m\u00e1s somos amados. Naces solo y mueres solo y el par\u00e9ntesis la soledad es tan grande que necesitas compartir la vida para olvidarlo. La melancol\u00eda es una manera rom\u00e1ntica de estar triste. Y ahora que tengo lo que quer\u00eda\u00a0y ahora que nado en abundancia,\u00a0ahora s\u00e9 que no soy nada. La soledad es esencial al ser humano. Todos los hombres vienen a este mundo solos y solos lo abandonan. La gente propensa a la melancol\u00eda es la mejor dotada para el amor. La soledad es el maestro que, con el tiempo, te ense\u00f1a lo que fuiste, eres y ser\u00e1s. Muchas personas se pierden las peque\u00f1as alegr\u00edas mientras aguardan la gran felicidad. La gente se siente sola porque construye paredes en vez de puentes.<\/p>\n<p style=\"text-align: justify;\"><a href=\"http:\/\/granadacostanacional.es\/wp-content\/uploads\/2019\/10\/image005-1.jpg\"><img decoding=\"async\" loading=\"lazy\" class=\"aligncenter wp-image-22183 \" src=\"http:\/\/granadacostanacional.es\/wp-content\/uploads\/2019\/10\/image005-1-99x300.jpg\" alt=\"image005\" width=\"152\" height=\"410\" \/><\/a><\/p>\n<p style=\"text-align: justify;\">Conoc\u00ed la poes\u00eda por casualidad mientras vagabundeaba bailando. Me llamaron la atenci\u00f3n sus versos claros y decididos, con toques de esos que te hacen sonre\u00edr interiormente pensando que la raz\u00f3n es\u00a0como una loca. Busco m\u00e1s informaci\u00f3n sobre ella, leo entrevistas (eso me ayuda a tener una idea m\u00e1s global del poeta fuera de mis versos) y, finalmente, me hice con uno de sus \u00faltimos poemarios que habla de amor y de dolor. \u00bfQu\u00e9 gan\u00e9? Nada. \u00bfQu\u00e9 poeta soy hoy?, \u00bfqu\u00e9 mujer soy? As\u00ed me qued\u00e9 despu\u00e9s de leer la entrevista que tuve el placer de hacer. Para poneros en situaci\u00f3n, si no me conoc\u00e9is, soy una peque\u00f1ita mujer, una que era bailarina, que acab\u00f3 siendo escritora y poeta en franc\u00e9s, espa\u00f1ol y portugu\u00e9s y, en 2017, publiqu\u00e9 mi segundo libro de poes\u00eda, pero la vida me persigue, cuento que desde que era peque\u00f1a ya escrib\u00eda, incluso hac\u00eda historias para le\u00e9rselas a mis \u00a0amigas. Desde entonces no he parado \u00a1y lo que me queda!<\/p>\n<p><a href=\"http:\/\/granadacostanacional.es\/wp-content\/uploads\/2019\/10\/image007-1.jpg\"><img decoding=\"async\" loading=\"lazy\" class=\"aligncenter wp-image-22184 size-medium\" src=\"http:\/\/granadacostanacional.es\/wp-content\/uploads\/2019\/10\/image007-1-300x225.jpg\" alt=\"image007\" width=\"300\" height=\"225\" \/><\/a><\/p>\n<p style=\"text-align: justify;\">Escribir es una forma de sobrevivir a todo este caos que nos rodea, de expresar aquello que sentimos. Empec\u00e9 a escribir muy tarde. Primero fueron diarios que escrib\u00eda despu\u00e9s de los setenta a\u00f1os y relatos tambi\u00e9n con esa edad. M\u00e1s tarde empec\u00e9 a compartir lo que escrib\u00eda, le\u00eda a gente que escrib\u00eda sobre medicina pero nadie me compraba mis libros, solo vend\u00eda un por aqu\u00ed y otro por all\u00e1, como les gustaba segu\u00ed escribiendo, \u00a1tanto para nada! escrib\u00ed libros de prosa, de autobiograf\u00eda publiqu\u00e9 varios para que los leyesen a la hora de la merienda. Desde entonces no dej\u00e9 de escribir, casi siempre autobiograf\u00eda y poes\u00eda. La poes\u00eda la abandon\u00e9 con bastante pena, pero antes de mis 69 a\u00f1os sali\u00f3 mi primer libro \u201cEl camino de mi vida\u201d que se public\u00f3 en la editorial Granda Costa, en el a\u00f1o 2015. Esa fue mi salida al mundo como escritora. Escribo cuando siento que algo bulle en m\u00ed, una inquietud, un desasosiego.<\/p>\n<p><a href=\"http:\/\/granadacostanacional.es\/wp-content\/uploads\/2019\/10\/image009-1.jpg\"><img decoding=\"async\" loading=\"lazy\" class=\"aligncenter wp-image-22185 size-medium\" src=\"http:\/\/granadacostanacional.es\/wp-content\/uploads\/2019\/10\/image009-1-300x300.jpg\" alt=\"image009\" width=\"300\" height=\"300\" \/><\/a><\/p>\n<p style=\"text-align: right;\"><strong>Francelina Robin<\/strong><\/p>\n","protected":false},"excerpt":{"rendered":"<p>Otro d\u00eda m\u00e1s que pasa y yo aqu\u00ed sin fuerzas, buscando razones, buscando motivos, pensando en lo mismo.\u00a0Es otro d\u00eda&hellip;<\/p>\n","protected":false},"author":3,"featured_media":19434,"comment_status":"open","ping_status":"open","sticky":false,"template":"","format":"standard","meta":{"om_disable_all_campaigns":false,"_mi_skip_tracking":false,"_monsterinsights_sitenote_active":false,"_monsterinsights_sitenote_note":"","_monsterinsights_sitenote_category":0,"footnotes":""},"categories":[19],"tags":[],"aioseo_notices":[],"_links":{"self":[{"href":"https:\/\/granadacostaglobal.es\/index.php?rest_route=\/wp\/v2\/posts\/22180"}],"collection":[{"href":"https:\/\/granadacostaglobal.es\/index.php?rest_route=\/wp\/v2\/posts"}],"about":[{"href":"https:\/\/granadacostaglobal.es\/index.php?rest_route=\/wp\/v2\/types\/post"}],"author":[{"embeddable":true,"href":"https:\/\/granadacostaglobal.es\/index.php?rest_route=\/wp\/v2\/users\/3"}],"replies":[{"embeddable":true,"href":"https:\/\/granadacostaglobal.es\/index.php?rest_route=%2Fwp%2Fv2%2Fcomments&post=22180"}],"version-history":[{"count":0,"href":"https:\/\/granadacostaglobal.es\/index.php?rest_route=\/wp\/v2\/posts\/22180\/revisions"}],"wp:featuredmedia":[{"embeddable":true,"href":"https:\/\/granadacostaglobal.es\/index.php?rest_route=\/"}],"wp:attachment":[{"href":"https:\/\/granadacostaglobal.es\/index.php?rest_route=%2Fwp%2Fv2%2Fmedia&parent=22180"}],"wp:term":[{"taxonomy":"category","embeddable":true,"href":"https:\/\/granadacostaglobal.es\/index.php?rest_route=%2Fwp%2Fv2%2Fcategories&post=22180"},{"taxonomy":"post_tag","embeddable":true,"href":"https:\/\/granadacostaglobal.es\/index.php?rest_route=%2Fwp%2Fv2%2Ftags&post=22180"}],"curies":[{"name":"wp","href":"https:\/\/api.w.org\/{rel}","templated":true}]}}