{"id":22171,"date":"2019-10-22T10:23:00","date_gmt":"2019-10-22T10:23:00","guid":{"rendered":"http:\/\/granadacostanacional.es\/?p=22171"},"modified":"2019-10-22T10:23:00","modified_gmt":"2019-10-22T10:23:00","slug":"el-duelo-en-el-ambito-jinfantil-y-juvenil-jornada-sobre-pedagogia-de-la-muerte","status":"publish","type":"post","link":"https:\/\/granadacostaglobal.es\/?p=22171","title":{"rendered":"El duelo en el \u00e1mbito jinfantil y juvenil. Jornada sobre pedagog\u00eda de la muerte. Educaci\u00f3n emocional neceaaria"},"content":{"rendered":"<div data-blogger-escaped-style=\"text-align: justify;\">\n<p style=\"text-align: justify;\"><a href=\"http:\/\/granadacostanacional.es\/wp-content\/uploads\/2019\/10\/12440529_10208406860278591_9015540529653685589_o.jpg\"><img decoding=\"async\" loading=\"lazy\" class=\"size-medium wp-image-22047 alignleft\" src=\"http:\/\/granadacostanacional.es\/wp-content\/uploads\/2019\/10\/12440529_10208406860278591_9015540529653685589_o-300x300.jpg\" alt=\"12440529_10208406860278591_9015540529653685589_o\" width=\"300\" height=\"300\" \/><\/a><\/p>\n<p style=\"text-align: justify;\"><a href=\"http:\/\/granadacostanacional.es\/wp-content\/uploads\/2019\/10\/logo-duelo.jpg\"><img decoding=\"async\" loading=\"lazy\" class=\"alignnone size-full wp-image-22173\" src=\"http:\/\/granadacostanacional.es\/wp-content\/uploads\/2019\/10\/logo-duelo.jpg\" alt=\"logo duelo\" width=\"217\" height=\"78\" \/><\/a>Se han celebrado\u00a0\u00a0al Caixaforum de Lleida la jornada Pedagog\u00eda de la muerte y el duelo en el \u00e1mbito infantil y juvenil, una actividad\u00a0 dirigida especialmente a\u00a0 profesionales que trabajan en sectores como el educativo, el s\u00f2cio-sanitario o incluso el ocio.<\/p>\n<p style=\"text-align: justify;\">La actividad, que es gratuita, ha obtenido el reconocimiento de inter\u00e9s sanitario del Departamento de Salud y el certificado de inter\u00e9s para los servicios sociales que otorga el Departamento de Trabajo, Asuntos Sociales y Familias.<\/p>\n<p style=\"text-align: justify;\">\u00a0Inaguraci\u00f3n Por parte de las Instituciones de la ciudad, Educaci\u00f3n, Diputaci\u00f3n y corporaci\u00f3n municipal, junto a la presidenta del Servei de Suport al Dol de Ponent ( servicio de Apoyo al duelo de poniente)<\/p>\n<p style=\"text-align: justify;\">\n<\/div>\n<div style=\"text-align: justify;\" data-blogger-escaped-style=\"text-align: justify;\">\u00a0Esta jornada ha\u00a0 ofrecido\u00a0 a las personas asistentes,\u00a0 una mirada innovadora sobre como abordar durante la infancia y con la juventud un tema tan importante y recurrente como es la muerte. Las ponencias que han\u00a0 compuesto\u00a0 el programa de la jornada han hecho incapi\u00e9\u00a0 la atenci\u00f3n en como hablar con a los pacientes, alumnos o usuarios m\u00e1s j\u00f3venes de la muerte y de las p\u00e9rdidas vitales. Se centrar\u00e1n tambi\u00e9n en su did\u00e1ctica al tiempo que se ofrecer\u00e1 contenido pr\u00e1ctico que se pueda aplicar en cualquier espacio relacionado con el \u00e1mbito infantil y juvenil y porque finalmente revierta en su bienestar y en su educaci\u00f3n emocional como futuras persones adultas y profesionales.<\/div>\n<div style=\"text-align: justify;\" data-blogger-escaped-style=\"text-align: justify;\">[yotuwp type=&#8221;videos&#8221; id=&#8221;znNW96dNeNI&#8221; ]<\/div>\n<div style=\"text-align: justify;\" data-blogger-escaped-style=\"text-align: justify;\">\u00a0<strong>\u00a0 \u00a0 \u00a0 \u00a0 \u00a0 \u00a0 \u00a0 \u00a0 \u00a0 \u00a0 \u00a0 \u00a0 \u00a0 \u00a0 \u00a0 \u00a0 \u00a0 \u00a0 \u00a0 \u00a0 \u00a0 \u00a0 \u00a0 \u00a0 \u00a0 \u00a0 \u00a0 \u00a0 \u00a0 \u00a0 \u00a0 \u00a0 \u00a0 \u00a0 \u00a0 \u00a0 \u00a0 \u00a0 \u00a0 \u00a0 \u00a0 \u00a0 \u00a0 \u00a0 \u00a0 \u00a0 \u00a0 \u00a0 \u00a0 \u00a0 \u00a0 \u00a0 \u00a0 \u00a0 \u00a0 \u00a0 \u00a0 \u00a0 \u00a0 \u00a0 \u00a0 \u00a0 \u00a0 \u00a0 \u00a0 \u00a0 \u00a0 \u00a0 \u00a0 \u00a0 \u00a0 \u00a0 \u00a0\u00a0<\/strong><\/div>\n<div style=\"text-align: justify;\" data-blogger-escaped-style=\"text-align: justify;\">\u00a0La actividad ha obtenido el reconocimiento de inter\u00e9s sanitario del Departamento de Salud y el certificado de inter\u00e9s para los servicios sociales que otorga el Departamento de Trabajo, Asuntos Sociales y Familias. La jornada es gratuita y cuenta con la colaboraci\u00f3n de la Diputaci\u00f3n de Lleida y los Ayuntamientos de Lleida y T\u00e0rrega.<\/div>\n<div style=\"text-align: justify;\" data-blogger-escaped-style=\"text-align: justify;\"><img decoding=\"async\" loading=\"lazy\" class=\"alignnone size-medium wp-image-22205 alignleft\" src=\"http:\/\/granadacostanacional.es\/wp-content\/uploads\/2019\/10\/children-817365__340-300x200.jpg\" alt=\"children-817365__340\" width=\"300\" height=\"200\" \/>\u00a0Desde hace unos a\u00f1os hay cada vez una mayor sensibilidad a tener cura de la educaci\u00f3n emocional en general y en particular sobre la muerte y el luto. Sin embargo, moles profesionales refieren no contar con los conocimientos o la formaci\u00f3n necesaria para hacerlo. &#8220;Existe un verdadero vac\u00edo en nuestra sociedad a la hora de habla y gestionar el tema de la muerte y el luto y todav\u00eda nos encontramos con m\u00e1s problemas y desconocimiento cuando se trata de hacerlo con ni\u00f1os y ni\u00f1as, est\u00e9 en casa, a la escuela e incluso en los hospitales, a la hora de comunicar una muerte o una dolencia grave. La sociedad y sobretodo los profesionales nos piden herramientas y recursos; necesitamos dotarnos de habilidades y compartir experiencias para poder trabajar el tema de la muerte y el luto con ni\u00f1os y j\u00f3venes&#8221; explica Nuria Otero, presidenta del Servicio de apoyo al duelo de Poniente y maestra de Educaci\u00f3n Primaria.<\/div>\n<div style=\"text-align: justify;\" data-blogger-escaped-style=\"text-align: justify;\">\u00a0Los beneficios que tiene introducir el tema de la muerte en los recorridos curriculares es una asignatura pendiente de nuestro sistema educativo, a pesar de que se van tirando pasas en este sentido.<\/div>\n<div style=\"text-align: justify;\" data-blogger-escaped-style=\"text-align: justify;\"><\/div>\n<div style=\"text-align: justify;\" data-blogger-escaped-style=\"text-align: justify;\">P<a href=\"http:\/\/granadacostanacional.es\/wp-content\/uploads\/2019\/10\/ninos8-2-k9XD-620x349@abc.jpg\"><img decoding=\"async\" loading=\"lazy\" class=\"alignnone size-medium wp-image-22206 alignleft\" src=\"http:\/\/granadacostanacional.es\/wp-content\/uploads\/2019\/10\/ninos8-2-k9XD-620x349@abc-300x169.jpg\" alt=\"ninos8 (2)-k9XD--620x349@abc\" width=\"300\" height=\"169\" \/><\/a>or otro lado, hay una necesidad de poder hablar y gestionar las situaciones de luto cuando se da la muerte de una persona estimada en el contexto del ni\u00f1o o el joven. Montse Robles, enfermera y responsable asistencial del Servicio de apoyo al luto de Poniente explica que &#8220;los ni\u00f1os y las ni\u00f1as necesitan poder hablar de la muerte mucho antes incluso que la conozcan de cerca, puesto que tienen dudas, inquietudes que hay que resolver para no generar miedos y evitar que el tema se convierta en un tab\u00fa que hace da\u00f1o&#8230; y por otro lado, est\u00e1 constatado que si dejamos que los ni\u00f1os y j\u00f3venes participen en los rituales de final de vida y los funerales, si los invitamos a compartir emociones y a expresarlas&#8230; si lo hacemos as\u00ed, el luto acostumbra a hacerse de una manera m\u00e1s adaptativa y saludable y esto es algo que aprender\u00e1n y los servir\u00e1 tambi\u00e9n para el futuro&#8221;.<\/div>\n<div style=\"text-align: justify;\" data-blogger-escaped-style=\"text-align: justify;\">\u00a0Informaci\u00f3n en :<\/div>\n<div style=\"text-align: justify;\" data-blogger-escaped-style=\"text-align: justify;\"><a href=\"https:\/\/www.suportaldol.org\/l\/jornada-pedagogia-de-la-mort-i-el-dol-en-l-ambit-infantil-i-juvenil\/\">https:\/\/www.suportaldol.org\/l\/jornada-pedagogia-de-la-mort-i-el-dol-en-l-ambit-infantil-i-juvenil\/<\/a><\/div>\n<div style=\"text-align: justify;\" data-blogger-escaped-style=\"text-align: justify;\"><a href=\"https:\/\/drive.google.com\/file\/d\/1KyEUv61Jlcqp925sJ5jJ8QNyOWv8bA0H\/view\">https:\/\/drive.google.com\/file\/d\/1KyEUv61Jlcqp925sJ5jJ8QNyOWv8bA0H\/view<\/a><\/div>\n<div style=\"text-align: justify;\" data-blogger-escaped-style=\"text-align: justify;\"><\/div>\n<div style=\"text-align: justify;\" data-blogger-escaped-style=\"text-align: justify;\">\n<p>la Dra To\u00f1y Castillo ha basado su internenci\u00f3n\u00a0 en :En la vida los \u00a0ciclos vienen marcados por tiempos, uno para nacer , otro para vivir, otro para morir.<\/p>\n<p><a href=\"http:\/\/granadacostanacional.es\/wp-content\/uploads\/2019\/10\/hablar-sexo-ninos-3-1100x408.jpg\"><img decoding=\"async\" loading=\"lazy\" class=\"alignnone size-medium wp-image-22207 alignleft\" src=\"http:\/\/granadacostanacional.es\/wp-content\/uploads\/2019\/10\/hablar-sexo-ninos-3-1100x408-300x111.jpg\" alt=\"hablar-sexo-ninos-3-1100x408\" width=\"300\" height=\"111\" \/><\/a>Hablar de e<a href=\"http:\/\/granadacostanacional.es\/wp-content\/uploads\/2019\/10\/osito.jpg\"><img decoding=\"async\" loading=\"lazy\" class=\"alignnone size-medium wp-image-22172\" src=\"http:\/\/granadacostanacional.es\/wp-content\/uploads\/2019\/10\/osito-300x202.jpg\" alt=\"osito\" width=\"300\" height=\"202\" \/><\/a>nfermedad no siempre es un tema f\u00e1cil, ya que, cualquier situaci\u00f3n de no salud, provoca una serie de trastornos a nivel parcial o global en la persona, pero, tratar la enfermedad desde la infancia se hace doloroso. Estamos en un mundo donde parece que tener salud, es lo cotidiano y solo al enfermar un familiar, un amigo, o nosotros mismos, tomamos conciencia de las necesidades y carencias que, por la condici\u00f3n de estar enfermos, sufrimos.<\/p>\n<p>La aparici\u00f3n de enfermedad aguda, cr\u00f3nica, \u00a0terminal y muerte provoca cambios y crisis en los sistemas familiares y son necesarios mecanismos de autorregulaci\u00f3n, y herramientas de paliaci\u00f3n de la situaci\u00f3n. El impacto de las situaciones de duelo ante la enfermedad, y sus condicionamientos (etapa vital, roles familiares,\u00a0 cultura, nivel socioecon\u00f3mico, nivel de intercomunicaci\u00f3n\u00a0 familiar) va a influenciar sobre el proceso de recuperaci\u00f3n.<\/p>\n<p><a href=\"http:\/\/granadacostanacional.es\/wp-content\/uploads\/2019\/10\/PortadaTodosSomos\u00c1ngeles1.jpg\"><img decoding=\"async\" loading=\"lazy\" class=\"size-medium wp-image-22203 alignleft\" src=\"http:\/\/granadacostanacional.es\/wp-content\/uploads\/2019\/10\/PortadaTodosSomos\u00c1ngeles1-300x289.jpg\" alt=\"PortadaTodosSomos\u00c1ngeles1\" width=\"300\" height=\"289\" \/><\/a>Se presenta el duelo a las adversidades del vivir y del morir y la necesidad de herramientas emocionales que ayude al ni\u00f1o y las familias en el proceso de duelo. Asi como se hablar\u00e1 de dos de sus libros: El jardin de los sue\u00f1os y Todos somos \u00e1ngeles que versan sobre la tem\u00e1tica de la muerte y duelo.\u00a0<a href=\"http:\/\/granadacostanacional.es\/wp-content\/uploads\/2019\/10\/el-jardin-de-los-sue\u00f1os-portada.jpg\"><img decoding=\"async\" loading=\"lazy\" class=\"size-medium wp-image-22204 alignright\" src=\"http:\/\/granadacostanacional.es\/wp-content\/uploads\/2019\/10\/el-jardin-de-los-sue\u00f1os-portada-300x300.jpg\" alt=\"el jardin de los sue\u00f1os portada\" width=\"300\" height=\"300\" \/><\/a><\/p>\n<\/div>\n","protected":false},"excerpt":{"rendered":"<p>Se han celebrado\u00a0\u00a0al Caixaforum de Lleida la jornada Pedagog\u00eda de la muerte y el duelo en el \u00e1mbito infantil y&hellip;<\/p>\n","protected":false},"author":4,"featured_media":22172,"comment_status":"open","ping_status":"open","sticky":false,"template":"","format":"standard","meta":{"om_disable_all_campaigns":false,"_mi_skip_tracking":false,"_monsterinsights_sitenote_active":false,"_monsterinsights_sitenote_note":"","_monsterinsights_sitenote_category":0,"footnotes":""},"categories":[25,35,22,19,30],"tags":[],"aioseo_notices":[],"_links":{"self":[{"href":"https:\/\/granadacostaglobal.es\/index.php?rest_route=\/wp\/v2\/posts\/22171"}],"collection":[{"href":"https:\/\/granadacostaglobal.es\/index.php?rest_route=\/wp\/v2\/posts"}],"about":[{"href":"https:\/\/granadacostaglobal.es\/index.php?rest_route=\/wp\/v2\/types\/post"}],"author":[{"embeddable":true,"href":"https:\/\/granadacostaglobal.es\/index.php?rest_route=\/wp\/v2\/users\/4"}],"replies":[{"embeddable":true,"href":"https:\/\/granadacostaglobal.es\/index.php?rest_route=%2Fwp%2Fv2%2Fcomments&post=22171"}],"version-history":[{"count":0,"href":"https:\/\/granadacostaglobal.es\/index.php?rest_route=\/wp\/v2\/posts\/22171\/revisions"}],"wp:featuredmedia":[{"embeddable":true,"href":"https:\/\/granadacostaglobal.es\/index.php?rest_route=\/"}],"wp:attachment":[{"href":"https:\/\/granadacostaglobal.es\/index.php?rest_route=%2Fwp%2Fv2%2Fmedia&parent=22171"}],"wp:term":[{"taxonomy":"category","embeddable":true,"href":"https:\/\/granadacostaglobal.es\/index.php?rest_route=%2Fwp%2Fv2%2Fcategories&post=22171"},{"taxonomy":"post_tag","embeddable":true,"href":"https:\/\/granadacostaglobal.es\/index.php?rest_route=%2Fwp%2Fv2%2Ftags&post=22171"}],"curies":[{"name":"wp","href":"https:\/\/api.w.org\/{rel}","templated":true}]}}