{"id":22148,"date":"2019-10-22T07:09:01","date_gmt":"2019-10-22T07:09:01","guid":{"rendered":"http:\/\/granadacostanacional.es\/?p=22148"},"modified":"2019-10-22T07:09:01","modified_gmt":"2019-10-22T07:09:01","slug":"22148-2","status":"publish","type":"post","link":"https:\/\/granadacostaglobal.es\/?p=22148","title":{"rendered":"I Jornada de Escritores por la Discapacidad"},"content":{"rendered":"<p>Desde la Editorial Granada Club Selecci\u00f3n Granada Costa les invitamos a la I\u00a0Jornada de Escritores por la Discapacidad, la cual tendr\u00e1 lugar el s\u00e1bado d\u00eda 9 de noviembre desde las 11:45h hasta las 21:00h en el Spai Cultural de la Mar Villa Ana de Benic\u00e0ssim (Paseo Pilar Coloma, 35) Castell\u00f3n.<\/p>\n<p>&nbsp;<\/p>\n<p>&nbsp;<\/p>\n<p><a href=\"http:\/\/granadacostanacional.es\/wp-content\/uploads\/2019\/10\/INVITACIN-JORNADAS.jpg\"><img decoding=\"async\" loading=\"lazy\" class=\"aligncenter size-large wp-image-22149\" src=\"http:\/\/granadacostanacional.es\/wp-content\/uploads\/2019\/10\/INVITACIN-JORNADAS-548x1024.jpg\" alt=\"Fallo del I Certamen de\" width=\"548\" height=\"1024\" \/><\/a><\/p>\n<p><a href=\"http:\/\/granadacostanacional.es\/wp-content\/uploads\/2019\/10\/PROGRAMA-JORNADAS.jpg\"><img decoding=\"async\" loading=\"lazy\" class=\"aligncenter size-large wp-image-22150\" src=\"http:\/\/granadacostanacional.es\/wp-content\/uploads\/2019\/10\/PROGRAMA-JORNADAS-513x1024.jpg\" alt=\"Fallo del I Certamen de\" width=\"513\" height=\"1024\" \/><\/a><\/p>\n<p style=\"margin-bottom: .0001pt; text-align: justify; background: white;\">\n","protected":false},"excerpt":{"rendered":"<p>Desde la Editorial Granada Club Selecci\u00f3n Granada Costa les invitamos a la I\u00a0Jornada de Escritores por la Discapacidad, la cual&hellip;<\/p>\n","protected":false},"author":3,"featured_media":22149,"comment_status":"open","ping_status":"open","sticky":false,"template":"","format":"standard","meta":{"om_disable_all_campaigns":false,"_mi_skip_tracking":false,"_monsterinsights_sitenote_active":false,"_monsterinsights_sitenote_note":"","_monsterinsights_sitenote_category":0,"footnotes":""},"categories":[21,30],"tags":[],"aioseo_notices":[],"_links":{"self":[{"href":"https:\/\/granadacostaglobal.es\/index.php?rest_route=\/wp\/v2\/posts\/22148"}],"collection":[{"href":"https:\/\/granadacostaglobal.es\/index.php?rest_route=\/wp\/v2\/posts"}],"about":[{"href":"https:\/\/granadacostaglobal.es\/index.php?rest_route=\/wp\/v2\/types\/post"}],"author":[{"embeddable":true,"href":"https:\/\/granadacostaglobal.es\/index.php?rest_route=\/wp\/v2\/users\/3"}],"replies":[{"embeddable":true,"href":"https:\/\/granadacostaglobal.es\/index.php?rest_route=%2Fwp%2Fv2%2Fcomments&post=22148"}],"version-history":[{"count":0,"href":"https:\/\/granadacostaglobal.es\/index.php?rest_route=\/wp\/v2\/posts\/22148\/revisions"}],"wp:featuredmedia":[{"embeddable":true,"href":"https:\/\/granadacostaglobal.es\/index.php?rest_route=\/"}],"wp:attachment":[{"href":"https:\/\/granadacostaglobal.es\/index.php?rest_route=%2Fwp%2Fv2%2Fmedia&parent=22148"}],"wp:term":[{"taxonomy":"category","embeddable":true,"href":"https:\/\/granadacostaglobal.es\/index.php?rest_route=%2Fwp%2Fv2%2Fcategories&post=22148"},{"taxonomy":"post_tag","embeddable":true,"href":"https:\/\/granadacostaglobal.es\/index.php?rest_route=%2Fwp%2Fv2%2Ftags&post=22148"}],"curies":[{"name":"wp","href":"https:\/\/api.w.org\/{rel}","templated":true}]}}