{"id":22119,"date":"2019-10-16T07:58:07","date_gmt":"2019-10-16T07:58:07","guid":{"rendered":"http:\/\/granadacostanacional.es\/?p=22119"},"modified":"2019-10-16T07:58:07","modified_gmt":"2019-10-16T07:58:07","slug":"jornada-teatral-a-beneficio-de-angeles-malaguenos-de-la-noche","status":"publish","type":"post","link":"https:\/\/granadacostaglobal.es\/?p=22119","title":{"rendered":"Jornada teatral a beneficio de \u00c1ngeles Malague\u00f1os de la Noche"},"content":{"rendered":"<p>Hoy 16 de octubre a las 17:30h desde la editorial Granada Club Selecci\u00f3n Granada Costa les invitamos a la representaci\u00f3n teatral solidaria a beneficio de los \u00c1ngeles Malague\u00f1os de la Noche, organizada por el grupo de teatro Fepma-Utop\u00eda y por el Vag\u00f3n de Teatro del Grupo del Centro Cultural Renfe.<\/p>\n<p><a href=\"http:\/\/granadacostanacional.es\/wp-content\/uploads\/2019\/10\/IMG-20191016-WA0003.jpg\"><img decoding=\"async\" loading=\"lazy\" class=\"aligncenter size-large wp-image-22120\" src=\"http:\/\/granadacostanacional.es\/wp-content\/uploads\/2019\/10\/IMG-20191016-WA0003-724x1024.jpg\" alt=\"IMG-20191016-WA0003\" width=\"724\" height=\"1024\" \/><\/a><\/p>\n","protected":false},"excerpt":{"rendered":"<p>Hoy 16 de octubre a las 17:30h desde la editorial Granada Club Selecci\u00f3n Granada Costa les invitamos a la representaci\u00f3n&hellip;<\/p>\n","protected":false},"author":3,"featured_media":22124,"comment_status":"open","ping_status":"open","sticky":false,"template":"","format":"standard","meta":{"om_disable_all_campaigns":false,"_mi_skip_tracking":false,"_monsterinsights_sitenote_active":false,"_monsterinsights_sitenote_note":"","_monsterinsights_sitenote_category":0,"footnotes":""},"categories":[21,30],"tags":[],"aioseo_notices":[],"_links":{"self":[{"href":"https:\/\/granadacostaglobal.es\/index.php?rest_route=\/wp\/v2\/posts\/22119"}],"collection":[{"href":"https:\/\/granadacostaglobal.es\/index.php?rest_route=\/wp\/v2\/posts"}],"about":[{"href":"https:\/\/granadacostaglobal.es\/index.php?rest_route=\/wp\/v2\/types\/post"}],"author":[{"embeddable":true,"href":"https:\/\/granadacostaglobal.es\/index.php?rest_route=\/wp\/v2\/users\/3"}],"replies":[{"embeddable":true,"href":"https:\/\/granadacostaglobal.es\/index.php?rest_route=%2Fwp%2Fv2%2Fcomments&post=22119"}],"version-history":[{"count":0,"href":"https:\/\/granadacostaglobal.es\/index.php?rest_route=\/wp\/v2\/posts\/22119\/revisions"}],"wp:featuredmedia":[{"embeddable":true,"href":"https:\/\/granadacostaglobal.es\/index.php?rest_route=\/"}],"wp:attachment":[{"href":"https:\/\/granadacostaglobal.es\/index.php?rest_route=%2Fwp%2Fv2%2Fmedia&parent=22119"}],"wp:term":[{"taxonomy":"category","embeddable":true,"href":"https:\/\/granadacostaglobal.es\/index.php?rest_route=%2Fwp%2Fv2%2Fcategories&post=22119"},{"taxonomy":"post_tag","embeddable":true,"href":"https:\/\/granadacostaglobal.es\/index.php?rest_route=%2Fwp%2Fv2%2Ftags&post=22119"}],"curies":[{"name":"wp","href":"https:\/\/api.w.org\/{rel}","templated":true}]}}