{"id":22111,"date":"2019-10-16T07:14:48","date_gmt":"2019-10-16T07:14:48","guid":{"rendered":"http:\/\/granadacostanacional.es\/?p=22111"},"modified":"2019-10-16T07:14:48","modified_gmt":"2019-10-16T07:14:48","slug":"entrega-de-premios-literarios","status":"publish","type":"post","link":"https:\/\/granadacostaglobal.es\/?p=22111","title":{"rendered":"Entrega de premios literarios"},"content":{"rendered":"<p style=\"text-align: justify;\">El d\u00eda de 12 de octubre, en el Sal\u00f3n de Plenos del ayuntamiento de Ba\u00f1os de la Encina, tuvo lugar la entrega de los diferentes premios literarios de: novela, poes\u00eda, relatos-cuentos y microrrelatos 2019.<\/p>\n<p style=\"text-align: justify;\">\u00a0\u00a0\u00a0\u00a0\u00a0\u00a0\u00a0\u00a0\u00a0\u00a0\u00a0 El VII Premio de Poes\u00eda \u201dAlfonso Monteagudo\u201d , recay\u00f3 en el escritor y poeta cordob\u00e9s, Manuel Luque Tapia, con el `poemario \u201cTregua\u201d.<\/p>\n<p style=\"text-align: justify;\">\u00a0\u00a0\u00a0\u00a0\u00a0\u00a0\u00a0\u00a0\u00a0\u00a0\u00a0 Manuel Luque, licenciado en filosof\u00eda y letras, con m\u00e1s de medio centenar de relatos, premiados nacional e internacionalmente, cuenta tambi\u00e9n con veinte dos libros de poes\u00eda.<a href=\"http:\/\/granadacostanacional.es\/wp-content\/uploads\/2019\/10\/image001-1.jpg\"><img decoding=\"async\" loading=\"lazy\" class=\"aligncenter size-large wp-image-22112\" src=\"http:\/\/granadacostanacional.es\/wp-content\/uploads\/2019\/10\/image001-1-1024x768.jpg\" alt=\"image001\" width=\"1024\" height=\"768\" \/><\/a><\/p>\n<p style=\"text-align: center;\">Muchos son los premios que podemos destacar, entre ellos:<\/p>\n<p style=\"text-align: center;\">El del Club del libro espa\u00f1ol de la ONU (Ginebra.Suiza)<\/p>\n<p style=\"text-align: center;\">II Certamen internacional de cuentos Terra Austral (Sidney \u2013Australia)<\/p>\n<p style=\"text-align: center;\">El IV Certamen internacional de Poes\u00eda y Cuento (Buenos Aires \u2013 Argentina)<\/p>\n<p style=\"text-align: center;\">\n<p style=\"text-align: center;\">A nivel nacional mencionamos algunos de sus numerosos premios:<\/p>\n<p style=\"text-align: center;\">Real Sitio y Villa de Aranjuez \u2013 Madrid<\/p>\n<p style=\"text-align: center;\">Amantes de Teruel \u2013 Teruel<\/p>\n<p style=\"text-align: center;\">Diputaci\u00f3n Foral de \u00c1lava<\/p>\n<p style=\"text-align: center;\">Federico Garc\u00eda Lorca \u2013 Barcelona<\/p>\n<p style=\"text-align: center;\">Certamen internacional de narrativa \u201cDulcinea\u201d \u2013 Barcelona<\/p>\n<p style=\"text-align: center;\">Premio de Poes\u00eda Francisco S\u00e1nchez Bautista \u2013 Murcia<\/p>\n<p style=\"text-align: center;\">Premio Luz de Poes\u00eda \u2013 Tarifa- C\u00e1diz<\/p>\n<p style=\"text-align: center;\">Premio de Poes\u00eda \u2013 \u201cAl-Andalus\u201d \u2013 Burgos<\/p>\n<p><a href=\"http:\/\/granadacostanacional.es\/wp-content\/uploads\/2019\/10\/image003.jpg\"><img decoding=\"async\" loading=\"lazy\" class=\"aligncenter size-large wp-image-22113\" src=\"http:\/\/granadacostanacional.es\/wp-content\/uploads\/2019\/10\/image003-1024x768.jpg\" alt=\"image003\" width=\"1024\" height=\"768\" \/><\/a><\/p>\n<p style=\"text-align: justify;\">Premio novela corta Ver\u00f3nica Gallego Mengod, de Caracas- Venezuela, con su obra \u201cLa historia de Eva\u201d.<\/p>\n<p style=\"text-align: justify;\">Licenciada en psicolog\u00eda con Magna cum Laude. Licenciada en letras y magister Scientiarium en Estudios Literarios (Universidad Central de Venezuela). Fue profesora en la Universidad Sim\u00f3n Bol\u00edvar. A coordinado la C\u00e1tedra libre de literatura, creando talleres literarios y Consultora de formaci\u00f3n, experta en competencias profesionales y productora de contenidos formativos.<\/p>\n<p><a href=\"http:\/\/granadacostanacional.es\/wp-content\/uploads\/2019\/10\/image005.jpg\"><img decoding=\"async\" loading=\"lazy\" class=\"aligncenter size-large wp-image-22114\" src=\"http:\/\/granadacostanacional.es\/wp-content\/uploads\/2019\/10\/image005-1024x768.jpg\" alt=\"image005\" width=\"1024\" height=\"768\" \/><\/a><\/p>\n<p style=\"text-align: center;\">Alfonso Sergio Barrag\u00e1n Rinc\u00f3n, ganador del VIII Certamen de Relatos \u201dVilla de Ba\u00f1os\u201d.<\/p>\n<p><a href=\"http:\/\/granadacostanacional.es\/wp-content\/uploads\/2019\/10\/image007.jpg\"><img decoding=\"async\" loading=\"lazy\" class=\"aligncenter size-large wp-image-22115\" src=\"http:\/\/granadacostanacional.es\/wp-content\/uploads\/2019\/10\/image007-1024x768.jpg\" alt=\"image007\" width=\"1024\" height=\"768\" \/><\/a><\/p>\n<p style=\"text-align: center;\">Concha Fern\u00e1ndez Gonz\u00e1lez, Ganadora del VIII Certamen de Microrrelatos \u201cVilla de Ba\u00f1os\u201d.<\/p>\n<p><a href=\"http:\/\/granadacostanacional.es\/wp-content\/uploads\/2019\/10\/image009.jpg\"><img decoding=\"async\" loading=\"lazy\" class=\"aligncenter size-large wp-image-22116\" src=\"http:\/\/granadacostanacional.es\/wp-content\/uploads\/2019\/10\/image009-1024x768.jpg\" alt=\"image009\" width=\"1024\" height=\"768\" \/><\/a><\/p>\n<p style=\"text-align: center;\">Esteban Torres Sagra, Ganador del XXIII Certamen de Poes\u00eda \u201cPepa Cantarero\u201d.<\/p>\n<p>&nbsp;<\/p>\n<p>&nbsp;<\/p>\n<p style=\"text-align: justify;\">Adem\u00e1s, obtuvieron los acc\u00e9sits:<\/p>\n<p style=\"text-align: justify;\">Acc\u00e9sit VII Certamen de Poes\u00eda \u201cAlfonso Monteagudo\u201d:\u00a0 Joaqu\u00edn Luis Jim\u00e9nez Carrilo de Albornoz , con su poemario \u201cTiempo de Oto\u00f1o\u201d,<\/p>\n<p style=\"text-align: justify;\">Acc\u00e9sit VIII Certamen de Relatos \u201cVilla de Ba\u00f1os\u201d : Juan Molina Guerra, con \u201cEl actor\u201d<\/p>\n<p style=\"text-align: justify;\">Acc\u00e9sit VIII Certamen de Mictorrelatos \u201cVilla de Ba\u00f1os\u201d:\u00a0 Pilar Arijo Andrade, con \u201cBelceb\u00fa\u201d<\/p>\n<p style=\"text-align: right;\">Alfonso Monteagudo<\/p>\n","protected":false},"excerpt":{"rendered":"<p>El d\u00eda de 12 de octubre, en el Sal\u00f3n de Plenos del ayuntamiento de Ba\u00f1os de la Encina, tuvo lugar&hellip;<\/p>\n","protected":false},"author":3,"featured_media":22117,"comment_status":"open","ping_status":"open","sticky":false,"template":"","format":"standard","meta":{"om_disable_all_campaigns":false,"_mi_skip_tracking":false,"_monsterinsights_sitenote_active":false,"_monsterinsights_sitenote_note":"","_monsterinsights_sitenote_category":0,"footnotes":""},"categories":[21,30],"tags":[],"aioseo_notices":[],"_links":{"self":[{"href":"https:\/\/granadacostaglobal.es\/index.php?rest_route=\/wp\/v2\/posts\/22111"}],"collection":[{"href":"https:\/\/granadacostaglobal.es\/index.php?rest_route=\/wp\/v2\/posts"}],"about":[{"href":"https:\/\/granadacostaglobal.es\/index.php?rest_route=\/wp\/v2\/types\/post"}],"author":[{"embeddable":true,"href":"https:\/\/granadacostaglobal.es\/index.php?rest_route=\/wp\/v2\/users\/3"}],"replies":[{"embeddable":true,"href":"https:\/\/granadacostaglobal.es\/index.php?rest_route=%2Fwp%2Fv2%2Fcomments&post=22111"}],"version-history":[{"count":0,"href":"https:\/\/granadacostaglobal.es\/index.php?rest_route=\/wp\/v2\/posts\/22111\/revisions"}],"wp:featuredmedia":[{"embeddable":true,"href":"https:\/\/granadacostaglobal.es\/index.php?rest_route=\/"}],"wp:attachment":[{"href":"https:\/\/granadacostaglobal.es\/index.php?rest_route=%2Fwp%2Fv2%2Fmedia&parent=22111"}],"wp:term":[{"taxonomy":"category","embeddable":true,"href":"https:\/\/granadacostaglobal.es\/index.php?rest_route=%2Fwp%2Fv2%2Fcategories&post=22111"},{"taxonomy":"post_tag","embeddable":true,"href":"https:\/\/granadacostaglobal.es\/index.php?rest_route=%2Fwp%2Fv2%2Ftags&post=22111"}],"curies":[{"name":"wp","href":"https:\/\/api.w.org\/{rel}","templated":true}]}}