{"id":21973,"date":"2019-10-08T11:51:21","date_gmt":"2019-10-08T11:51:21","guid":{"rendered":"http:\/\/granadacostanacional.es\/?p=21973"},"modified":"2019-10-08T11:51:21","modified_gmt":"2019-10-08T11:51:21","slug":"entre-pinceles","status":"publish","type":"post","link":"https:\/\/granadacostaglobal.es\/?p=21973","title":{"rendered":"ENTRE PINCELES"},"content":{"rendered":"<p style=\"text-align: justify;\"><strong>Exposici\u00f3n en Asociaci\u00f3n el Calvario <\/strong><\/p>\n<p style=\"text-align: justify;\"><strong>del pintor THOMAS HENRY JONES<a href=\"http:\/\/granadacostanacional.es\/wp-content\/uploads\/2019\/10\/WhatsApp-Image-2019-10-02-at-13.25.49.jpeg\"><img decoding=\"async\" loading=\"lazy\" class=\"aligncenter size-large wp-image-21974\" src=\"http:\/\/granadacostanacional.es\/wp-content\/uploads\/2019\/10\/WhatsApp-Image-2019-10-02-at-13.25.49-1024x768.jpeg\" alt=\"WhatsApp Image 2019-10-02 at 13.25.49\" width=\"1024\" height=\"768\" \/><\/a><\/strong><\/p>\n<p style=\"text-align: justify;\">Nace en Birkenhead Wirral Merseyside, Inglaterra, el 1 de Julio de 1941.<\/p>\n<p style=\"text-align: justify;\">De peque\u00f1o curs\u00f3 estudios primarios y de mayor trabaj\u00f3 en el Ayuntamiento, dentro del departamento de jardiner\u00eda.<\/p>\n<p style=\"text-align: justify;\">Viaj\u00f3 como turista a varios lugares del Mundo y en uno de sus viajes que realiz\u00f3 a Espa\u00f1a conoce a la que hoy es su esposa Soledad Durnes Casa\u00f1al, escritora, periodista y bailarina dentro de sus aficiones.<\/p>\n<p style=\"text-align: justify;\">Participaron como pareja en los Campeonatos de Espa\u00f1a y Europa durante 12 a\u00f1os consecutivos, ganando puestos de campeones y obteniendo diversos trofeos.<\/p>\n<p style=\"text-align: justify;\">M\u00e1s adelante, su esposa le inicia en la pintura, descubri\u00e9ndole sus buenas facultades para ello. Se inscribe en las clases de la Universidad Popular de Torremolinos, donde aprende diversas t\u00e9cnicas que va desarrollando en sus lienzos semanalmente.<\/p>\n<p style=\"text-align: justify;\">Empieza por acuarelas y sigue con carboncillo, sepia, pastel, acr\u00edlico y \u00f3leo.<\/p>\n<p style=\"text-align: justify;\">Sus pinturas son variadas, cuenta con castillos, semidesnudos, paisajes, flores, bodegones, etc.<\/p>\n<p style=\"text-align: justify;\">Ya tiene en su haber m\u00e1s de 200 cuadros y piensa exponerlos para que sea admirado su trabajo en este mundo del arte cultural de la pintura.<\/p>\n<p><a href=\"http:\/\/granadacostanacional.es\/wp-content\/uploads\/2019\/10\/WhatsApp-Image-2019-10-02-at-13.26.19.jpeg\"><img decoding=\"async\" loading=\"lazy\" class=\"size-medium wp-image-21986 alignleft\" src=\"http:\/\/granadacostanacional.es\/wp-content\/uploads\/2019\/10\/WhatsApp-Image-2019-10-02-at-13.26.19-300x225.jpeg\" alt=\"WhatsApp Image 2019-10-02 at 13.26.19\" width=\"300\" height=\"225\" \/><\/a><a href=\"http:\/\/granadacostanacional.es\/wp-content\/uploads\/2019\/10\/WhatsApp-Image-2019-10-02-at-13.26.19-1.jpeg\"><img decoding=\"async\" loading=\"lazy\" class=\"size-medium wp-image-21985 alignleft\" src=\"http:\/\/granadacostanacional.es\/wp-content\/uploads\/2019\/10\/WhatsApp-Image-2019-10-02-at-13.26.19-1-225x300.jpeg\" alt=\"WhatsApp Image 2019-10-02 at 13.26.19 (1)\" width=\"225\" height=\"300\" \/><\/a><a href=\"http:\/\/granadacostanacional.es\/wp-content\/uploads\/2019\/10\/WhatsApp-Image-2019-10-02-at-13.26.18.jpeg\"><img decoding=\"async\" loading=\"lazy\" class=\"size-medium wp-image-21984 alignleft\" src=\"http:\/\/granadacostanacional.es\/wp-content\/uploads\/2019\/10\/WhatsApp-Image-2019-10-02-at-13.26.18-300x225.jpeg\" alt=\"WhatsApp Image 2019-10-02 at 13.26.18\" width=\"300\" height=\"225\" \/><\/a><\/p>\n<p style=\"text-align: justify;\"><a href=\"http:\/\/granadacostanacional.es\/wp-content\/uploads\/2019\/10\/WhatsApp-Image-2019-10-02-at-13.26.18-1.jpeg\"><img decoding=\"async\" loading=\"lazy\" class=\"size-medium wp-image-21983\" src=\"http:\/\/granadacostanacional.es\/wp-content\/uploads\/2019\/10\/WhatsApp-Image-2019-10-02-at-13.26.18-1-300x225.jpeg\" alt=\"WhatsApp Image 2019-10-02 at 13.26.18 (1)\" width=\"300\" height=\"225\" \/><\/a><\/p>\n<p style=\"text-align: justify;\">\n<p style=\"text-align: justify;\">\n<p style=\"text-align: justify;\">Thomas empez\u00f3 en 2008 a iniciarse en este arte de la pintura y aunque tiene alguna dificultad por su temblor en la mano derecha, es un pintor natural que gusta a la gente por su sencillez.<\/p>\n<p style=\"text-align: justify;\">Tiene pasi\u00f3n por la pintura y cogiendo una l\u00e1mina \u00e9l es feliz pintando todos los d\u00edas.<\/p>\n<p style=\"text-align: justify;\">Tiene infinidad de bocetos con los que se distrae y cuando termina un cuadro se queda satisfecho de s\u00ed mismo y se encandila mir\u00e1ndolo y mir\u00e1ndolo.<\/p>\n<p style=\"text-align: justify;\">Thomas es un buen hombre que en su pa\u00eds nunca se preocup\u00f3 por el arte y cuando vino a Espa\u00f1a empez\u00f3 a descubrir sus habilidades, cosa que \u00e9l se ve engrandecido por la gran oportunidad que le ha dado la vida para transmitir la belleza de sus cuadros y expresar lo que lleva dentro de su ser.<\/p>\n<p style=\"text-align: left;\"><a href=\"http:\/\/granadacostanacional.es\/wp-content\/uploads\/2019\/10\/WhatsApp-Image-2019-10-02-at-13.26.11.jpeg\"><img decoding=\"async\" loading=\"lazy\" class=\"size-medium wp-image-21981\" src=\"http:\/\/granadacostanacional.es\/wp-content\/uploads\/2019\/10\/WhatsApp-Image-2019-10-02-at-13.26.11-225x300.jpeg\" alt=\"WhatsApp Image 2019-10-02 at 13.26.11\" width=\"225\" height=\"300\" \/><\/a>\u00a0 \u00a0 \u00a0 \u00a0<a href=\"http:\/\/granadacostanacional.es\/wp-content\/uploads\/2019\/10\/WhatsApp-Image-2019-10-02-at-13.26.07.jpeg\"><img decoding=\"async\" loading=\"lazy\" class=\"size-medium wp-image-21978\" src=\"http:\/\/granadacostanacional.es\/wp-content\/uploads\/2019\/10\/WhatsApp-Image-2019-10-02-at-13.26.07-300x225.jpeg\" alt=\"WhatsApp Image 2019-10-02 at 13.26.07\" width=\"300\" height=\"225\" \/><\/a>\u00a0 \u00a0\u00a0<a href=\"http:\/\/granadacostanacional.es\/wp-content\/uploads\/2019\/10\/WhatsApp-Image-2019-10-02-at-13.26.00-1.jpeg\"><img decoding=\"async\" loading=\"lazy\" class=\"size-medium wp-image-21976\" src=\"http:\/\/granadacostanacional.es\/wp-content\/uploads\/2019\/10\/WhatsApp-Image-2019-10-02-at-13.26.00-1-225x300.jpeg\" alt=\"WhatsApp Image 2019-10-02 at 13.26.00 (1)\" width=\"225\" height=\"300\" \/><\/a>\u00a0 \u00a0 \u00a0<a href=\"http:\/\/granadacostanacional.es\/wp-content\/uploads\/2019\/10\/WhatsApp-Image-2019-10-02-at-13.26.25.jpeg\"><img decoding=\"async\" loading=\"lazy\" class=\"size-medium wp-image-21975\" src=\"http:\/\/granadacostanacional.es\/wp-content\/uploads\/2019\/10\/WhatsApp-Image-2019-10-02-at-13.26.25-300x225.jpeg\" alt=\"WhatsApp Image 2019-10-02 at 13.26.25\" width=\"300\" height=\"225\" \/><\/a><\/p>\n<p style=\"text-align: justify;\">Hoy tiene la oportunidad de tener su primera exposici\u00f3n con 17 cuadros. Anteriormente hab\u00eda expuesto algunos sueltos en algunos lugares de Torremolinos, incluso vendi\u00f3 tambi\u00e9n.<\/p>\n<p style=\"text-align: justify;\">La exposici\u00f3n que desarrolla en la Asociaci\u00f3n del Calvario, muy Cultural por cierto donde se pinta, se recita, se baila, se canta\u2026, ha tenido la oportunidad de exponer y con \u00e9xito, ya que es visitada por muchas personas, adem\u00e1s de que van muchos alumnos a las clases de todo un poco de dicha asociaci\u00f3n.<\/p>\n<p style=\"text-align: justify;\">La exposici\u00f3n permanecer\u00e1 todo el mes de Octubre. En su inauguraci\u00f3n se brind\u00f3 con champ\u00e1n y fue todo un \u00e9xito.<\/p>\n<p style=\"text-align: justify;\">Desde este peri\u00f3dico Granada Costa queremos darle las felicitaciones, dese\u00e1ndole muchos \u00e9xitos en sus pr\u00f3ximas exposiciones, que ya hay algo pendiente por Diputaci\u00f3n de M\u00e1laga.<\/p>\n<p style=\"text-align: justify;\">Ya recibi\u00f3 algunos diplomas por Granada Costa, por lo que les est\u00e1 muy agradecido.<\/p>\n<p style=\"text-align: justify;\">A pesar de estar pasando por momentos dif\u00edciles como es el c\u00e1ncer, creo est\u00e1 en sus mejores momentos art\u00edsticos y la pintura le sirve de terapia, ya que todos los d\u00edas Thom coge sus pinceles para alejarse de las enfermedades, es un ejemplo a seguir.<\/p>\n<p style=\"text-align: justify;\">\u00a1Felicidades THOMAS HENRY JONES, artista!<\/p>\n<p style=\"text-align: left;\"><a href=\"http:\/\/granadacostanacional.es\/wp-content\/uploads\/2019\/10\/WhatsApp-Image-2019-10-02-at-13.25.51.jpeg\"><img decoding=\"async\" loading=\"lazy\" class=\"size-medium wp-image-21989\" src=\"http:\/\/granadacostanacional.es\/wp-content\/uploads\/2019\/10\/WhatsApp-Image-2019-10-02-at-13.25.51-225x300.jpeg\" alt=\"WhatsApp Image 2019-10-02 at 13.25.51\" width=\"225\" height=\"300\" \/><\/a>\u00a0\u00a0<a href=\"http:\/\/granadacostanacional.es\/wp-content\/uploads\/2019\/10\/WhatsApp-Image-2019-10-02-at-13.25.43.jpeg\"><img decoding=\"async\" loading=\"lazy\" class=\"size-medium wp-image-21988\" src=\"http:\/\/granadacostanacional.es\/wp-content\/uploads\/2019\/10\/WhatsApp-Image-2019-10-02-at-13.25.43-300x225.jpeg\" alt=\"WhatsApp Image 2019-10-02 at 13.25.43\" width=\"300\" height=\"225\" \/><\/a>\u00a0 \u00a0<a href=\"http:\/\/granadacostanacional.es\/wp-content\/uploads\/2019\/10\/WhatsApp-Image-2019-10-02-at-13.25.39.jpeg\"><img decoding=\"async\" loading=\"lazy\" class=\"size-medium wp-image-21987\" src=\"http:\/\/granadacostanacional.es\/wp-content\/uploads\/2019\/10\/WhatsApp-Image-2019-10-02-at-13.25.39-225x300.jpeg\" alt=\"WhatsApp Image 2019-10-02 at 13.25.39\" width=\"225\" height=\"300\" \/><\/a><\/p>\n<p style=\"text-align: justify;\">\n<p style=\"text-align: justify;\">Soledad Durnes Casa\u00f1al<\/p>\n<p style=\"text-align: justify;\">Corresponsal por Granada Costa<\/p>\n","protected":false},"excerpt":{"rendered":"<p>Exposici\u00f3n en Asociaci\u00f3n el Calvario del pintor THOMAS HENRY JONES Nace en Birkenhead Wirral Merseyside, Inglaterra, el 1 de Julio&hellip;<\/p>\n","protected":false},"author":3,"featured_media":5986,"comment_status":"open","ping_status":"open","sticky":false,"template":"","format":"standard","meta":{"om_disable_all_campaigns":false,"_mi_skip_tracking":false,"_monsterinsights_sitenote_active":false,"_monsterinsights_sitenote_note":"","_monsterinsights_sitenote_category":0,"footnotes":""},"categories":[21,30],"tags":[],"aioseo_notices":[],"_links":{"self":[{"href":"https:\/\/granadacostaglobal.es\/index.php?rest_route=\/wp\/v2\/posts\/21973"}],"collection":[{"href":"https:\/\/granadacostaglobal.es\/index.php?rest_route=\/wp\/v2\/posts"}],"about":[{"href":"https:\/\/granadacostaglobal.es\/index.php?rest_route=\/wp\/v2\/types\/post"}],"author":[{"embeddable":true,"href":"https:\/\/granadacostaglobal.es\/index.php?rest_route=\/wp\/v2\/users\/3"}],"replies":[{"embeddable":true,"href":"https:\/\/granadacostaglobal.es\/index.php?rest_route=%2Fwp%2Fv2%2Fcomments&post=21973"}],"version-history":[{"count":0,"href":"https:\/\/granadacostaglobal.es\/index.php?rest_route=\/wp\/v2\/posts\/21973\/revisions"}],"wp:featuredmedia":[{"embeddable":true,"href":"https:\/\/granadacostaglobal.es\/index.php?rest_route=\/"}],"wp:attachment":[{"href":"https:\/\/granadacostaglobal.es\/index.php?rest_route=%2Fwp%2Fv2%2Fmedia&parent=21973"}],"wp:term":[{"taxonomy":"category","embeddable":true,"href":"https:\/\/granadacostaglobal.es\/index.php?rest_route=%2Fwp%2Fv2%2Fcategories&post=21973"},{"taxonomy":"post_tag","embeddable":true,"href":"https:\/\/granadacostaglobal.es\/index.php?rest_route=%2Fwp%2Fv2%2Ftags&post=21973"}],"curies":[{"name":"wp","href":"https:\/\/api.w.org\/{rel}","templated":true}]}}