{"id":21963,"date":"2019-10-02T11:55:21","date_gmt":"2019-10-02T11:55:21","guid":{"rendered":"http:\/\/granadacostanacional.es\/?p=21963"},"modified":"2019-10-02T11:55:21","modified_gmt":"2019-10-02T11:55:21","slug":"albaicin-dormido-en-su-silencio","status":"publish","type":"post","link":"https:\/\/granadacostaglobal.es\/?p=21963","title":{"rendered":"ALBAIC\u00cdN DORMIDO EN SU SILENCIO"},"content":{"rendered":"<p style=\"text-align: justify;\"><strong>\u00a0\u00a0\u00a0\u00a0\u00a0\u00a0 <\/strong><strong>Hizo Dios a Granada<\/strong><\/p>\n<p style=\"text-align: justify;\"><strong>\u00a0\u00a0\u00a0\u00a0\u00a0\u00a0\u00a0\u00a0\u00a0\u00a0\u00a0\u00a0\u00a0\u00a0\u00a0\u00a0\u00a0\u00a0\u00a0\u00a0\u00a0\u00a0\u00a0\u00a0\u00a0\u00a0\u00a0\u00a0\u00a0\u00a0\u00a0\u00a0\u00a0\u00a0\u00a0\u00a0\u00a0\u00a0\u00a0\u00a0\u00a0\u00a0\u00a0\u00a0\u00a0\u00a0 por si, un d\u00eda, le cansa su morada<\/strong><\/p>\n<p style=\"text-align: justify;\"><strong>\u00a0<\/strong><\/p>\n<p style=\"text-align: justify;\"><strong>E<\/strong>l Albaic\u00edn es una ciudad oculta y solitaria, dormida en su propia geograf\u00eda m\u00e1gica y hechizada. Una ciudad que vive a espaldas de la otra ciudad hermana: \u00a1Granada! Pero no es una hermana extra\u00f1a y olvidada, sino una hermana ligada por una historia de traiciones y ensangrentada por las luchas fratricidas que siempre han sucedido en este incomparable lugar a lo largo de 800 a\u00f1os. Por sus estrechas y empinadas calles, la sangre ha corrido, a veces, como un torrente perdi\u00e9ndose en silencio hasta alcanzar el r\u00edo Darro. Las traiciones han sido parte del devenir de las gentes que han vivido en este extra\u00f1o para\u00edso de silencio y de nostalgia, pero siempre supieron reponerse de las intrigas palaciegas y sortear con mayor o menor \u00e9xito todos los inconvenientes surgidos para poder seguir viviendo, muchas veces a disgustos y con recelo.<\/p>\n<p style=\"text-align: justify;\">\u00a0\u00a0\u00a0\u00a0\u00a0\u00a0\u00a0\u00a0\u00a0\u00a0\u00a0 El Albaic\u00edn siempre fue una ciudad de susurros, de pocas palabras, envuelta en un misterio cr\u00f3nico casi imperceptible, dada la inquietud y al misterio que, en las noches de invierno, se extend\u00eda como una niebla inquieta por todos los recovecos de sus diminutas calles. Incluso hoy, al pasear por esas calles de noche y solitariamente, no es raro volver la vista para atr\u00e1s, porque no es extra\u00f1o percibir como un susurro gesticulado por alg\u00fan acompa\u00f1ante no deseado, y en lo primero que se piensa es en un fantasma, que los hay y vagan permanentemente por el intrincado de calles y pasadizos de todo el Albaic\u00edn.<\/p>\n<p style=\"text-align: justify;\"><a href=\"http:\/\/granadacostanacional.es\/wp-content\/uploads\/2019\/10\/spain-2718126_1920.jpg\"><img decoding=\"async\" loading=\"lazy\" class=\"aligncenter size-large wp-image-21964\" src=\"http:\/\/granadacostanacional.es\/wp-content\/uploads\/2019\/10\/spain-2718126_1920-1024x575.jpg\" alt=\"spain-2718126_1920\" width=\"1024\" height=\"575\" \/><\/a><\/p>\n<p style=\"text-align: justify;\">\u00a0\u00a0\u00a0\u00a0\u00a0\u00a0\u00a0\u00a0\u00a0\u00a0\u00a0 Cu\u00e1ntos fantasmas de los que habitaron por estos intricados recovecos, calles como laberintos y plazoletas donde es due\u00f1o y se\u00f1or el silencio, vagan todav\u00eda, sin querer irse al otro lado de la l\u00ednea roja que separa ambos mundos: el de la vida y de la muerte, porque, a pesar de todas las traiciones y muertes sucedidas a lo largo de 800 a\u00f1os, quien ha vivido en el Albaic\u00edn o lo ha visitado nunca lo podr\u00e1 olvidar. Porque el Albaic\u00edn es una barriada paralela a la ciudad de Granada. Su visi\u00f3n se incrusta en el coraz\u00f3n para siempre. Por eso los granadinos, cuando se les pregunta si son de Granada, responden con orgullo: \u00a1yo vivo en el Albaic\u00edn!, y no a\u00f1aden nada m\u00e1s, eso lo dice todo. Decir Albaic\u00edn es rememorar toda su grandeza, la que ten\u00eda cuando los reyes andalus\u00edes viv\u00edan en la Alhambra. Pero a\u00fan hoy guarda todo el misterio y embrujo de anta\u00f1o. No hay nada m\u00e1s que dar un paseo por sus calles y comprobaremos asombrados toda la belleza latente que existe. No sin alguna interrogaci\u00f3n de sorpresa, nos percatamos de que nuevamente empieza a detectarse una nueva fisonom\u00eda comparable a cuando en ella viv\u00edan los andalus\u00edes, antes de su expulsi\u00f3n por los cristianos.<\/p>\n<p style=\"text-align: justify;\">\u00a0\u00a0\u00a0\u00a0\u00a0\u00a0\u00a0\u00a0\u00a0\u00a0\u00a0 El Albaic\u00edn va poco a poco resurgiendo de su olvido, resucitando, y es por eso por lo que, sin casi darse cuenta, los granadinos, tanto los del Albaic\u00edn como los de la ciudad baja, se van volviendo moros. Solamente hay que ver la gran mezquita construida en una de los miradores m\u00e1s emblem\u00e1ticos como es el de San Nicol\u00e1s, desde donde se divisa una de las panor\u00e1micas m\u00e1s espectaculares que imaginar se pueda. \u00bfQui\u00e9nes fueron las luminarias que permitieron que se construyera la gran mezquita en un paraje de tanto simbolismo para los musulmanes?, despu\u00e9s de esa metedura de pata, solamente me queda hacerme una reflexi\u00f3n: \u00abPoderoso caballero es don dinero\u00bb. Alg\u00fan d\u00eda se arrepentir\u00e1n de esa decisi\u00f3n. Espero equivocarme.<\/p>\n<p style=\"text-align: justify;\">\u00a0\u00a0\u00a0\u00a0\u00a0\u00a0\u00a0\u00a0\u00a0\u00a0\u00a0 Hoy en d\u00eda, el Albaic\u00edn es un remanso de paz, de sosiego y de silencio, solamente alterado por los cientos de turistas que, sorprendidos, pasean por sus calles hasta el famoso arco de las Pesas, en donde pueden degustar una cerveza y unas tapas, para recuperarse de la caminata al recorrer sus calles, en uno de los distintos bares existentes en la plaza, donde existen los famosos \u00abc\u00e1rmenes granadinos\u00bb, que son reductos de un mundo aparte, dentro de la idiosincrasia de este infinito barrio. C\u00e1rmenes que han sido habitados por poetas, escritores, pintores, m\u00fasicos y personajes de gran relevancia y categor\u00eda que han visitado Granada. Peque\u00f1os para\u00edsos para quien los habita, pero ajenos a los habitantes de esta hist\u00f3rica parte de Granada. Con m\u00faltiples placitas encantadoras y miradores sorprendentes en cuyo horizonte se divisa siempre la impresionante y archiconocida Alhambra.<\/p>\n<p style=\"text-align: justify;\">\u00a0\u00a0\u00a0\u00a0\u00a0\u00a0\u00a0\u00a0\u00a0\u00a0\u00a0 Debo decir que, aunque he transitado por estas calles y placitas en m\u00e1s de una ocasi\u00f3n, la vez que la recorr\u00ed con m\u00e1s acierto y provecho fue el d\u00eda que fui a Granada a dar una charla invitado por la instituci\u00f3n \u00ab<strong>Granada Hist\u00f3rica y cultural\u00bb<\/strong>. Pens\u00e9 que mi charla ser\u00eda en alg\u00fan local cerrado, pero mi sorpresa surgi\u00f3 al llegar al punto de encuentro: plaza Nueva. Me dijeron que el acto cultural se desarrollar\u00eda de la siguiente forma: al aire libre recorriendo el Albaic\u00edn, con diferentes paradas en donde deber\u00eda ir desarrollando mi charla, y a continuaci\u00f3n el director de la entidad hablar\u00eda sobre la historia de los edificios m\u00e1s emblem\u00e1ticos de nuestro recorrido y, aunque me sorprendi\u00f3 al principio, despu\u00e9s me result\u00f3 muy agradable, ya que nunca me hab\u00eda sucedido antes una cosa as\u00ed, creo si no me equivoco que \u00e9ramos unas cincuenta personas las que hicimos un provechoso recorrido hist\u00f3rico por dicho barrio (al menos en cuanto a la parte hist\u00f3rica). Gracias a Dios, no hab\u00eda ninguna persona de las que me podr\u00eda criticar. Entre esa cincuentena de personas hab\u00eda algunos amigos, entre ellos el poeta malague\u00f1o Rafael Alcal\u00e1, acompa\u00f1ado de Paloma, su esposa, que, aparte de decir que le gust\u00f3 mi intervenci\u00f3n, le sorprendi\u00f3 muy gratamente la forma del acto. Habl\u00e9 de Granada e intercal\u00e9 algunos poemas m\u00edos dedicados a la ciudad, en fin, fue\u00a0\u00a0\u00a0 \u2013creo\u2013 un \u00e9xito. Al finalizar me regalaron, entre otras cosas, una pieza de cristal tallado y decorado donde se reflejaba la edificaci\u00f3n en la que est\u00e1 ubicada la sede de dicha instituci\u00f3n, que es un antiqu\u00edsimo edificio restaurado.<\/p>\n<p style=\"text-align: justify;\">\u00a0\u00a0\u00a0\u00a0\u00a0\u00a0\u00a0\u00a0\u00a0\u00a0\u00a0 En fin, el Albaic\u00edn no es para ser contado por ning\u00fan poeta ni escritor, es para ser visitado y fotografiado con los ojos del alma, porque, por mucho que quieran aproximarse a su magia, no puedan describir con exactitud toda su grandeza y posiblemente eso sea bueno, ya que intentar descubrir su misterio y su verdadera historia siempre ser\u00e1 un deseo irrefrenable para los poetas y escritores. Por eso ning\u00fan poeta o escritor alcanza a desentra\u00f1ar su verdadera esencia. Misterio.<\/p>\n<p style=\"text-align: justify;\">\n<p style=\"text-align: justify;\">Marcelino Arellano Alabarces<\/p>\n<p style=\"text-align: justify;\">Palma de Mallorca<\/p>\n","protected":false},"excerpt":{"rendered":"<p>\u00a0\u00a0\u00a0\u00a0\u00a0\u00a0 Hizo Dios a Granada \u00a0\u00a0\u00a0\u00a0\u00a0\u00a0\u00a0\u00a0\u00a0\u00a0\u00a0\u00a0\u00a0\u00a0\u00a0\u00a0\u00a0\u00a0\u00a0\u00a0\u00a0\u00a0\u00a0\u00a0\u00a0\u00a0\u00a0\u00a0\u00a0\u00a0\u00a0\u00a0\u00a0\u00a0\u00a0\u00a0\u00a0\u00a0\u00a0\u00a0\u00a0\u00a0\u00a0\u00a0\u00a0\u00a0 por si, un d\u00eda, le cansa su morada \u00a0 El Albaic\u00edn es una ciudad&hellip;<\/p>\n","protected":false},"author":2,"featured_media":11995,"comment_status":"open","ping_status":"open","sticky":false,"template":"","format":"standard","meta":{"om_disable_all_campaigns":false,"_mi_skip_tracking":false,"_monsterinsights_sitenote_active":false,"_monsterinsights_sitenote_note":"","_monsterinsights_sitenote_category":0,"footnotes":""},"categories":[21],"tags":[],"aioseo_notices":[],"_links":{"self":[{"href":"https:\/\/granadacostaglobal.es\/index.php?rest_route=\/wp\/v2\/posts\/21963"}],"collection":[{"href":"https:\/\/granadacostaglobal.es\/index.php?rest_route=\/wp\/v2\/posts"}],"about":[{"href":"https:\/\/granadacostaglobal.es\/index.php?rest_route=\/wp\/v2\/types\/post"}],"author":[{"embeddable":true,"href":"https:\/\/granadacostaglobal.es\/index.php?rest_route=\/wp\/v2\/users\/2"}],"replies":[{"embeddable":true,"href":"https:\/\/granadacostaglobal.es\/index.php?rest_route=%2Fwp%2Fv2%2Fcomments&post=21963"}],"version-history":[{"count":0,"href":"https:\/\/granadacostaglobal.es\/index.php?rest_route=\/wp\/v2\/posts\/21963\/revisions"}],"wp:featuredmedia":[{"embeddable":true,"href":"https:\/\/granadacostaglobal.es\/index.php?rest_route=\/"}],"wp:attachment":[{"href":"https:\/\/granadacostaglobal.es\/index.php?rest_route=%2Fwp%2Fv2%2Fmedia&parent=21963"}],"wp:term":[{"taxonomy":"category","embeddable":true,"href":"https:\/\/granadacostaglobal.es\/index.php?rest_route=%2Fwp%2Fv2%2Fcategories&post=21963"},{"taxonomy":"post_tag","embeddable":true,"href":"https:\/\/granadacostaglobal.es\/index.php?rest_route=%2Fwp%2Fv2%2Ftags&post=21963"}],"curies":[{"name":"wp","href":"https:\/\/api.w.org\/{rel}","templated":true}]}}