{"id":21904,"date":"2019-09-24T10:28:57","date_gmt":"2019-09-24T10:28:57","guid":{"rendered":"http:\/\/granadacostanacional.es\/?p=21904"},"modified":"2019-09-24T10:28:57","modified_gmt":"2019-09-24T10:28:57","slug":"esta-lloviendo-y-ya-estamos-en-septiembre","status":"publish","type":"post","link":"https:\/\/granadacostaglobal.es\/?p=21904","title":{"rendered":"EST\u00c1 LLOVIENDO y YA ESTAMOS EN SEPTIEMBRE"},"content":{"rendered":"<p>Est\u00e1 lloviendo y aumenta mi tristeza. Mi coraz\u00f3n, con pereza, no se quiere despertar. Quiz\u00e1 la lluvia podr\u00e1, con sus l\u00e1grimas que vienen del cielo, darme un poco de consuelo para poder olvidarte. Se despert\u00f3 a medianoche mirando si el reflejo del agua pod\u00eda encontrar aquella risa que un d\u00eda cambi\u00f3, en una segunda piel, de soledad se visti\u00f3. Busc\u00f3 respuesta en el aire mientras el mar le arrop\u00f3, pidi\u00f3 ayuda a su estrella que le abandon\u00f3. Pues olvid\u00f3 llorar, llorar es purgar la pena, deshidratar todo el miedo que hay en ti. Es sudar la angustia que te llena, es llover la tristeza para poder ser feliz. Cierra los ojos, abre el coraz\u00f3n y aprende a ver con los ojos del alma. Ella oy\u00f3, le hablaba el viento, le hablaba una flor con la cadencia que tiene un susurro de amor. Deja salir los fantasmas que amargan besos y dan, a cambio de tus silencios, acopio de ansiedad mutilada y paz. Llorar es purgar la pena, deshidratar todo el miedo que hay en ti. Es sudar la angustia que te llena. \u00a1Esc\u00fachame, soy una joven!, \u00a1No castres tu rabia!, \u00a1Que tu alma escupa el dolor! Que llueva la tristeza al llorar y que sacie la amargura y su sed. Las l\u00e1grimas son el jab\u00f3n que limpia de penas tu piel. Llorar es purgar la pena, deshidratar todo el miedo que hay en ti. Es sudar la angustia que te llena, es llover la tristeza para poder ser feliz.<\/p>\n<p><a href=\"http:\/\/granadacostanacional.es\/wp-content\/uploads\/2019\/09\/image001.jpg\"><img decoding=\"async\" loading=\"lazy\" class=\"aligncenter size-full wp-image-21905\" src=\"http:\/\/granadacostanacional.es\/wp-content\/uploads\/2019\/09\/image001.jpg\" alt=\"image001\" width=\"572\" height=\"763\" \/><\/a><\/p>\n<p>Llorar es purgar la pena, deshidratar todo el miedo que hay en ti, es sudar la angustia que te llena. \u00a1Escucha, soy mayor!, \u00a1No castres tu rabia!, \u00a1Que tu alma escupa el dolor! La lluvia ha besado al jard\u00edn provinciano, dejando emocionantes cadencias en las hojas. El aroma sereno de la tierra mojada inunda el coraz\u00f3n de una tristeza remota. Se rasgan nubes grises en el mudo horizonte. Sobre el agua dormida de la fuente, las gotas se clavan, levantando claras perlas de espuma, fuegos fatuos que apagan el temblor de las ondas. La pena de la tarde estremece a mi pena, se ha llenado el jard\u00edn de ternura mon\u00f3tona. Todo mi sufrimiento se ha de perder, Dios m\u00edo, \u00bfc\u00f3mo se pierde el dulce sonido de las frondas?, todo el eco de estrellas que guardo sobre el alma, \u00bfser\u00e1 la luz la que me ayude a luchar con mi forma?, \u00bfY el alma verdadera se despertar\u00e1 en la muerte? y eso que ahora pienso que se la tragar\u00e1 la sombra, \u00a1Oh, qu\u00e9 tranquilidad da jard\u00edn con la lluvia! Todo el paisaje casto mi coraz\u00f3n transforma, en un ruido de ideas humildes y apenadas que pone en mis entra\u00f1as cuando baten las alas de las palomas. Sale el sol. El jard\u00edn se desangra en amarillo. Late sobre el ambiente una pena que ahoga, yo siento la nostalgia de mi infancia intranquila, mi ilusi\u00f3n de ser grande en el amor, las horas pasadas como \u00e9sta, contemplando la lluvia con tristeza nativa. Caperucita rojeaba por el sendero, se fueron mis historias, hoy medito, confusa, ante la fuente turbia que del amor me brota. Todo mi sufrimiento se ha de perder, Dios m\u00edo, como se pierde el dulce sonido de las frondas. Vuelve a llover.<\/p>\n<p><a href=\"http:\/\/granadacostanacional.es\/wp-content\/uploads\/2019\/09\/image003-2.jpg\"><img decoding=\"async\" loading=\"lazy\" class=\"aligncenter size-full wp-image-21906\" src=\"http:\/\/granadacostanacional.es\/wp-content\/uploads\/2019\/09\/image003-2.jpg\" alt=\"image003\" width=\"500\" height=\"666\" \/><\/a><\/p>\n<p>El viento va trayendo las sombras. Hoy y siempre, amiga querida, sabr\u00e1s que el dolor tambi\u00e9n une m\u00e1s all\u00e1 de los corazones, el tuyo con el m\u00edo, y el m\u00edo con el tuyo. Levanta la frente, seca esas l\u00e1grimas, deja que las violetas de tus ojeras tornen en bellas primaveras sin que tu alma se llene de l\u00e1stima. No hay pena que por bien no venga, solamente no se puede remediar aquella nefasta suerte que nos quita todo, la eterna muerte. Dame tu mano, \u00bflo ves?, abrazo con abrazo, caricia con caricia y vamos tendiendo lazos, los que jam\u00e1s se romper\u00e1n, ni nunca ni siempre. Quien tiene una amiga, la tierra es su cielo y el cielo es el alma que le da consuelo, quien tiene una amiga la lleva en su seno, latiendo en el pecho su m\u00e1s bello anhelo. Mi hogar es cobijo para ti, mi amiga, para calmar tus penas y darte alegr\u00eda, mi hogar es mi nido y es m\u00e1s dulce compartirlo contigo.<\/p>\n<p><a href=\"http:\/\/granadacostanacional.es\/wp-content\/uploads\/2019\/09\/image005-2.jpg\"><img decoding=\"async\" loading=\"lazy\" class=\"aligncenter size-large wp-image-21907\" src=\"http:\/\/granadacostanacional.es\/wp-content\/uploads\/2019\/09\/image005-2.jpg\" alt=\"image005\" width=\"565\" height=\"753\" \/><\/a> <a href=\"http:\/\/granadacostanacional.es\/wp-content\/uploads\/2019\/09\/image007-1.jpg\"><img decoding=\"async\" loading=\"lazy\" class=\"aligncenter size-large wp-image-21908\" src=\"http:\/\/granadacostanacional.es\/wp-content\/uploads\/2019\/09\/image007-1.jpg\" alt=\"image007\" width=\"534\" height=\"712\" \/><\/a><\/p>\n<p style=\"text-align: center;\"><strong>YA ESTAMOS EN SEPTIEMBRE<\/strong><\/p>\n<p style=\"text-align: center;\"><em>A mi Granada Costa<\/em><\/p>\n<p style=\"text-align: center;\"><em>\u00a0<\/em><\/p>\n<p style=\"text-align: center;\">En invierno hace fr\u00edo y espero a la primavera,<\/p>\n<p style=\"text-align: center;\">\u00a0salen las hojas, mi Dios, solo tengo dolores,<\/p>\n<p style=\"text-align: center;\">pero me consuelo porque comienzo a ver las flores<\/p>\n<p style=\"text-align: center;\">y tengo esperanza al saber que viene el verano.<\/p>\n<p style=\"text-align: center;\">\n<p style=\"text-align: center;\">Pero los a\u00f1os no perdonan<\/p>\n<p style=\"text-align: center;\">y yo pienso que el agua del mar es buena y cura,<\/p>\n<p style=\"text-align: center;\">pero es triste que en ella no me mantengo<\/p>\n<p style=\"text-align: center;\">de peque\u00f1a me cortaron la alimentaci\u00f3n y luch\u00e9 al final de mi vida<\/p>\n<p style=\"text-align: center;\">\n<p style=\"text-align: center;\">no tengo salvaci\u00f3n, caigo y no hay perd\u00f3n,<\/p>\n<p style=\"text-align: center;\">mi Dios, \u00a1tanto trabaj\u00e9 en la vida!<\/p>\n<p style=\"text-align: center;\">\u00a0Y termina en una ruina con las rodillas en la tierra<\/p>\n<p style=\"text-align: center;\">como si hubiese ocurrido una guerra en mis miembros.<\/p>\n<p style=\"text-align: center;\">\n<p style=\"text-align: center;\">Estos est\u00e1n usados y ya no pueden con el dolor,<\/p>\n<p style=\"text-align: center;\">sin embargo, yo esper\u00e9 mucho al verano<\/p>\n<p style=\"text-align: center;\">para que, mi enfermedad, pudiese darme<\/p>\n<p style=\"text-align: center;\">un poco de descanso y esperanza<\/p>\n<p style=\"text-align: center;\">\n<p style=\"text-align: center;\">para escribir poemas de amor<\/p>\n<p style=\"text-align: center;\">a todos los amigos de mi familia adoptiva,<\/p>\n<p style=\"text-align: center;\">\u00a0Granada Costa, pues nunca pens\u00e9<\/p>\n<p style=\"text-align: center;\">tener un hermano de coraz\u00f3n<\/p>\n<p style=\"text-align: center;\">\n<p style=\"text-align: center;\">porque los de sangre me abandonaron sin perd\u00f3n.<\/p>\n<p style=\"text-align: center;\">Nunca pens\u00e9 que entrar\u00eda en Granada Costa<\/p>\n<p style=\"text-align: center;\">y ser\u00eda tan querida por esta familia verdadera,<\/p>\n<p style=\"text-align: center;\">aunque en medio de un ramo de flores<\/p>\n<p style=\"text-align: center;\">\n<p style=\"text-align: center;\">hay siempre algunas que nos gustan m\u00e1s<\/p>\n<p style=\"text-align: center;\">yo siempre me hago la inocente,<\/p>\n<p style=\"text-align: center;\">para m\u00ed, sean rojas o amarillas, siempre hago que me gustan<\/p>\n<p style=\"text-align: center;\">pero en realidad cuando son rosas me gustan m\u00e1s.<\/p>\n<p style=\"text-align: center;\">\n<p style=\"text-align: center;\">La margarita es una flor menos ofrecida<\/p>\n<p style=\"text-align: center;\">pero yo que viv\u00ed una vida dolorida,<\/p>\n<p style=\"text-align: center;\">sonr\u00edo siempre a la vida y siempre fui agradecida,<\/p>\n<p style=\"text-align: center;\">me gusta toda la gente, incluso si hablan de m\u00ed por detr\u00e1s<\/p>\n<p style=\"text-align: center;\">\n<p style=\"text-align: center;\">y me ponen sonrisas por delante. De todos modos,<\/p>\n<p style=\"text-align: center;\">pas\u00f3 el invierno y la primavera. El verano se est\u00e1 acabando<\/p>\n<p style=\"text-align: center;\">y el oto\u00f1o llegando, los problemas no est\u00e1n terminando<\/p>\n<p style=\"text-align: center;\">y mi salud me est\u00e1 condenando,<\/p>\n<p style=\"text-align: center;\">\n<p style=\"text-align: center;\">pero estoy llorando y sollozando, contin\u00fao sufriendo,<\/p>\n<p style=\"text-align: center;\">lucho por vivir, mal amada por unos y querida por otros.<\/p>\n<p style=\"text-align: center;\">Mi memoria en Granada Costa quiero dejar,<\/p>\n<p style=\"text-align: center;\">espero que el d\u00eda de mi muerte me vengan a acompa\u00f1ar.<\/p>\n<p style=\"text-align: center;\">\n<p style=\"text-align: right;\">Francelina Robin<\/p>\n","protected":false},"excerpt":{"rendered":"<p>Est\u00e1 lloviendo y aumenta mi tristeza. Mi coraz\u00f3n, con pereza, no se quiere despertar. Quiz\u00e1 la lluvia podr\u00e1, con sus&hellip;<\/p>\n","protected":false},"author":2,"featured_media":19434,"comment_status":"open","ping_status":"open","sticky":false,"template":"","format":"standard","meta":{"om_disable_all_campaigns":false,"_mi_skip_tracking":false,"_monsterinsights_sitenote_active":false,"_monsterinsights_sitenote_note":"","_monsterinsights_sitenote_category":0,"footnotes":""},"categories":[21],"tags":[],"aioseo_notices":[],"_links":{"self":[{"href":"https:\/\/granadacostaglobal.es\/index.php?rest_route=\/wp\/v2\/posts\/21904"}],"collection":[{"href":"https:\/\/granadacostaglobal.es\/index.php?rest_route=\/wp\/v2\/posts"}],"about":[{"href":"https:\/\/granadacostaglobal.es\/index.php?rest_route=\/wp\/v2\/types\/post"}],"author":[{"embeddable":true,"href":"https:\/\/granadacostaglobal.es\/index.php?rest_route=\/wp\/v2\/users\/2"}],"replies":[{"embeddable":true,"href":"https:\/\/granadacostaglobal.es\/index.php?rest_route=%2Fwp%2Fv2%2Fcomments&post=21904"}],"version-history":[{"count":0,"href":"https:\/\/granadacostaglobal.es\/index.php?rest_route=\/wp\/v2\/posts\/21904\/revisions"}],"wp:featuredmedia":[{"embeddable":true,"href":"https:\/\/granadacostaglobal.es\/index.php?rest_route=\/"}],"wp:attachment":[{"href":"https:\/\/granadacostaglobal.es\/index.php?rest_route=%2Fwp%2Fv2%2Fmedia&parent=21904"}],"wp:term":[{"taxonomy":"category","embeddable":true,"href":"https:\/\/granadacostaglobal.es\/index.php?rest_route=%2Fwp%2Fv2%2Fcategories&post=21904"},{"taxonomy":"post_tag","embeddable":true,"href":"https:\/\/granadacostaglobal.es\/index.php?rest_route=%2Fwp%2Fv2%2Ftags&post=21904"}],"curies":[{"name":"wp","href":"https:\/\/api.w.org\/{rel}","templated":true}]}}