{"id":21894,"date":"2019-09-24T10:25:15","date_gmt":"2019-09-24T10:25:15","guid":{"rendered":"http:\/\/granadacostanacional.es\/?p=21894"},"modified":"2019-09-24T10:25:15","modified_gmt":"2019-09-24T10:25:15","slug":"522-anos-de-historia-compartida","status":"publish","type":"post","link":"https:\/\/granadacostaglobal.es\/?p=21894","title":{"rendered":"522 A\u00d1OS DE HISTORIA COMPARTIDA"},"content":{"rendered":"<p style=\"text-align: justify;\">22 de Septiembre,\u00a0 en una espl\u00e9ndida ma\u00f1ana, en este casi principio del Oto\u00f1o, la Casa de Melilla en Valencia, visti\u00f3 sus mejores galas para celebrar como se merece nuestras fiestas m\u00e1s entra\u00f1ables, aunando la celebraci\u00f3n de una Santa Misa en Honor de nuestra Patrona la Virgen de la Victoria.<\/p>\n<p style=\"text-align: justify;\"><a href=\"http:\/\/granadacostanacional.es\/wp-content\/uploads\/2019\/09\/IMG-20190922-WA0005.jpg\"><img decoding=\"async\" loading=\"lazy\" class=\"aligncenter size-large wp-image-21896\" src=\"http:\/\/granadacostanacional.es\/wp-content\/uploads\/2019\/09\/IMG-20190922-WA0005-497x1024.jpg\" alt=\"IMG-20190922-WA0005\" width=\"497\" height=\"1024\" \/><\/a><\/p>\n<p style=\"text-align: justify;\">\u00a0\u00a0\u00a0\u00a0\u00a0\u00a0\u00a0\u00a0\u00a0\u00a0\u00a0 Y el posterior Acto institucional en la Sede por el del d\u00eda de la Ciudad Aut\u00f3noma de\u00a0 Melilla.<\/p>\n<p style=\"text-align: justify;\">\u00a0\u00a0\u00a0\u00a0\u00a0\u00a0\u00a0\u00a0\u00a0\u00a0\u00a0 La Misa con ofrenda floral a nuestra Patrona fue oficiada por el titular de la Parroquia\u00a0 el reverendo padre D. Jos\u00e9 Antonio Todol\u00ed, la imagen de la virgen estuvo arropada por las damas de la Virgen de la Victoria de la Casa de Melilla, as\u00ed como Autoridades, Casas Regionales, fallas, y asociaciones culturales valencianas, y por todos los socios, amigos y simpatizantes.<\/p>\n<p style=\"text-align: justify;\">\u00a0\u00a0\u00a0\u00a0\u00a0\u00a0\u00a0\u00a0\u00a0\u00a0\u00a0 Finalizada la Misa, en la Sede tuvo lugar el Acto Institucional con unas breves pero emotivas palabras del presidente Sr. Caras Toledo, que destac\u00f3 nuestras ra\u00edces que se pierden en el tiempo, nuestro pasado hist\u00f3rico, y nuestro presente, tuvo palabras de agradecimiento a todos los que hoy se han sumado a esta celebraci\u00f3n, y tras escuchar los Himnos de Melilla, de Valencia y el de Espa\u00f1a, se brind\u00f3\u00a0 por nuestra tierra de origen, por nuestra tierra de acogida y por Espa\u00f1a Patria com\u00fan de todos los espa\u00f1oles.<\/p>\n<p style=\"text-align: justify;\">\u00a0\u00a0\u00a0\u00a0\u00a0\u00a0\u00a0\u00a0\u00a0\u00a0\u00a0 Una magnifica jornada, donde brill\u00f3 la amistad, la camarader\u00eda entre todas las instituciones y con el deseo de celebrar muchos a\u00f1os m\u00e1s estos acontecimientos.<\/p>\n<p style=\"text-align: justify;\"><a href=\"http:\/\/granadacostanacional.es\/wp-content\/uploads\/2019\/09\/IMG-20190922-WA0026.jpg\"><img decoding=\"async\" loading=\"lazy\" class=\"aligncenter size-large wp-image-21897\" src=\"http:\/\/granadacostanacional.es\/wp-content\/uploads\/2019\/09\/IMG-20190922-WA0026-1024x497.jpg\" alt=\"IMG-20190922-WA0026\" width=\"1024\" height=\"497\" \/><\/a> <a href=\"http:\/\/granadacostanacional.es\/wp-content\/uploads\/2019\/09\/IMG-20190922-WA0018.jpg\"><img decoding=\"async\" loading=\"lazy\" class=\"aligncenter size-large wp-image-21898\" src=\"http:\/\/granadacostanacional.es\/wp-content\/uploads\/2019\/09\/IMG-20190922-WA0018-1024x497.jpg\" alt=\"IMG-20190922-WA0018\" width=\"1024\" height=\"497\" \/><\/a> <a href=\"http:\/\/granadacostanacional.es\/wp-content\/uploads\/2019\/09\/IMG-20190922-WA0021.jpg\"><img decoding=\"async\" loading=\"lazy\" class=\"aligncenter size-large wp-image-21899\" src=\"http:\/\/granadacostanacional.es\/wp-content\/uploads\/2019\/09\/IMG-20190922-WA0021-1024x497.jpg\" alt=\"IMG-20190922-WA0021\" width=\"1024\" height=\"497\" \/><\/a><\/p>\n<p style=\"text-align: justify;\">Equipo de redacci\u00f3n de la Casa de Melilla<\/p>\n","protected":false},"excerpt":{"rendered":"<p>22 de Septiembre,\u00a0 en una espl\u00e9ndida ma\u00f1ana, en este casi principio del Oto\u00f1o, la Casa de Melilla en Valencia, visti\u00f3&hellip;<\/p>\n","protected":false},"author":2,"featured_media":21895,"comment_status":"open","ping_status":"open","sticky":false,"template":"","format":"standard","meta":{"om_disable_all_campaigns":false,"_mi_skip_tracking":false,"_monsterinsights_sitenote_active":false,"_monsterinsights_sitenote_note":"","_monsterinsights_sitenote_category":0,"footnotes":""},"categories":[21],"tags":[],"aioseo_notices":[],"_links":{"self":[{"href":"https:\/\/granadacostaglobal.es\/index.php?rest_route=\/wp\/v2\/posts\/21894"}],"collection":[{"href":"https:\/\/granadacostaglobal.es\/index.php?rest_route=\/wp\/v2\/posts"}],"about":[{"href":"https:\/\/granadacostaglobal.es\/index.php?rest_route=\/wp\/v2\/types\/post"}],"author":[{"embeddable":true,"href":"https:\/\/granadacostaglobal.es\/index.php?rest_route=\/wp\/v2\/users\/2"}],"replies":[{"embeddable":true,"href":"https:\/\/granadacostaglobal.es\/index.php?rest_route=%2Fwp%2Fv2%2Fcomments&post=21894"}],"version-history":[{"count":0,"href":"https:\/\/granadacostaglobal.es\/index.php?rest_route=\/wp\/v2\/posts\/21894\/revisions"}],"wp:featuredmedia":[{"embeddable":true,"href":"https:\/\/granadacostaglobal.es\/index.php?rest_route=\/"}],"wp:attachment":[{"href":"https:\/\/granadacostaglobal.es\/index.php?rest_route=%2Fwp%2Fv2%2Fmedia&parent=21894"}],"wp:term":[{"taxonomy":"category","embeddable":true,"href":"https:\/\/granadacostaglobal.es\/index.php?rest_route=%2Fwp%2Fv2%2Fcategories&post=21894"},{"taxonomy":"post_tag","embeddable":true,"href":"https:\/\/granadacostaglobal.es\/index.php?rest_route=%2Fwp%2Fv2%2Ftags&post=21894"}],"curies":[{"name":"wp","href":"https:\/\/api.w.org\/{rel}","templated":true}]}}