{"id":21820,"date":"2019-09-19T15:32:14","date_gmt":"2019-09-19T15:32:14","guid":{"rendered":"http:\/\/granadacostanacional.es\/?p=21820"},"modified":"2019-09-19T15:32:14","modified_gmt":"2019-09-19T15:32:14","slug":"vamos-alla-un-viaje-al-cielo-alfredo-amestoy","status":"publish","type":"post","link":"https:\/\/granadacostaglobal.es\/?p=21820","title":{"rendered":"\u00a1VAMOS ALL\u00c1! UN VIAJE AL CIELO Alfredo  Amestoy"},"content":{"rendered":"<p style=\"text-align: justify;\">Que inesperado, e indecible fue aquel encuentro con el pasado, \u00e9ste que tarde o temprano siempre vuelve y nos sorprende asido de incertidumbre, en estas horas tard\u00edas, en el solsticio de la vida, cuando huye la juventud ligera y su gracia, que en el caso que nos ocupa fue m\u00e1s bien sutil d\u00e1diva del soberano Cielo. Y tuvo que ser en el Sur de la Pen\u00ednsula, al sur\u00a0 de la Meseta de Castilla, a sotavento de la Penib\u00e9tica, a sotavento del B\u00f3reas, al sur de casi todo, el Mar de Albor\u00e1n, Motril, en el restaurante Katena, el pasado 14 de Septiembre; despu\u00e9s de departir y compartir mesa tuvo lugar la presentaci\u00f3n del \u00faltimo libro de Alfredo Amestoy,\u00a0 \u201c\u00a1Vamos All\u00e1! Un Viaje al Cielo\u201d.<\/p>\n<p style=\"text-align: justify;\"><a href=\"http:\/\/granadacostanacional.es\/wp-content\/uploads\/2019\/09\/IMG_6469.jpg\"><img decoding=\"async\" loading=\"lazy\" class=\"aligncenter size-large wp-image-21821\" src=\"http:\/\/granadacostanacional.es\/wp-content\/uploads\/2019\/09\/IMG_6469-1024x747.jpg\" alt=\"IMG_6469\" width=\"1024\" height=\"747\" \/><\/a><\/p>\n<p style=\"text-align: justify;\">\u00a0\u00a0\u00a0\u00a0\u00a0 \u00a0Libro recopilatorio de 25 art\u00edculos de opini\u00f3n aparecidos en\u00a0 Prensa nacional, salvo alguna excepci\u00f3n, en la Revista \u201cAlfa y Omega\u201d de\u00a0 ABC, a partir del a\u00f1o 2001 hasta el presente, con solo su portada, -tan original y expl\u00edcita, con dulcedumbre e iron\u00eda a un mismo tiempo-, un globo en vuelo ascendente hacia el \u201cM\u00e1s All\u00e1\u201d, con los colores albo y gualda del Estado Vaticano, ya tendr\u00eda el camino libre para la Gloria, por las indulgencias plenarias que tendr\u00eda si al Papa Francisco, le llegara el libro, aunque un ala ultraortodoxa de aviesos cardenales estar\u00edan reticentes, y m\u00e1s a\u00fan que el \u201cAlfil peregrino\u201d arribara a tal altura y tocara el cielo. Al\u00a0 iniciar mis estudios universitarios en la Facultad de Letras de Granada en 1966, fue cuando en TVE, entonces en blanco y negro, conoc\u00ed a trav\u00e9s de la pantalla a un periodista, inteligente, agud\u00edsimo, creativo, mordaz y vasco, con grandes dosis de humor y a trav\u00e9s de sus palabras se intu\u00eda mucho m\u00e1s de lo que dec\u00eda. Y he aqu\u00ed, al personaje, y a la persona que tuve a mi lado, como en el pasado llen\u00f3 todo un mundo que cre\u00eda tener en el olvido. Persona entra\u00f1able, intuitiva, mordaz, afable y gran conversador, ya m\u00e1s comedido por el decurso de los a\u00f1os, pero con el mismo corte de pelo, ahora albino, y con la misma capacidad para sorprendernos gratamente.<\/p>\n<p style=\"text-align: justify;\">Ser\u00eda\u00a0 in\u00fatil debatir o\u00a0 hablar de cada art\u00edculo, de este libro, por la diversidad de tem\u00e1ticas abarcadas, hechos, entrevistas, pol\u00edticos, personajes famosos, del cine americano, espa\u00f1ol y europeo, de la televisi\u00f3n, del periodismo, etc. Escritor prolijo, ensayista, autor teatral, emprendedor, uno de los periodistas m\u00e1s populares de\u00a0 Televisi\u00f3n Espa\u00f1ola\u2026 Con este libro Amestoy ha dado un manuscrito espl\u00e9ndido al mundo de las publicaciones y de las prensas.<\/p>\n<p style=\"text-align: justify;\"><a href=\"http:\/\/granadacostanacional.es\/wp-content\/uploads\/2019\/09\/IMG_6459.jpg\"><img decoding=\"async\" loading=\"lazy\" class=\"aligncenter size-large wp-image-21822\" src=\"http:\/\/granadacostanacional.es\/wp-content\/uploads\/2019\/09\/IMG_6459-1024x682.jpg\" alt=\"IMG_6459\" width=\"1024\" height=\"682\" \/><\/a><\/p>\n<p style=\"text-align: justify;\">Hombre poli\u00e9drico, es sorprendente cierto paralelismo, en su infancia, vida familiar, cristiana, con la m\u00eda en donde viv\u00ed rodeado de naranjos y diamelas, y un jard\u00edn de dalias, narcisos y nardos. Donde todas las tardes que recuerde \u00a0desde 1955, se rezaba en el cortijo de mi abuela Isabel, el rosario, con la letan\u00eda en lat\u00edn, <em>\u201ccomo Dios manda<\/em>\u201d dec\u00eda mi t\u00eda Maravillas, que de memoria declamaba con soltura horaciana, y a la misma hora, despu\u00e9s de o\u00edr en Radio Nacional, \u201del Parte\u201d a las 8 de la noche, en el porche donde crec\u00eda una dulc\u00edsima glicinia; siempre y cuando no hubiera alg\u00fan recio luto en la familia, pues entonces la radio quedaba muda, ella con el paso de los a\u00f1os a todo duelo acud\u00eda, sigilosa a las exequias, de azabache se vest\u00eda, entre incienso, cirio y cera, por capilla o sacrist\u00eda.<\/p>\n<p style=\"text-align: justify;\">Para mi hay un hilo conductor en todos y cada uno de ellos, y es la intuici\u00f3n y presencia de Cristo Jes\u00fas, El Unig\u00e9nito. \u00a0\u00a0\u00a0\u00a0Su Majestad Serena cual eterno manantial, de encumbrada complacencia, envi\u00f3 al mundo a Cristo, El Eviterno,\u00a0 para guiar al hombre a su presencia, rindiendo el mortal da\u00f1o del averno.<\/p>\n<p style=\"text-align: justify;\">Alfredo Amestoy cree y ama a Jes\u00fas en su vida, adalid, en sus escritos y espera llegar al Cielo.<\/p>\n<p style=\"text-align: justify;\">Presumiblemente, en su tierra natal, Bilbao, ir\u00eda como yo lo hice, \u00a0a misa del Alba, y quiz\u00e1s escribiera como yo, este poema m\u00edo en endecas\u00edlabos, <em>\u201cSoneto<\/em>\u201d, aunque podr\u00eda ser \u00e9l, u otro cualquiera quien lo escribiera\u2026;<\/p>\n<p style=\"text-align: justify;\">\u00a0\u00a0\u00a0 \u201c<em>De madrugada daban las seis, enero\/ amanec\u00eda al silbo hondo del gallo,\/ el aviso me izaba como el rayo,\/ agua caliente, jab\u00f3n, y un caldero.<\/em><\/p>\n<p style=\"text-align: justify;\"><em>\u00a0\u00a0\u00a0\u00a0 A prisa, y a oscuras, por el sendero\/ mediaba el miedo, medio desmayo,\/ alumbraba Marte igual que en mayo,\/ y los labios fruncidos por entero.<\/em><\/p>\n<p style=\"text-align: justify;\"><em>\u00a0\u00a0\u00a0 Al toque de laudes, a la carrera,\/ vi helados los remansos del r\u00edo, y en la iglesia, serm\u00f3n, limosna y cera.<\/em><\/p>\n<p style=\"text-align: justify;\"><em>\u00a0\u00a0\u00a0 Tres narcisos perlados de roc\u00edo,\/ ofrenda y gala a la misa primera,\/ la de Alba, un recuerdo de mi villa y m\u00edo\u201d.<\/em><\/p>\n<p style=\"text-align: justify;\"><em>\u00a0<a href=\"http:\/\/granadacostanacional.es\/wp-content\/uploads\/2019\/09\/IMG_6525.jpg\"><img decoding=\"async\" loading=\"lazy\" class=\"aligncenter size-large wp-image-21823\" src=\"http:\/\/granadacostanacional.es\/wp-content\/uploads\/2019\/09\/IMG_6525-1024x682.jpg\" alt=\"IMG_6525\" width=\"1024\" height=\"682\" \/><\/a><\/em><\/p>\n<p style=\"text-align: justify;\">El Capitulo II, es clarificador de toda sus vivencias y fe en la Eternidad, despu\u00e9s, de que la parte mortal y sus despojos, queden en la tierra, el suelo, mientras que la parte principal en su vuelo remonte hacia el Cielo. Con el ejemplo del Buen Ladr\u00f3n, la conversi\u00f3n de Dimas, que desde entonces est\u00e1 gozando en el Para\u00edso, y recordando las siete \u00faltimas palabras que pronunci\u00f3 Cristo en La cruz ante su eminente muerte, compuse algunas liras:<\/p>\n<p style=\"text-align: justify;\"><em>\u00a0\u00a0\u00a0 \u00a1Desde que huiste,\/ mi plaza de cipr\u00e9s est\u00e1 asida! \/ \u00a1Padre!, \u00bfc\u00f3mo hiciste\/ tan labrada herida,\/ que ni\u00a0 la muerte cura, ni la vida?<\/em><\/p>\n<p style=\"text-align: justify;\"><em>\u00a0<\/em><\/p>\n<p style=\"text-align: justify;\"><em>\u00a0\u00a0\u00a0 \u00a1Qu\u00e9 dura soledad!,\/ el Verbo Soberano derrocado.\/ \u00bfA d\u00f3nde la lealtad?,\/ ya solo y demudado.\/ \u00a1Padre m\u00edo! \u00bfPor qu\u00e9 me has abandonado? <\/em><\/p>\n<p style=\"text-align: justify;\">Y Dimas, agonizando exclamaba<em>,<\/em><\/p>\n<p style=\"text-align: justify;\"><em>\u00a0<\/em><\/p>\n<p style=\"text-align: justify;\"><em>\u00a0\u00a0\u00a0\u00a0 \u00bfC\u00f3mo? \u00bfNo tienes t\u00fa temor\/ a Dios? Reconozcamos lo pecado,\/ \u00c9l es, el m\u00e1s puro amor\/ que el patrio Oriente ha dado.\/ \u00a1Qu\u00e9 mal pago, siendo rey y ultrajado!;<\/em><\/p>\n<p style=\"text-align: justify;\"><em>\u00a0<\/em><\/p>\n<p style=\"text-align: justify;\">\u00a0\u00a0\u00a0\u00a0 \u00a1Se\u00f1or, acu\u00e9rdate de m\u00ed,\/ cuando\u00a0 llegues a tu reino indiviso!\/ <em>\u00a1Por mi sangre israel\u00ed,\/ te doy mi compromiso,\/<\/em><\/p>\n<p style=\"text-align: justify;\"><em>hoy estar\u00e1s conmigo en el para\u00edso!<\/em><\/p>\n<p style=\"text-align: justify;\">La figura indecible e inmarchitable de Jesucristo, a lo largo de todas las generaciones desde hace dos mil a\u00f1os, ha dejado la mayor impronta, huella en el hombre. \u00a0Alt\u00edsimo Se\u00f1or, \u00a1oh Rey Santo!, alteza soberana do las haya, inefable Jes\u00fas, \u00a1quisiste tanto!, ce\u00f1iste la Cruz que el mundo soslaya; la noche la hizo d\u00eda, tu quebranto, s\u00e9 de mi alma gu\u00eda, hasta que a Ti vaya.<\/p>\n<p style=\"text-align: justify;\">A trav\u00e9s de ver la imagen de Cristo crucificado, \u00c9l que es en Cielo y tierra <em>Summa<\/em> alteza, nos dio favor y gracia en desmesura, librando al hombre de mortal flaqueza, y que han plasmado los m\u00e1s insignes pintores poetas y escultores.\u00a0 Este poema <em>\u2013Soneto-<\/em> escrito en Rom\u00e1n Paladino, y dedicado a\u00a0 Alfredo Amestoy, \u00a0quien naci\u00f3 como yo bajo el mecenazgo de Aries; podr\u00eda ser, \u00bfc\u00f3mo no?, la respuesta del Buen Ladr\u00f3n a Jes\u00fas, tras asegurarle que estar\u00eda desde ese d\u00eda en el Para\u00edso\u2026;<\/p>\n<p style=\"text-align: justify;\"><em>\u00a0\u00a0\u00a0 \u00bfQu\u00e9 puedo darte ahora, Jes\u00fas m\u00edo?<\/em><\/p>\n<p style=\"text-align: justify;\"><em>Hoy digo: voy tus clavos a quitarte,<\/em><\/p>\n<p style=\"text-align: justify;\"><em>para\u00a0 llegar ma\u00f1ana y olvidarte,<\/em><\/p>\n<p style=\"text-align: justify;\"><em>sin l\u00e1grimas que eximan mi extrav\u00edo.\u00a0 <\/em><\/p>\n<p style=\"text-align: justify;\"><em>\u00a0\u00a0\u00a0\u00a0 Un d\u00eda te sigo, al otro me desv\u00edo;\u00a0\u00a0\u00a0 <\/em><\/p>\n<p style=\"text-align: justify;\"><em>me plazco en lo mortal en vez de amarte,<\/em><\/p>\n<p style=\"text-align: justify;\"><em>para de nuevo volver a enclavarte<\/em><\/p>\n<p style=\"text-align: justify;\"><em>en esa cruz, \u00a1mi coraz\u00f3n imp\u00edo!\u00a0\u00a0\u00a0 <\/em><\/p>\n<p style=\"text-align: justify;\"><em>\u00a0\u00a0\u00a0 Mil veces te negu\u00e9 sin amargura, <\/em><\/p>\n<p style=\"text-align: justify;\"><em>entregando la vida con flagelo,<\/em><\/p>\n<p style=\"text-align: justify;\"><em>herido me dejaste en desmesura.<\/em><\/p>\n<p style=\"text-align: justify;\"><em>\u00a0\u00a0\u00a0 \u00a1Cristo! \u00a1Escucha! \u00a1Apura este duelo!<\/em><\/p>\n<p style=\"text-align: justify;\"><em>No dejes que se aleje en senda oscura,<\/em><\/p>\n<p style=\"text-align: justify;\"><em>qui\u00e9n es ceniza, siendo T\u00fa el Cielo.<\/em><\/p>\n<p style=\"text-align: justify;\"><em>\u00a0<\/em><\/p>\n<p style=\"text-align: justify;\"><em>\u00a0<\/em><\/p>\n<p style=\"text-align: justify;\"><em>\u00a0<\/em><\/p>\n<p style=\"text-align: justify;\">He de levantar mi copa azulcobalto, \u00bfc\u00f3mo no?, de cristal de Bohemia, por Alfredo Amestoy, y su buen hacer como escritor, y que contin\u00fae sorprendi\u00e9ndonos con nuevas obras.<\/p>\n<p style=\"text-align: justify;\">Igualmente, rese\u00f1ar la magn\u00edfica presentaci\u00f3n y edici\u00f3n\u00a0 de este libro, por la Editorial Granada Club Selecci\u00f3n.<\/p>\n<p style=\"text-align: justify;\">Felicidades, por este \u201cregalo para el lector\u201d, con el que nos has hecho part\u00edcipes de una forma tan amena, de tu particular manera de entender el Cielo y de c\u00f3mo llevar a cabo ese \u201cviaje al m\u00e1s all\u00e1\u201d, para alcanzarlo.<\/p>\n<p style=\"text-align: right;\">Jos\u00e9 Jaime Capel Molina<\/p>\n","protected":false},"excerpt":{"rendered":"<p>Que inesperado, e indecible fue aquel encuentro con el pasado, \u00e9ste que tarde o temprano siempre vuelve y nos sorprende&hellip;<\/p>\n","protected":false},"author":2,"featured_media":19347,"comment_status":"open","ping_status":"open","sticky":false,"template":"","format":"standard","meta":{"om_disable_all_campaigns":false,"_mi_skip_tracking":false,"_monsterinsights_sitenote_active":false,"_monsterinsights_sitenote_note":"","_monsterinsights_sitenote_category":0,"footnotes":""},"categories":[21,30],"tags":[],"aioseo_notices":[],"_links":{"self":[{"href":"https:\/\/granadacostaglobal.es\/index.php?rest_route=\/wp\/v2\/posts\/21820"}],"collection":[{"href":"https:\/\/granadacostaglobal.es\/index.php?rest_route=\/wp\/v2\/posts"}],"about":[{"href":"https:\/\/granadacostaglobal.es\/index.php?rest_route=\/wp\/v2\/types\/post"}],"author":[{"embeddable":true,"href":"https:\/\/granadacostaglobal.es\/index.php?rest_route=\/wp\/v2\/users\/2"}],"replies":[{"embeddable":true,"href":"https:\/\/granadacostaglobal.es\/index.php?rest_route=%2Fwp%2Fv2%2Fcomments&post=21820"}],"version-history":[{"count":0,"href":"https:\/\/granadacostaglobal.es\/index.php?rest_route=\/wp\/v2\/posts\/21820\/revisions"}],"wp:featuredmedia":[{"embeddable":true,"href":"https:\/\/granadacostaglobal.es\/index.php?rest_route=\/"}],"wp:attachment":[{"href":"https:\/\/granadacostaglobal.es\/index.php?rest_route=%2Fwp%2Fv2%2Fmedia&parent=21820"}],"wp:term":[{"taxonomy":"category","embeddable":true,"href":"https:\/\/granadacostaglobal.es\/index.php?rest_route=%2Fwp%2Fv2%2Fcategories&post=21820"},{"taxonomy":"post_tag","embeddable":true,"href":"https:\/\/granadacostaglobal.es\/index.php?rest_route=%2Fwp%2Fv2%2Ftags&post=21820"}],"curies":[{"name":"wp","href":"https:\/\/api.w.org\/{rel}","templated":true}]}}