{"id":21773,"date":"2019-09-18T08:22:45","date_gmt":"2019-09-18T08:22:45","guid":{"rendered":"http:\/\/granadacostanacional.es\/?p=21773"},"modified":"2019-09-18T08:22:45","modified_gmt":"2019-09-18T08:22:45","slug":"presentacion-de-la-editorial-granada-costa-y-su-ultimo-libro-tropicales-raros-raros-raros","status":"publish","type":"post","link":"https:\/\/granadacostaglobal.es\/?p=21773","title":{"rendered":"presentaci\u00f3n de la editorial Granada Costa y su \u00faltimo libro tropicales raros, raros, raros"},"content":{"rendered":"<p style=\"text-align: justify;\">En un amplio sal\u00f3n del restaurante Katena de Motril y con asistencia de numeroso p\u00fablico, y reci\u00e9n salido de la imprenta de la editorial se present\u00f3 un hermoso libro de 560 p\u00e1ginas bellamente ilustrado con fotograf\u00edas del color m\u00e1s puro y luminoso, bien encuadernado y diligentemente estructurado.<\/p>\n<p style=\"text-align: justify;\">Yo que vi nacer esta editorial hace unos a\u00f1os s\u00e9 que tuvo un parto complicado, pues lo hizo desde la m\u00e1s absoluta humildad, sin asistencia m\u00e9dica y ni tan siquiera de comadrona, pero a pesar de todo creci\u00f3 con las dificultades propias de quien tiene que abrirse camino en un concurso de fuertes competidores. En la actualidad se encuentra entre las grandes, no en volumen pero s\u00ed en calidad pues ha sabido armonizarla con lo econ\u00f3mico y la belleza.\u00a0 Todo gracias a la iniciativa y al esfuerzo de su fundador D. Jos\u00e9 Segura, y ahora con el empuje de sus dos hijos Antonio y \u00c1lvaro. Y prueba evidente es la edici\u00f3n de este libro.<\/p>\n<p style=\"text-align: justify;\">As\u00ed que sean mis primeras palabras de elogio y felicitaci\u00f3n a la <strong>Editorial Granada Costa<\/strong> por el excelente trabajo realizado.<\/p>\n<p style=\"text-align: justify;\"><a href=\"http:\/\/granadacostanacional.es\/wp-content\/uploads\/2019\/09\/IMG_6468.jpg\"><img decoding=\"async\" loading=\"lazy\" class=\"aligncenter size-large wp-image-21776\" src=\"http:\/\/granadacostanacional.es\/wp-content\/uploads\/2019\/09\/IMG_6468-1024x682.jpg\" alt=\"IMG_6468\" width=\"1024\" height=\"682\" \/><\/a> <a href=\"http:\/\/granadacostanacional.es\/wp-content\/uploads\/2019\/09\/IMG_6449.jpg\"><img decoding=\"async\" loading=\"lazy\" class=\"aligncenter size-large wp-image-21777\" src=\"http:\/\/granadacostanacional.es\/wp-content\/uploads\/2019\/09\/IMG_6449-1024x682.jpg\" alt=\"IMG_6449\" width=\"1024\" height=\"682\" \/><\/a><\/p>\n<p style=\"text-align: justify;\">\u00bfY cu\u00e1l es el contenido de este libro? Sencillamente nos trae a nuestra propia casa 140 frutas tropicales raras, raras, raras. Y para que no haya duda, raras en triple reiteraci\u00f3n, as\u00ed de contundente. Son raras porque son absolutamente desconocidas en Europa que donde se cultivan no son raras, son tan familiares como aqu\u00ed lo puede ser una manzana.<\/p>\n<p style=\"text-align: justify;\">\u00bfY d\u00f3nde se cr\u00edan estas frutas raras? Pues en Am\u00e9rica, en \u00c1frica, en la India, en Nueva Zelanda, en China\u2026 en todos los continentes menos en Europa. No son solamente raras porque su cultivo est\u00e9 a miles de kil\u00f3metros, en otras tierras, sino que son adem\u00e1s raras por su forma, por sus intensos y variados colores, por su aroma, por su sabor y por muchas otras cualidades sin dejar de lado su calidad decorativa debido a su m\u00e1gica\u00a0\u00a0 belleza.<\/p>\n<p style=\"text-align: justify;\">Todas estas 140 frutas raras, adem\u00e1s de esas cualidades enumeradas, cada una viene con la excelente fotograf\u00eda y un extenso y ameno curr\u00edculum, como si concurrieran a un empleo o a un concurso de m\u00e9ritos: lugar donde se cr\u00eda y clima, la clase de tierra, \u00e9poca de recolecci\u00f3n, forma del \u00e1rbol, valor alimenticio, uso medicinal, sus propiedades terap\u00e9uticas, su poder m\u00e1gico, etc.\u00a0 En resumen, es un aut\u00e9ntico tratado de bot\u00e1nica, \u00fanico en su estilo, cuyo autor D. Juli\u00e1n D\u00edaz Robledo pasar\u00e1 a estar entre los bot\u00e1nicos famosos por su originalidad como lo fueron Linneo, Celestino Mutis, entre otros. D. Alfredo Amestoy lo defini\u00f3 muy acertadamente en el pr\u00f3logo \u201cOtras Tierras, Otros Cielos\u201d: \u201cTodos los libros que escribe y publica Juli\u00e1n D\u00edaz Robledo son una lecci\u00f3n de biolog\u00eda, de bot\u00e1nica y de vida\u201d.<\/p>\n<p style=\"text-align: justify;\"><a href=\"http:\/\/granadacostanacional.es\/wp-content\/uploads\/2019\/09\/IMG_6473.jpg\"><img decoding=\"async\" loading=\"lazy\" class=\"aligncenter size-large wp-image-21775\" src=\"http:\/\/granadacostanacional.es\/wp-content\/uploads\/2019\/09\/IMG_6473-1024x682.jpg\" alt=\"IMG_6473\" width=\"1024\" height=\"682\" \/><\/a><\/p>\n<p style=\"text-align: justify;\">Efectivamente as\u00ed es, pues Juli\u00e1n tiene la facultad de a\u00f1adir dimensi\u00f3n, belleza, amenidad y vida, en todo aquello en lo que interviene, pero especialmente cuando se trata de \u00e1rboles, flores y frutas.<\/p>\n<p style=\"text-align: justify;\">El escritor Stefan Zweig fue muy cr\u00edtico y exigente con los escritores y, del autor de \u201cRojo y Negro\u201d dijo: \u201cEscribir libros es una tarea agradable, sobre todo si se hace como Stendhal, o sea, copi\u00e1ndolo todo de otros libros y aderez\u00e1ndolo con unas cuantas an\u00e9cdotas y chistes\u201d. (En la actualidad en Espa\u00f1a, en las altas esferas tenemos escritores de esta clase)<\/p>\n<p style=\"text-align: justify;\">A Juli\u00e1n no se le puede aplicar las palabras de Zweig, su escritura es original y propia, pues \u00e9l comulga con ese proverbio chino que dice: Lo que oigo es dudoso, lo que veo es seguro\u201d.\u00a0 Lo que se ve es seguro. En la Biblia, en la Creaci\u00f3n del Universo, hasta el mismo Dios tuvo que ver para creer. As\u00ed dice el texto: Dios mir\u00f3 lo que hab\u00eda hecho y vio que era bueno. Santo Tom\u00e1s tambi\u00e9n tuvo que ver para creer.<\/p>\n<p style=\"text-align: justify;\">Pues bien, Juli\u00e1n para creer en las frutas, tuvo que verlas en su lugar de origen, a miles de kil\u00f3metros a trav\u00e9s de todo el mundo, he dicho todo el mundo y he dicho bien, no es una figura literaria y tampoco una exageraci\u00f3n. Su secretaria que tiene registrados todos los viajes por raz\u00f3n de trabajo de sus empresas, por conferencias y por el s\u00f3lo placer de conocer \u201cin situ\u201d una fruta, ha contabilizado los kil\u00f3metros recorridos y dan como resultado que ha dado la vuelta al mundo unas 16 veces. Magallanes y Sebasti\u00e1n Elcano s\u00f3lo dieron una vuelta en el siglo XVI, y posteriormente en el siglo XIX un personaje de Julio Verne la dio en 80 d\u00edas.<\/p>\n<p style=\"text-align: justify;\">Juli\u00e1n ten\u00eda que ver el \u00e1rbol con el fruto, ten\u00eda que verla en los mercados, hablar con la gente que la come y o\u00edr sus historias, porque en otros pa\u00edses, todo es s\u00edmbolo, magia, y una fruta comida de una forma o a una determinada hora puede tener un poder ben\u00e9fico o por el contrario traer la desgracia.<\/p>\n<p style=\"text-align: justify;\"><a href=\"http:\/\/granadacostanacional.es\/wp-content\/uploads\/2019\/09\/IMG_6507.jpg\"><img decoding=\"async\" loading=\"lazy\" class=\"aligncenter size-large wp-image-21778\" src=\"http:\/\/granadacostanacional.es\/wp-content\/uploads\/2019\/09\/IMG_6507-1024x682.jpg\" alt=\"IMG_6507\" width=\"1024\" height=\"682\" \/><\/a><\/p>\n<p style=\"text-align: justify;\">Todo esto lo ha recogido Juli\u00e1n en su libro: emociones, sensaciones, magia, los secretos que rodea el simple hecho de comerse una fruta.\u00a0 \u00bfAcaso no tenemos un ejemplo los cat\u00f3licos, en la Biblia lo que ocurri\u00f3 por comerse una manzana?\u00a0 Y ahora que estamos en la Biblia; en la Creaci\u00f3n del Para\u00edso dice:\u201d Plant\u00f3 luego Yav\u00e9-Dios un jard\u00edn en Ed\u00e9n, al Oriente, y all\u00ed puso al hombre a quien formara. Hizo Dios brotar en \u00e9l de la tierra toda clase\u00a0 de \u00e1rboles hermosos a la vista y sabrosos al paladar\u201d.\u00a0 La Biblia dice toda clase de frutas pero no dice cu\u00e1ntas clases de frutas.<\/p>\n<p style=\"text-align: justify;\">Se han hecho estudios en los colegios y a nivel de calle a los adultos que enumeren todos los \u00e1rboles que conozcan para plantarlos en su \u201cPara\u00edso personal\u201d y las estad\u00edsticas han dado la media entre 15 y 25 frutas, y muy pocos han llegado a los 30.<\/p>\n<p style=\"text-align: justify;\">Ha sido Juli\u00e1n con sus libros \u201cFrutos Ex\u00f3ticos\u201d y ahora con \u201cTropicales raros, raros, raros\u201d el que ha dado a conocer unas 140 frutas. Y si \u00e9l tuviera que plantar su Para\u00edso llegar\u00eda casi a las mil frutas. As\u00ed que se puede decir con todo rigor que con este libro le ha dado a la Biblia una nueva dimensi\u00f3n,\u00a0 la completa y la ampl\u00eda en ese cap\u00edtulo del G\u00e9nesis que es el Para\u00edso Terrenal. S\u00f3lo con ojear este libro ya es hacer un viaje con el autor a todos esos pa\u00edses donde se cr\u00eda la fruta, es una lecci\u00f3n amena de bot\u00e1nica, es un goce para la vista\u2026 En fin,\u00a0 un libro que todos debemos tener porque nos da una lecci\u00f3n de saber vivir.<\/p>\n<p style=\"text-align: justify;\">Llegados hasta aqu\u00ed surge una pregunta \u00a0sabiendo las muchas obligaciones que tiene Juli\u00e1n con sus empresas, conferencias en cualquier parte del mundo, que pasa m\u00e1s tiempo volando de un pa\u00eds a otro que en tierra firme, \u00bfde d\u00f3nde saca tiempo y fuerzas para escribir estos complicados libros?\u00a0 Hay una raz\u00f3n sencilla: porque Juli\u00e1n entra en la categor\u00eda de hombres selectos. Y como afirma Ortega y Gasset:\u201d Los hombres selectos son los \u00fanicos activos, para quienes vivir es una perpetua tensi\u00f3n, un incesante entrenamiento\u201d.\u00a0 Juli\u00e1n \u00a0lo confiesa en su libro de viajes: \u201cActualmente a pesar de mi larga existencia, no tengo dificultad para emprender un viaje al rinc\u00f3n m\u00e1s apartado de la geograf\u00eda terrena\u201d\u00a0\u00a0 hombres as\u00ed tienen el mundo en sus manos. El cumplir a\u00f1os es pura ilusi\u00f3n.<\/p>\n<p style=\"text-align: justify;\">Cuando el Presidente de EE. UU Richard Nixon tom\u00f3 posesi\u00f3n de la Casa Blanca fue a saludar al personal que all\u00ed trabajaba. Cuando salud\u00f3 al Jefe de Protocolo \u00e9ste dijo su nombre. Entonces el Presidente record\u00f3:\u201d hace unos 25 a\u00f1os conoc\u00ed a otro ya mayor\u00a0 con el mismo nombre, \u00bfera su padre?\u00a0 No Sr. Presidente era yo. \u00bfC\u00f3mo puede ser posible eso? Porque yo siempre tendr\u00e9\u00a0 15 a\u00f1os menos que los de mi edad\u201d.\u00a0 Juli\u00e1n siempre tendr\u00e1 20 a\u00f1os menos que los de su edad. Esa es la actitud, el ideal de la gente selecta, el esfuerzo, la tensi\u00f3n, la creatividad, el hacer de la vida un juego y una aventura.<\/p>\n<p style=\"text-align: justify;\">Hay personas \u00a0\u00a0que su vida va por un camino y su obra por otro; las de Juli\u00e1n van, vida y obra por el mismo camino, \u00edntimamente unidas. Su pensamiento, su coraz\u00f3n y su alma son \u00e1rboles, flores y frutas, y si mir\u00e1is con atenci\u00f3n sus ojos, no ver\u00e9is a las ni\u00f1as de sus ojos sino que ver\u00e9is \u00e1rboles, flores y frutas.<\/p>\n<p style=\"text-align: justify;\"><a href=\"http:\/\/granadacostanacional.es\/wp-content\/uploads\/2019\/09\/IMG_6510.jpg\"><img decoding=\"async\" loading=\"lazy\" class=\"aligncenter size-large wp-image-21779\" src=\"http:\/\/granadacostanacional.es\/wp-content\/uploads\/2019\/09\/IMG_6510-1024x682.jpg\" alt=\"IMG_6510\" width=\"1024\" height=\"682\" \/><\/a> <a href=\"http:\/\/granadacostanacional.es\/wp-content\/uploads\/2019\/09\/IMG_6511.jpg\"><img decoding=\"async\" loading=\"lazy\" class=\"aligncenter size-large wp-image-21780\" src=\"http:\/\/granadacostanacional.es\/wp-content\/uploads\/2019\/09\/IMG_6511-1024x683.jpg\" alt=\"IMG_6511\" width=\"1024\" height=\"683\" \/><\/a> <a href=\"http:\/\/granadacostanacional.es\/wp-content\/uploads\/2019\/09\/IMG_6512.jpg\"><img decoding=\"async\" loading=\"lazy\" class=\"aligncenter size-large wp-image-21781\" src=\"http:\/\/granadacostanacional.es\/wp-content\/uploads\/2019\/09\/IMG_6512-1024x683.jpg\" alt=\"IMG_6512\" width=\"1024\" height=\"683\" \/><\/a> <a href=\"http:\/\/granadacostanacional.es\/wp-content\/uploads\/2019\/09\/IMG_6521.jpg\"><img decoding=\"async\" loading=\"lazy\" class=\"aligncenter size-large wp-image-21782\" src=\"http:\/\/granadacostanacional.es\/wp-content\/uploads\/2019\/09\/IMG_6521-1024x682.jpg\" alt=\"IMG_6521\" width=\"1024\" height=\"682\" \/><\/a><\/p>\n<p style=\"text-align: right;\">\u00a0\u00a0\u00a0\u00a0\u00a0\u00a0\u00a0\u00a0\u00a0\u00a0\u00a0\u00a0\u00a0\u00a0\u00a0\u00a0\u00a0\u00a0 ROGELIO\u00a0 BUSTOS ALMENDROS<\/p>\n<p style=\"text-align: justify;\">\n","protected":false},"excerpt":{"rendered":"<p>En un amplio sal\u00f3n del restaurante Katena de Motril y con asistencia de numeroso p\u00fablico, y reci\u00e9n salido de la&hellip;<\/p>\n","protected":false},"author":2,"featured_media":21774,"comment_status":"open","ping_status":"open","sticky":false,"template":"","format":"standard","meta":{"om_disable_all_campaigns":false,"_mi_skip_tracking":false,"_monsterinsights_sitenote_active":false,"_monsterinsights_sitenote_note":"","_monsterinsights_sitenote_category":0,"footnotes":""},"categories":[21,30],"tags":[],"aioseo_notices":[],"_links":{"self":[{"href":"https:\/\/granadacostaglobal.es\/index.php?rest_route=\/wp\/v2\/posts\/21773"}],"collection":[{"href":"https:\/\/granadacostaglobal.es\/index.php?rest_route=\/wp\/v2\/posts"}],"about":[{"href":"https:\/\/granadacostaglobal.es\/index.php?rest_route=\/wp\/v2\/types\/post"}],"author":[{"embeddable":true,"href":"https:\/\/granadacostaglobal.es\/index.php?rest_route=\/wp\/v2\/users\/2"}],"replies":[{"embeddable":true,"href":"https:\/\/granadacostaglobal.es\/index.php?rest_route=%2Fwp%2Fv2%2Fcomments&post=21773"}],"version-history":[{"count":0,"href":"https:\/\/granadacostaglobal.es\/index.php?rest_route=\/wp\/v2\/posts\/21773\/revisions"}],"wp:featuredmedia":[{"embeddable":true,"href":"https:\/\/granadacostaglobal.es\/index.php?rest_route=\/"}],"wp:attachment":[{"href":"https:\/\/granadacostaglobal.es\/index.php?rest_route=%2Fwp%2Fv2%2Fmedia&parent=21773"}],"wp:term":[{"taxonomy":"category","embeddable":true,"href":"https:\/\/granadacostaglobal.es\/index.php?rest_route=%2Fwp%2Fv2%2Fcategories&post=21773"},{"taxonomy":"post_tag","embeddable":true,"href":"https:\/\/granadacostaglobal.es\/index.php?rest_route=%2Fwp%2Fv2%2Ftags&post=21773"}],"curies":[{"name":"wp","href":"https:\/\/api.w.org\/{rel}","templated":true}]}}