{"id":2153,"date":"2015-08-05T11:07:33","date_gmt":"2015-08-05T11:07:33","guid":{"rendered":"http:\/\/granadacosta.es\/?p=2153"},"modified":"2015-08-05T11:07:33","modified_gmt":"2015-08-05T11:07:33","slug":"granada-cf-frente-a-udinese-un-encuentro-de-altura-para-el-iv-trofeo-diputacion","status":"publish","type":"post","link":"https:\/\/granadacostaglobal.es\/?p=2153","title":{"rendered":"Granada CF frente a Udinese, un \u201cencuentro de altura\u201d para el IV Trofeo Diputaci\u00f3n"},"content":{"rendered":"<p><em>El presidente, Jos\u00e9 Entrena, destaca el compromiso de la instituci\u00f3n con el club y subraya la importancia de contar con un equipo de primera divisi\u00f3n en la provincia<\/em><\/p>\n<p>&nbsp;<\/p>\n<p>&nbsp;<\/p>\n<p>El estadio de Los C\u00e1rmenes acoger\u00e1 el IV Trofeo de la Diputaci\u00f3n de Granada, que enfrentar\u00e1 al Granada CF con el Udinese italiano el pr\u00f3ximo s\u00e1bado d\u00eda 8 de agosto.<\/p>\n<p>&nbsp;<\/p>\n<p>Se trata de la cuarta edici\u00f3n de un trofeo que organiza la instituci\u00f3n provincial y que este a\u00f1o va a convertirse en la presentaci\u00f3n del combinado granadinista ante su afici\u00f3n y en su estadio de cara a la temporada 2015\/2016.<\/p>\n<p>&nbsp;<\/p>\n<p>El presidente de la Diputaci\u00f3n, Jos\u00e9 Entrena, ha presentado esta ma\u00f1ana el trofeo junto al director deportivo y vicepresidente, Juan Carlos Cordero, el vicepresidente institucional, Javier Jim\u00e9nez, y el diputado de Deportes, Mariano Alonso.<\/p>\n<p>&nbsp;<\/p>\n<p>Entrena, que ha realizado un breve repaso por la historia del Trofeo, ha asegurado que la Diputaci\u00f3n \u201cmantiene su compromiso\u201d con el club y ha vuelto a poner de manifiesto al importancia para toda la provincia de contar con un equipo de f\u00fatbol en primera divisi\u00f3n. \u201cLos \u00e9xitos deportivos del Granada CF son los \u00e9xitos del deporte de toda la provincia de Granada\u201d, ha afirmado.<\/p>\n<p>&nbsp;<\/p>\n<p>Por su parte, el director deportivo del Granada CF, Juan Carlos Cordero, ha augurado \u201cun partido de altura, de nivel y competido\u201d. \u201cNuestro objetivo es que se vea un buen partido y dar una buena imagen ante nuestro p\u00fablico\u201d.<\/p>\n<p>&nbsp;<\/p>\n<p>El Trofeo naci\u00f3 en 1973 y es, por tanto, uno de los de mayor arraigo en el panorama futbol\u00edstico espa\u00f1ol. Comenz\u00f3 a celebrarse cuando el equipo militaba en Primera Divisi\u00f3n, pero a lo largo de su historia ha pasado distintas vicisitudes siempre ligadas al devenir del Granada CF. En su palmar\u00e9s destacan equipos como el Atl\u00e9tico de Madrid, M\u00e1laga Betis, OFK de Belgrado, San Lorenzo de Almagro, Dinamo de Mosc\u00fa o Pe\u00f1arol de Montevideo.<\/p>\n<p>&nbsp;<\/p>\n<p>En los \u00faltimos tres a\u00f1os, el Granada CF ha ganado en dos ocasiones (2012 y 2014), mientras que el Os Belenenses de Portugal se hizo con el trofeo en 2013. En estos tres a\u00f1os hemos visto pasar por Los C\u00e1rmenes, adem\u00e1s del Os Belenenses, al Atl\u00e9tico Gimaraes, tambi\u00e9n de Portugal, y al Atl\u00e9tico Tetu\u00e1n de Marruecos.<\/p>\n","protected":false},"excerpt":{"rendered":"<p>El presidente, Jos\u00e9 Entrena, destaca el compromiso de la instituci\u00f3n con el club y subraya la importancia de contar con&hellip;<\/p>\n","protected":false},"author":2,"featured_media":2154,"comment_status":"open","ping_status":"open","sticky":false,"template":"","format":"standard","meta":{"om_disable_all_campaigns":false,"_mi_skip_tracking":false,"_monsterinsights_sitenote_active":false,"_monsterinsights_sitenote_note":"","_monsterinsights_sitenote_category":0,"footnotes":""},"categories":[22],"tags":[],"aioseo_notices":[],"_links":{"self":[{"href":"https:\/\/granadacostaglobal.es\/index.php?rest_route=\/wp\/v2\/posts\/2153"}],"collection":[{"href":"https:\/\/granadacostaglobal.es\/index.php?rest_route=\/wp\/v2\/posts"}],"about":[{"href":"https:\/\/granadacostaglobal.es\/index.php?rest_route=\/wp\/v2\/types\/post"}],"author":[{"embeddable":true,"href":"https:\/\/granadacostaglobal.es\/index.php?rest_route=\/wp\/v2\/users\/2"}],"replies":[{"embeddable":true,"href":"https:\/\/granadacostaglobal.es\/index.php?rest_route=%2Fwp%2Fv2%2Fcomments&post=2153"}],"version-history":[{"count":0,"href":"https:\/\/granadacostaglobal.es\/index.php?rest_route=\/wp\/v2\/posts\/2153\/revisions"}],"wp:featuredmedia":[{"embeddable":true,"href":"https:\/\/granadacostaglobal.es\/index.php?rest_route=\/"}],"wp:attachment":[{"href":"https:\/\/granadacostaglobal.es\/index.php?rest_route=%2Fwp%2Fv2%2Fmedia&parent=2153"}],"wp:term":[{"taxonomy":"category","embeddable":true,"href":"https:\/\/granadacostaglobal.es\/index.php?rest_route=%2Fwp%2Fv2%2Fcategories&post=2153"},{"taxonomy":"post_tag","embeddable":true,"href":"https:\/\/granadacostaglobal.es\/index.php?rest_route=%2Fwp%2Fv2%2Ftags&post=2153"}],"curies":[{"name":"wp","href":"https:\/\/api.w.org\/{rel}","templated":true}]}}