{"id":21440,"date":"2019-07-09T08:48:14","date_gmt":"2019-07-09T08:48:14","guid":{"rendered":"http:\/\/granadacostanacional.es\/?p=21440"},"modified":"2019-07-09T08:48:14","modified_gmt":"2019-07-09T08:48:14","slug":"presentacion-del-libro-del-calido-sur-al-frio-norte","status":"publish","type":"post","link":"https:\/\/granadacostaglobal.es\/?p=21440","title":{"rendered":"Presentaci\u00f3n del libro Del c\u00e1lido sur al fr\u00edo norte"},"content":{"rendered":"<p style=\"text-align: justify;\">Els Armats de Lleida, Asociaci\u00f3n Cultural, Ben\u00e9fica y Social, organizaron el 23-5-2019 la presentaci\u00f3n del libro <em>Del c\u00e1lido sur al fr\u00edo norte<\/em>, segundo libro de la poetisa nacida en Murcia que vino a Lleida a los siete a\u00f1os, Mar\u00eda Fuensanta P\u00e9rez Morat\u00f3n. La presentaci\u00f3n corri\u00f3 a cargo del locutor y presentador Jos\u00e9 Antonio Garc\u00eda Barranco, en un ambiente de gran calidez por la cantidad de familiares, amigos y simpatizantes que la acompa\u00f1aron. La autora y el poeta y rapsoda Jaume Marc Torrent recitaron algunas poes\u00edas del libro, con gran sensibilidad y maestr\u00eda, que emocionaron a todo el mundo. Mari, como a ella le gusta que la nombren, contest\u00f3 las acertadas preguntas de Jos\u00e9 Antonio, que nos permitieron conocerla mejor en su faceta humana y creadora. Hay que destacar la belleza de los dibujos que Jos\u00e9 J. Llamas hizo de la portada y del interior del libro, asi como la maquetaci\u00f3n y coordinaci\u00f3n editorial de Maite Sime\u00f3n. Ya avanz\u00f3 la autora que no ser\u00e1 ese su \u00faltimo libro y nos alegramos por ello.<\/p>\n<p style=\"text-align: justify;\"><a href=\"http:\/\/granadacostanacional.es\/wp-content\/uploads\/2019\/07\/DSC08345.-Primer-pl\u00e0nol.jpg\"><img decoding=\"async\" loading=\"lazy\" class=\"aligncenter size-large wp-image-21441\" src=\"http:\/\/granadacostanacional.es\/wp-content\/uploads\/2019\/07\/DSC08345.-Primer-pl\u00e0nol-1024x768.jpg\" alt=\"DSC08345. Primer pl\u00e0nol\" width=\"1024\" height=\"768\" \/><\/a><\/p>\n<p style=\"text-align: justify;\">En palabras de Paqui, una buena amiga y socia d\u2019Els Armats de Lleida: \u201cNo conozco personalmente a Mar\u00eda Fuensanta P\u00e9rez Morat\u00f3n. Su libro ha llegado a mis manos en forma de regalo. Siempre he dicho que para m\u00ed, la m\u00fasica es el alimento del esp\u00edritu. Pues como bien se dice en su presentaci\u00f3n, este libro es \u2018medicina para el alma\u2019\u2026 Doy fe, de que para la m\u00eda, s\u00ed\u201d.<\/p>\n<p style=\"text-align: justify;\"><a href=\"http:\/\/granadacostanacional.es\/wp-content\/uploads\/2019\/07\/DSC08325-amb-llibre.-1-copia.jpg\"><img decoding=\"async\" loading=\"lazy\" class=\"aligncenter size-large wp-image-21442\" src=\"http:\/\/granadacostanacional.es\/wp-content\/uploads\/2019\/07\/DSC08325-amb-llibre.-1-copia-1024x768.jpg\" alt=\"DSC08325 amb llibre. 1 - copia\" width=\"1024\" height=\"768\" \/><\/a><\/p>\n<p style=\"text-align: right;\">Josep \u00c0ngel Comes i Serret<\/p>\n<p style=\"text-align: right;\">Presidente de Els Armats de Lleida<\/p>\n","protected":false},"excerpt":{"rendered":"<p>Els Armats de Lleida, Asociaci\u00f3n Cultural, Ben\u00e9fica y Social, organizaron el 23-5-2019 la presentaci\u00f3n del libro Del c\u00e1lido sur al&hellip;<\/p>\n","protected":false},"author":2,"featured_media":17678,"comment_status":"open","ping_status":"open","sticky":false,"template":"","format":"standard","meta":{"om_disable_all_campaigns":false,"_mi_skip_tracking":false,"_monsterinsights_sitenote_active":false,"_monsterinsights_sitenote_note":"","_monsterinsights_sitenote_category":0,"footnotes":""},"categories":[21],"tags":[],"aioseo_notices":[],"_links":{"self":[{"href":"https:\/\/granadacostaglobal.es\/index.php?rest_route=\/wp\/v2\/posts\/21440"}],"collection":[{"href":"https:\/\/granadacostaglobal.es\/index.php?rest_route=\/wp\/v2\/posts"}],"about":[{"href":"https:\/\/granadacostaglobal.es\/index.php?rest_route=\/wp\/v2\/types\/post"}],"author":[{"embeddable":true,"href":"https:\/\/granadacostaglobal.es\/index.php?rest_route=\/wp\/v2\/users\/2"}],"replies":[{"embeddable":true,"href":"https:\/\/granadacostaglobal.es\/index.php?rest_route=%2Fwp%2Fv2%2Fcomments&post=21440"}],"version-history":[{"count":0,"href":"https:\/\/granadacostaglobal.es\/index.php?rest_route=\/wp\/v2\/posts\/21440\/revisions"}],"wp:featuredmedia":[{"embeddable":true,"href":"https:\/\/granadacostaglobal.es\/index.php?rest_route=\/"}],"wp:attachment":[{"href":"https:\/\/granadacostaglobal.es\/index.php?rest_route=%2Fwp%2Fv2%2Fmedia&parent=21440"}],"wp:term":[{"taxonomy":"category","embeddable":true,"href":"https:\/\/granadacostaglobal.es\/index.php?rest_route=%2Fwp%2Fv2%2Fcategories&post=21440"},{"taxonomy":"post_tag","embeddable":true,"href":"https:\/\/granadacostaglobal.es\/index.php?rest_route=%2Fwp%2Fv2%2Ftags&post=21440"}],"curies":[{"name":"wp","href":"https:\/\/api.w.org\/{rel}","templated":true}]}}