{"id":21430,"date":"2019-07-05T08:34:43","date_gmt":"2019-07-05T08:34:43","guid":{"rendered":"http:\/\/granadacostanacional.es\/?p=21430"},"modified":"2019-07-05T08:34:43","modified_gmt":"2019-07-05T08:34:43","slug":"corpuspoetica","status":"publish","type":"post","link":"https:\/\/granadacostaglobal.es\/?p=21430","title":{"rendered":"\u201cCORPUSPO\u00c9TICA\u201d"},"content":{"rendered":"<p style=\"text-align: justify;\">El Certamen internacional de Poes\u00eda de Valenzuela (C\u00f3rdoba) de 2019 ha comenzado su andadura con paso firme y con aires de consolidarse, pues el \u00e9xito ha sido rotundo, impecable en su manifestaci\u00f3n art\u00edstica, y en lo que supone ser una Gala Po\u00e9tica. La chispa que ha encendido y ha brillado con luz propia ha sido por la m\u00fasica y su acople majestuosamente al contenido de los poemas nominados, que con la calidad y el nivel de los mismos era de esperar. En este sentido, no era de extra\u00f1ar porque es un lujo la selecci\u00f3n de las piezas musicales que han escogido Lydia Sag excelente profesora de piano del Conservatorio Superior de M\u00fasica de C\u00f3rdoba y Jos\u00e9 M\u00aa Mart\u00ednez profesor de secundaria, y eminente clarinete solista de la Orquesta de la catedral de C\u00f3rdoba. Seg\u00fan nos confirman los orfebres musicales,\u00a0 la m\u00fasica que acompa\u00f1a a los poemas y microrrelatos ha sido seleccionada con especial cuidado y detalle, en consonancia con el mensaje y la palabra o voz po\u00e9tica de los poemas de los Autores. Se trata de crear un espect\u00e1culo intimista, delicado, con el objetivo de poner de relieve la impresi\u00f3n est\u00e9tica en la uni\u00f3n entre poes\u00eda y m\u00fasica. Por todo ello, la elecci\u00f3n de las obras pretende aportar un valor art\u00edstico a\u00f1adido a la literatura presente en el acto que conmemoramos en su celebraci\u00f3n. Se incluyen, de esta forma, obras musicales de diversos autores y diferentes \u00e9pocas con el fin de adaptarlas a las letras de los poemas, y de integrar m\u00fasica y texto al un\u00edsono. As\u00ed pues se interpretan piezas cl\u00e1sicas de Caccini, arias de \u00f3pera de Rossini y Puccini, bandas sonoras de compositores destacados como Ennio Morricone, e incluso arreglos de m\u00fasica pop que nos transportan a los universos imaginarios de los poetas, de la mano de los timbres del clarinete y el piano.<\/p>\n<p style=\"text-align: justify;\"><a href=\"http:\/\/granadacostanacional.es\/wp-content\/uploads\/2019\/07\/image001.png\"><img decoding=\"async\" loading=\"lazy\" class=\"aligncenter size-full wp-image-21431\" src=\"http:\/\/granadacostanacional.es\/wp-content\/uploads\/2019\/07\/image001.png\" alt=\"image001\" width=\"371\" height=\"533\" \/><\/a><\/p>\n<p style=\"text-align: justify;\">En la misma l\u00ednea, recapitulando lo m\u00e1s significativo de la valoraci\u00f3n po\u00e9tica, vamos a destacar algunas opiniones que definen y enmarcan perfectamente lo que ha representado el CERTAMEN CORPUS PO\u00c9TICA, y el contenido de algunos poemas Nominados. Respecto al primer galardonado <strong>M\u00aa \u00c1ngeles Rodr\u00edguez<\/strong> de Co\u00edn (M\u00e1laga), del Certamen Corpus Po\u00e9tica de Valenzuela manifiesta que se sinti\u00f3 feliz de coincidir con otros poetas que, al igual que ella, se sent\u00edan orgullosos de poder compartir sus versos aquella tarde y de dejar algo de su sentir po\u00e9tico en los corazones de quienes se acercaron a o\u00edr nuestras voces. Con el poema <strong>\u201cNankurunaisa\u201d<\/strong>(traducido a \u201cCon el tiempo todo se arregla\u201d) nos expone que ha querido hacer una reflexi\u00f3n sobre los altibajos de la vida. Nada es f\u00e1cil en \u00e9sta pero siempre hay que seguir adelante con valent\u00eda y esfuerzo porque tenemos la obligaci\u00f3n de vivir hasta el \u00faltimo momento, y adem\u00e1s hacerlo con toda la humanidad que nos caracteriza. En cuanto al segundo galardonado y su respuesta\u00a0 a qu\u00e9 se siente en el Certamen Corpus Po\u00e9tica, el madrile\u00f1o <strong>Andr\u00e9s Rodr\u00edguez Blanco<\/strong> responde que todo fueron sensaciones agradables durante la asistencia al acto de entrega de premios del Certamen. Empezando por la buena organizaci\u00f3n, desarrollada principalmente por Francisco Velasco, poeta de Valenzuela e impulsor del Certamen, y siguiendo por el hecho de que fuera una gala po\u00e9tica y musical, con la lectura de los poemas acompa\u00f1ada de muy bellas piezas excelentemente escogidas e interpretadas. Otro aspecto como la acogida, la hospitalidad, las facilidades\u2026 creo que todo hizo que los seleccionados para el Certamen nos sinti\u00e9ramos muy a gusto. Unido, adem\u00e1s, al motivo de creaci\u00f3n del Certamen, la especial celebraci\u00f3n del Corpus Christi que lleva a cabo Valenzuela, con la participaci\u00f3n generosa y solidaria de tanta gente de la localidad, como pudimos comprobar esa misma noche, tras la gala, cuando anduvimos recorriendo las calles del pueblo mientras se iban alfombrando con bellos y coloridos dise\u00f1os. Uno se queda sorprendido de esa desprendida colaboraci\u00f3n de grandes y peque\u00f1os, j\u00f3venes y mayores para que una tradici\u00f3n arraigada siga ahondando y regando sus ra\u00edces tambi\u00e9n con las nuevas generaciones.<\/p>\n<p style=\"text-align: justify;\"><a href=\"http:\/\/granadacostanacional.es\/wp-content\/uploads\/2019\/07\/image003.jpg\"><img decoding=\"async\" loading=\"lazy\" class=\"aligncenter size-full wp-image-21432\" src=\"http:\/\/granadacostanacional.es\/wp-content\/uploads\/2019\/07\/image003.jpg\" alt=\"image003\" width=\"614\" height=\"461\" \/><\/a><\/p>\n<p style=\"text-align: justify;\">Es necesario dar las gracias al Excmo. Ayto y a la Concejal\u00eda de Cultura por su apoyo a este nuevo acto cultural que sin duda redundar\u00e1 en beneficios para la vida social y cultural de Valenzuela. Gracias tambi\u00e9n a empresas, organizaciones y artistas que donaron sus obras como premios y regalos para los seleccionados y ganadores. Y a la Organizaci\u00f3n del certamen por su entrega y dedicaci\u00f3n para que el evento se desarrollara de la mejor manera posible, como as\u00ed ocurri\u00f3.<\/p>\n<p style=\"text-align: justify;\">Nos cuenta que el poema con el que particip\u00f3, titulado <strong>\u201cDel gremio\u201d<\/strong>, es un \u201cmetahomenaje\u201d, a modo de elogio de los poetas, que son esas personas que buscan la manera de plasmar el mundo ahondando su mirada en lo que no se suele ver, o en lo que se ve pero no se capta con la suficiente intensidad y emoci\u00f3n. El poeta siempre busca, explora, ensaya la plasmaci\u00f3n de la belleza o constata la denuncia, rastrea la frescura de la naturaleza e intenta encontrar la salida de nuestros propios laberintos. Resumiendo, nos sit\u00faa m\u00e1s y mejor en el mundo. Y eso lo hace moldeando, con el conocimiento de su oficio, el \u201cbarro de las palabras\u201d.<\/p>\n<p style=\"text-align: justify;\"><a href=\"http:\/\/granadacostanacional.es\/wp-content\/uploads\/2019\/07\/image005.jpg\"><img decoding=\"async\" loading=\"lazy\" class=\"aligncenter size-full wp-image-21433\" src=\"http:\/\/granadacostanacional.es\/wp-content\/uploads\/2019\/07\/image005.jpg\" alt=\"image005\" width=\"921\" height=\"691\" \/><\/a><\/p>\n<p style=\"text-align: justify;\">Respecto al tercer galardonado, el motrile\u00f1o<strong> Mois\u00e9s Navarro<\/strong> nos asegura que llegar a Valenzuela, tierra de dilatados campos sembrados de olivares de redonda ternura, de horizontes de luz y calles empinadas, y especialmente dise\u00f1adas para florecerlas y colorearlas en la Fiesta del Corpus, es todo una gozada. Y una gozada es, y un honor, estar entre los 10 mejores del Corpus Po\u00e9tico. Y m\u00e1s gozo si cabe, si consigues estar entre los tres primeros, donde cualquiera puede ser el primero. Por todo ello estoy agradecido.<\/p>\n<p style=\"text-align: justify;\"><a href=\"http:\/\/granadacostanacional.es\/wp-content\/uploads\/2019\/07\/image007.jpg\"><img decoding=\"async\" loading=\"lazy\" class=\"aligncenter size-full wp-image-21434\" src=\"http:\/\/granadacostanacional.es\/wp-content\/uploads\/2019\/07\/image007.jpg\" alt=\"image007\" width=\"630\" height=\"472\" \/><\/a><\/p>\n<p style=\"text-align: justify;\">Sobre su poema\u00a0<strong><em>\u201cDonde las gaviotas regresan a morir\u201d<\/em><\/strong><em> comenta y destaca<\/em> que es tan evidente como incuestionable que la poes\u00eda es un acontecimiento individual, \u00edntimo y absolutamente personal. Y que se manifiesta en la hondura de quien lee o escucha un poema. Por tanto, la poes\u00eda no necesita de explicaci\u00f3n preliminar. Sin embargo, conocer la intenci\u00f3n de quien escribe y los ingredientes con que amasa sus poemas, puede ser de utilidad a la hora de entrar en el coraz\u00f3n de sus palabras y en el palpitar de sus versos, antes de leerlos, abrazarlos, atravesarlos, digerirlos y hacerlos completamente propios.\u00a0<em>Su poema<\/em>\u00a0es un p\u00e1lpito de melancol\u00eda, de a\u00f1oranza, de ausencia en una tarde triste y amarilla de febrero. Es dolor con rumor de ausencia, con aroma a mar, suavizado por la dulzura de la tarde que muere. En el verso <em>\u201cLa tarde cae lenta y sangra un poco\u201d.\u00a0<\/em>(La met\u00e1fora no puede ser m\u00e1s hermosa ni m\u00e1s sugerente ante la tragedia expl\u00edcita de dolor, tristeza, pena que se avecina)\u2026El alma s\u00f3lo ve tristeza, sombra, soledad, muerte. Y busca un resquicio de luz en su recuerdo (su playa) para ofrendarse, morir (en ella)\u00a0<em>\u201cy busco a dios y a ti, y busco aquella misma playa donde supe de siempre que las gaviotas regresan a morir.\u201d<\/em><\/p>\n<p style=\"text-align: justify;\">\n<p style=\"text-align: justify;\">\u00a0El madrile\u00f1o <strong>Jorge Cappa, <\/strong>galardonado con un Acc\u00e9sit,<strong>\u00a0\u00a0 <\/strong>tambi\u00e9n\u00a0 nos comenta lo que se siente en el Certamen Corpus Po\u00e9tica. Es una satisfacci\u00f3n estar entre los galardonados, sobre todo teniendo en cuenta que se presentaron m\u00e1s de 200 obras. Lo mejor de participar en la gala de premios fue compartir mi poema y conocer los poemas de los otros autores galardonados en una velada po\u00e9tica que result\u00f3 interesant\u00edsima. Adem\u00e1s quiero destacar tambi\u00e9n el haber conocido Valenzuela, un pueblo bonito y m\u00e1s a\u00fan con las calles decoradas tan bellas para y por su festividad del Corpus.<\/p>\n<p style=\"text-align: justify;\">De su poema<strong> \u201cEntre el tiempo y el olvido\u201d <\/strong>destaca que refleja una historia que recorre la frontera que separa su patente naufragio de su improbable pero anhelado retorno. Es al situarme en esa fina cornisa donde suele surgir mi poes\u00eda, como ocurri\u00f3 en este caso.<\/p>\n<p style=\"text-align: justify;\"><a href=\"http:\/\/granadacostanacional.es\/wp-content\/uploads\/2019\/07\/image009.jpg\"><img decoding=\"async\" loading=\"lazy\" class=\"aligncenter size-full wp-image-21435\" src=\"http:\/\/granadacostanacional.es\/wp-content\/uploads\/2019\/07\/image009.jpg\" alt=\"image009\" width=\"757\" height=\"568\" \/><\/a><\/p>\n<p style=\"text-align: justify;\">Respecto a otra de los galardonados con un Acc\u00e9sit, <strong>Isabel<\/strong> <strong>Almagro<\/strong> Pegalaje\u00f1a de Ja\u00e9n, nos expresa que en el Certamen Corpus Po\u00e9tica, se sinti\u00f3 muy bien acogida entre tanta buena gente, y m\u00e1s a\u00fan, al percibir el orgullo que sienten de su tan aclamada celebraci\u00f3n. Fue una tarde memorable, rodeada de tanto talento. Dos m\u00fasicos excepcionales nos acompa\u00f1aron y fue el culmen de la velada. No me queda otra cosa que desear una larga trayectoria a tan magn\u00edfico proyecto.<\/p>\n<p style=\"text-align: justify;\">\n<p style=\"text-align: justify;\">La jienense Isabel, sobre su microrrelato titulado <strong>Mi Regreso<\/strong> destac\u00f3 que quiso hacer una oda a todos esos pueblos que, actualmente, se mantienen firmes y resisten ante la sombra y la amenaza de la despoblaci\u00f3n. En \u00e9l plasmo la mezcolanza de emociones que vive quien regresa a su pueblo natal, a\u00f1orando aquellos d\u00edas felices que conforman su esencia.<\/p>\n<p style=\"text-align: justify;\"><strong>\u00a0<\/strong><\/p>\n<p style=\"text-align: justify;\">Al poeta sevillano de Aznalc\u00e1zar, <strong>Ra\u00fal Romera<\/strong> galardonado con Acc\u00e9sit cuando se le pregunta: \u00bfQu\u00e9 se siente en\u00a0el certamen Corpus Po\u00e9tica de Valenzuela? Nos responde que la experiencia de ser finalista de este certamen le ha dado la oportunidad de conocer un peque\u00f1o gran pueblo en el que te sientes acogido como uno m\u00e1s. Compartir lectura con poetas de gran bagaje literario ha sido un honor\u00a0y un\u00a0placer, al tiempo que una singular prueba para alguien que, como yo, pr\u00e1cticamente se ha iniciado en este mundo\u00a0de la escritura. Este certamen, que terminar\u00e1 siendo una referencia en muy poco tiempo gracias al entusiasmo de su organizador Francisco Velasco Rey y\u00a0al apoyo del Ayuntamiento de Valenzuela,\u00a0es un c\u00e1lido y generoso punto de encuentro para todos aquellos que comparten la inquietud por la poes\u00eda. Respecto a su poema<strong> \u201cEs de la noche\u201d <\/strong>destacar\u00eda que es un poema estructurado como los cuadros de una exposici\u00f3n. Un recorrido casi visual por estampas del amor, el deseo, la ausencia y la introspecci\u00f3n.<\/p>\n","protected":false},"excerpt":{"rendered":"<p>El Certamen internacional de Poes\u00eda de Valenzuela (C\u00f3rdoba) de 2019 ha comenzado su andadura con paso firme y con aires&hellip;<\/p>\n","protected":false},"author":2,"featured_media":0,"comment_status":"open","ping_status":"open","sticky":false,"template":"","format":"standard","meta":{"om_disable_all_campaigns":false,"_mi_skip_tracking":false,"_monsterinsights_sitenote_active":false,"_monsterinsights_sitenote_note":"","_monsterinsights_sitenote_category":0,"footnotes":""},"categories":[21],"tags":[],"aioseo_notices":[],"_links":{"self":[{"href":"https:\/\/granadacostaglobal.es\/index.php?rest_route=\/wp\/v2\/posts\/21430"}],"collection":[{"href":"https:\/\/granadacostaglobal.es\/index.php?rest_route=\/wp\/v2\/posts"}],"about":[{"href":"https:\/\/granadacostaglobal.es\/index.php?rest_route=\/wp\/v2\/types\/post"}],"author":[{"embeddable":true,"href":"https:\/\/granadacostaglobal.es\/index.php?rest_route=\/wp\/v2\/users\/2"}],"replies":[{"embeddable":true,"href":"https:\/\/granadacostaglobal.es\/index.php?rest_route=%2Fwp%2Fv2%2Fcomments&post=21430"}],"version-history":[{"count":0,"href":"https:\/\/granadacostaglobal.es\/index.php?rest_route=\/wp\/v2\/posts\/21430\/revisions"}],"wp:attachment":[{"href":"https:\/\/granadacostaglobal.es\/index.php?rest_route=%2Fwp%2Fv2%2Fmedia&parent=21430"}],"wp:term":[{"taxonomy":"category","embeddable":true,"href":"https:\/\/granadacostaglobal.es\/index.php?rest_route=%2Fwp%2Fv2%2Fcategories&post=21430"},{"taxonomy":"post_tag","embeddable":true,"href":"https:\/\/granadacostaglobal.es\/index.php?rest_route=%2Fwp%2Fv2%2Ftags&post=21430"}],"curies":[{"name":"wp","href":"https:\/\/api.w.org\/{rel}","templated":true}]}}