{"id":21273,"date":"2019-06-06T12:19:28","date_gmt":"2019-06-06T12:19:28","guid":{"rendered":"http:\/\/granadacostanacional.es\/?p=21273"},"modified":"2019-06-06T12:19:28","modified_gmt":"2019-06-06T12:19:28","slug":"discurso-de-jesus-perez-mur-profesor-de-la-udl-y-padrino-de-la-promocion-de-medicina-a-la-seu-vella-de-lleida-el-24-de-mayo-de-2019","status":"publish","type":"post","link":"https:\/\/granadacostaglobal.es\/?p=21273","title":{"rendered":"Discurso de  Jes\u00fas P\u00e9rez Mur profesor de la UdL y  Padrino de la Promoci\u00f3n de Medicina, a la Seu Vella de Lleida el 24 de mayo de 2019."},"content":{"rendered":"<p class=\"x_MsoNormal\"><a href=\"http:\/\/granadacostanacional.es\/wp-content\/uploads\/2019\/06\/Jesus-Perez.jpeg\"><img decoding=\"async\" loading=\"lazy\" class=\"size-medium wp-image-21276 alignleft\" src=\"http:\/\/granadacostanacional.es\/wp-content\/uploads\/2019\/06\/Jesus-Perez-169x300.jpeg\" alt=\"Jesus Perez\" width=\"169\" height=\"300\" \/><\/a><\/p>\n<p class=\"x_MsoNormal\" style=\"text-align: justify;\">\n<p class=\"x_MsoNormal\" style=\"text-align: justify;\"><span style=\"color: #800000;\">\u00a0 El Dr. Jes\u00fas Perez Mur reconocido m\u00e9dico hoy nos habla desde la experiencia y el coraz\u00f3n. Un discurso cargado de emoci\u00f3n, sentimientos y amor por su profesi\u00f3n que transmite la belleza de curar, paliar o consolar\u00a0 al enfermo y al cuidador. De sus palabras podemos palpar no solo la esencia de su profesionalidad, sino la grandeza de su persona.\u00a0<\/span><\/p>\n<p class=\"x_MsoNormal\" style=\"text-align: justify;\"><span style=\"color: #800000;\">\u00a0Dejo sus palabras pronunciadas como Padrino de la Promoci\u00f3n de Medicina del presente curso, m\u00e1s que un discurso\u00a0 un legado de agradecimiento, sabidur\u00eda, y derroche de humanidad.\u00a0 (Dra. To\u00f1y Castillo)<\/span><\/p>\n<p class=\"x_MsoNormal\" style=\"text-align: justify;\">\u00a0 Hoy tengo el honor de dar la \u00faltima clase del curso acad\u00e9mico 2018-19, que est\u00e1 dedicada a los enfermos. Menciono tambi\u00e9n las tres condiciones que considero imprescindibles para que un m\u00e9dico sea un buen profesional. Pero antes de empezar la exposici\u00f3n de la misma, debo hacer algunas puntualizaciones. Tras haberme reunido con la delegada de curso, aunque ella no lo sabe pero s\u00ed nos hemos reunido, os informo que este tema que vamos a exponer hoy, tendr\u00e1 examen, que ser\u00e1 el d\u00eda 17 de Mayo del 2070 a las 16 h. en el aula 1.23. Ser\u00e1 examen oral, que consistir\u00e1 en una entrevista personal con un servidor, durante unos 10 min. Para aprobar se deber\u00e1n acertar el 100 % de las preguntas, que ser\u00e1n eminentemente pr\u00e1cticas. As\u00ed comprobaremos que las ense\u00f1anzas de la lecci\u00f3n no han ca\u00eddo en saco roto. Se ruega acudir con D.N.I. <a href=\"http:\/\/granadacostanacional.es\/wp-content\/uploads\/2019\/06\/Jesus-Perez.jpg\"><img decoding=\"async\" loading=\"lazy\" class=\"size-medium wp-image-21275 alignleft\" src=\"http:\/\/granadacostanacional.es\/wp-content\/uploads\/2019\/06\/Jesus-Perez-101x300.jpg\" alt=\"Jesus Perez\" width=\"101\" height=\"300\" \/><\/a><\/p>\n<p class=\"x_MsoNormal\" style=\"text-align: justify;\">Despu\u00e9s quiero dar la bienvenida a las personas aqu\u00ed presentes. Queridas alumnas, queridos alumnos, familiares, amigos todos, bienvenidos a esta solemne y emotiva ceremonia. Quiero disculparme por presentarme de este modo, cubierto por una gorra y sin destocarme, pero mi cabeza no tiene la espl\u00e9ndida morfolog\u00eda de la de Yul Brynner o la de Telly Savalas, el famoso Kojak, para ser mostrada en p\u00fablico. Adem\u00e1s me han dicho que la gorra me favorece. Desde que la llevo nunca hab\u00eda o\u00eddo tantas veces que estaba estupendo. Estas razones me alivian en la necesidad de presentarme ante vosotros de este modo.<\/p>\n<p class=\"x_MsoNormal\" style=\"text-align: justify;\">Tambi\u00e9n me permitir\u00e9is que permanezca sentado, ya qu\u00e9 mis piernas a\u00fan no me aguantan mucho tiempo de pi\u00e9, y que las palabras que os voy a dirigir las lea. La oratoria es una cualidad que tampoco tengo.<\/p>\n<p class=\"x_MsoNormal\" style=\"text-align: justify;\">Permitidme tambi\u00e9n que muestre mi m\u00e1s sincero agradecimiento al personal, sanitario o no, del HUAV. Como enfermo, estoy en deuda con muchas personas de nuestro querido hospital. Nombrarlos a todos es imposible. Pero quiero significar a unos doctores en concreto. Muchas gracias a la magn\u00edfica y entra\u00f1able, entre otras cualidades, Dra. Antonieta Salud, Jefa del Servicio de Oncolog\u00eda. Desde el primer d\u00eda de mi enfermedad\u00a0 ha estado conmigo en todo momento. Adem\u00e1s de tratar el tumor hasta hacerlo desaparecer, me ha ense\u00f1ado a afrontar esta enfermedad como persona y como paciente y s\u00e9 que puedo contar con ella para siempre. Al Dr. Enrique Sierra, Jefe de Secci\u00f3n de Cirug\u00eda y al Dr. Jordi Escoll, ambos excelentes cirujanos, que me han quitado con gran maestr\u00eda el mal de las entra\u00f1as. Sin los cuidados de estos espl\u00e9ndidos m\u00e9dicos no me hubiera sido posible el poder estar aqu\u00ed hoy entre vosotros, disfrutando de este maravilloso d\u00eda. El ejemplo de estos profesionales ha sido mi gu\u00eda en la redacci\u00f3n de este escrito.<\/p>\n<p class=\"x_MsoNormal\" style=\"text-align: justify;\">Tambi\u00e9n deseo daros las gracias a vosotros, nuestros queridos alumnos protagonistas de esta ceremonia, por la invitaci\u00f3n a ser vuestro padrino de graduaci\u00f3n. Os aseguro\u00a0 que es para m\u00ed un gran honor y un motivo de alegr\u00eda el poder estar aqu\u00ed hoy entre vosotros, en este d\u00eda tan especial. Este reencuentro, el volver a veros, me trae muy buenos recuerdos. El haber podido cooperar en vuestra formaci\u00f3n como personas y como m\u00e9dicos, ha sido para m\u00ed muy gratificante. Os aseguro que a esta tarea me he entregado y la he intentado hacer lo mejor que he sabido. El tiempo que he podido disfrutar de vuestra agradable compa\u00f1\u00eda siempre\u00a0 he estado muy a gusto y me he sentido muy bien acompa\u00f1ado. Vuestra actitud y\u00a0 comportamiento han sido ejemplares.<\/p>\n<p class=\"x_MsoNormal\" style=\"text-align: justify;\">Queridos alumnos permitidme dirigirme a unas personas muy importantes para vosotros, que son vuestros padres, para darles la enhorabuena. Ellos tambi\u00e9n se han graduado. Los padres y las madres son unas personas fundamentales en vuestro desarrollo como seres humanos y como buenos profesionales. Los sacrificios que han tenido que hacer para daros una carrera han sido relevantes y siempre van a ser de mucho agradecer. Queridos padres, queridas madres, muchas felicidades por la graduaci\u00f3n de vuestros hijos e hijas. Saben que tienen con vosotros una deuda impagable. Seguro que os estar\u00e1n eternamente agradecidos. Deciros adem\u00e1s que son unas personas fant\u00e1sticas. Hab\u00e9is hecho un buen trabajo en su educaci\u00f3n. Espero que en casa se porten tan bien, como lo han hecho en nuestra Facultad, donde han dejado un grato recuerdo.<\/p>\n<p class=\"x_MsoNormal\" style=\"text-align: justify;\">Apreciados alumnos, enhorabuena por el esfuerzo realizado y por vuestra graduaci\u00f3n en Medicina.\u00a1 Ahora s\u00ed\u00a0 que est\u00e1is metidos en un monumental y maravilloso l\u00edo, del que no querr\u00e9is salir nunca m\u00e1s!.<\/p>\n<p class=\"x_MsoNormal\" style=\"text-align: justify;\"><a href=\"http:\/\/granadacostanacional.es\/wp-content\/uploads\/2019\/06\/Cuidar-Manos-Medico-Apariencia-730x487.jpg\"><img decoding=\"async\" loading=\"lazy\" class=\"alignnone size-medium wp-image-21278 alignleft\" src=\"http:\/\/granadacostanacional.es\/wp-content\/uploads\/2019\/06\/Cuidar-Manos-Medico-Apariencia-730x487-300x200.jpg\" alt=\"Cuidar-Manos-Medico-Apariencia-730x487\" width=\"300\" height=\"200\" \/><\/a>Tras haber conseguido este primer paso en vuestra carrera m\u00e9dica, seguro que est\u00e1is inquietos, es natural, por lo que est\u00e1 por venir.\u00a0 No os preocup\u00e9is, que os espera lo mejor. Os espera una nueva vida profesional, \u00e1vida de vuestra pronta incorporaci\u00f3n. \u00a1Faltan m\u00e9dicos!. Pero antes ten\u00e9is que pasar y superar un peque\u00f1o y necesario obst\u00e1culo, que es el\u00a0 examen MIR, que seguro ir\u00e1 bien. No teng\u00e1is miedo. Vosotros continuad siendo generosos y perseverantes en el estudio\u00a0 y el resultado ser\u00e1 \u00f3ptimo, sin ning\u00fan tipo de duda.\u00a0 Y cuando el examen MIR este aprobado, seguid estudiando, no dej\u00e9is este h\u00e1bito.\u00a0 Porque, como os he dicho, os espera lo mejor, el contacto y la atenci\u00f3n a nuestros queridos pacientes, las personas fundamentales en nuestra profesi\u00f3n, por las que nos formamos y esforzamos. Recordad siempre que el objetivo fundamental de la medicina, nuestra principal obligaci\u00f3n y lo que da relevancia al m\u00e9dico, es la atenci\u00f3n correcta de la persona enferma y esta no es posible sin una buena formaci\u00f3n.<\/p>\n<p class=\"x_MsoNormal\" style=\"text-align: justify;\">En vuestro futuro como m\u00e9dicos, os esperan momentos\u00a0 de todo tipo, buenos y malos. Yo os puedo asegurar que las mayores alegr\u00edas en mi actividad laboral, me han venido de vosotros los estudiantes, de los MIR y de los enfermos.<\/p>\n<p class=\"x_MsoNormal\" style=\"text-align: justify;\">En el actual sistema sanitario, los MIR tienen un papel fundamental. El desarrollo de las actividades sanitarias m\u00e1s b\u00e1sicas y relevantes, como por ejemplo son las pesadas guardias, no es posible sin su colaboraci\u00f3n. En cuanto os incorpor\u00e9is a vuestros destinos, donde os formar\u00e9is como m\u00e9dicos especialistas, pasados los primeros d\u00edas de aclimataci\u00f3n, vais a iniciar el contacto directo con los enfermos, que siempre impone y sobre todo al principio. Me atrevo a daros unos peque\u00f1os consejos para que esta relaci\u00f3n sea para siempre pl\u00e1cida y se produzca sin contratiempos relevantes. El secreto est\u00e1 en tres palabras: esfuerzo, entusiasmo y dedicaci\u00f3n. Esfuerzo en el trabajo. Entusiasmo en la formaci\u00f3n. Y con los enfermos dedicaci\u00f3n. Me disculpareis si estos conceptos los repito en el desarrollo del tema, pero quiero que queden muy claros, que no haya dudas sobre la importancia de los mismos.<\/p>\n<p class=\"x_MsoNormal\" style=\"text-align: justify;\"><a href=\"http:\/\/granadacostanacional.es\/wp-content\/uploads\/2019\/06\/37665_407970334330_1087889_n.jpg\"><img decoding=\"async\" loading=\"lazy\" class=\"alignnone size-medium wp-image-21279 alignleft\" src=\"http:\/\/granadacostanacional.es\/wp-content\/uploads\/2019\/06\/37665_407970334330_1087889_n-300x225.jpg\" alt=\"37665_407970334330_1087889_n\" width=\"300\" height=\"225\" \/><\/a>All\u00ed donde vay\u00e1is, sea donde sea, tened muy presente que se os recibir\u00e1 con gran entusiasmo y\u00a0 expectaci\u00f3n. Vuestra espl\u00e9ndida juventud, vuestra fuerza, vuestras ganas de ejercer, de saber y de aprender y el deseo de iniciar el contacto con los enfermos, os convertir\u00e1n en unos profesionales fundamentales. No desaprovech\u00e9is esta magn\u00edfica oportunidad. Esperar\u00e1n mucho de vosotros. Desde el principio ser\u00e9is observados con detalle. Por supuesto que se os disculpar\u00e1n acciones realizadas incorrectamente, que puedan ser achacadas a vuestra inexperiencia, pero no tendr\u00e1n justificaci\u00f3n ni excusa las que se deriven de la apat\u00eda o el desinter\u00e9s. Evitar siempre el caer en estos comportamientos err\u00f3neos e injustificables. Desde el primer d\u00eda, deber\u00e9is mostrar una actitud activa, de predisposici\u00f3n al trabajo y a aprender. No esper\u00e9is a que os marquen el ritmo en vuestro diario quehacer, marcarlo vosotros. Y que este ritmo sea alto. Deber\u00e9is ser ejemplo repito, de abnegada entrega en el trabajo, en el estudio y en la dedicaci\u00f3n a los enfermos. Huid de la desidia y de la indolencia. Y no esper\u00e9is otra recompensa que, ni m\u00e1s ni menos, el aprecio y el reconocimiento de vuestros pacientes y la satisfacci\u00f3n del deber cumplido. Esta actitud no deb\u00e9is abandonarla nunca. Ser ejemplo para vuestros compa\u00f1eros. Mostrarles este correcto camino.<\/p>\n<p class=\"x_MsoNormal\" style=\"text-align: justify;\">En el estudio, vuestras ganas de aprender ser\u00e1n un continuo acicate para nosotros, los m\u00e9dicos m\u00e1s veteranos encargados de vuestra educaci\u00f3n. Ser\u00e9is un est\u00edmulo para estar al d\u00eda cient\u00edficamente y poder as\u00ed impartiros una ense\u00f1anza adecuada. Nos recordareis cada d\u00eda que sin una correcta formaci\u00f3n la\u00a0 asistencia de calidad a los enfermos, es imposible. El estudio serio y cotidiano, es un requisito imprescindible en el desarrollo del buen profesional. Con \u00e9l nuestra experiencia se ve jalonada por un mayor saber y evitamos as\u00ed convertirnos en unos simples \u201cpracticones\u201d, sin recursos ante situaciones m\u00e9dicas nuevas, y sin m\u00e1s remedio que seguir de un modo autom\u00e1tico e irracional, las indicaciones de unos desconocidos, por no comprendidos, protocolos. Perseverad en el estudio, en esta esta actitud tan positiva y tan necesaria. Continuar en este empe\u00f1o siempre.<\/p>\n<p class=\"x_MsoNormal\" style=\"text-align: justify;\">Permitidme resaltar el \u00faltimo y principal punto, el de la atenci\u00f3n a los enfermos.\u00a0 Y permitidme hablar en su nombre, ya que tengo el honor de haber sido elegido para ser uno m\u00e1s entre ellos.<\/p>\n<p class=\"x_MsoNormal\" style=\"text-align: justify;\">Hace bastantes a\u00f1os, siendo a\u00fan muy joven,\u00a0 o\u00ed hablar a un gran pont\u00edfice de la iglesia cat\u00f3lica, una persona de mucha val\u00eda como era el Papa Karol Wojtyla, Juan Pablo II, ahora Santo. En su homil\u00eda se dirig\u00eda a un grupo de enfermos, y les dedic\u00f3 unas palabras que se me quedaron grabadas. Dijo: \u201clos enfermos, las personas que sufren, son el tesoro de la Iglesia\u201d. Yo me atrevo a decir hoy y ahora que tambi\u00e9n para nosotros los m\u00e9dicos, ellos son la parte m\u00e1s importante de nuestra profesi\u00f3n, nuestro delicado y preciado tesoro. Por y para ellos existe el m\u00e9dico. Nuestro principal deber, repito, nuestra ineludible obligaci\u00f3n, es su correcta atenci\u00f3n, por encima de cualquier otro inter\u00e9s. En la atenci\u00f3n a los enfermos, tambi\u00e9n deber\u00e9is ser ejemplares, desde el primer d\u00eda de vuestra formaci\u00f3n hasta el final de vuestro ejercicio profesional. Siempre.<\/p>\n<p class=\"x_MsoNormal\" style=\"text-align: justify;\"><a href=\"http:\/\/granadacostanacional.es\/wp-content\/uploads\/2019\/06\/aca5572d-ef32-475d-b22c-227257988c19.jpg\"><img decoding=\"async\" loading=\"lazy\" class=\"alignnone size-medium wp-image-21280 alignleft\" src=\"http:\/\/granadacostanacional.es\/wp-content\/uploads\/2019\/06\/aca5572d-ef32-475d-b22c-227257988c19-300x206.jpg\" alt=\"aca5572d-ef32-475d-b22c-227257988c19\" width=\"300\" height=\"206\" \/><\/a>Los m\u00e9dicos tenemos el privilegio de poder atender al ser humano en situaci\u00f3n de clara inferioridad, de enfermedad, de sufrimiento. El enfermo es una persona atemorizada. No os pod\u00e9is hacer idea del valor que para ellos, para nosotros los pacientes, va a tener vuestra presencia desde el primer momento en que aparezc\u00e1is, con vuestro envidiable aspecto juvenil. Creedme. Somos los m\u00e9dicos los que podemos aportarles remedio, curaci\u00f3n\u00a0 y si esta no es posible, aportamos alivio y consuelo. Siempre nuestra valorada presencia y compa\u00f1\u00eda va a ser reconfortante.<\/p>\n<p class=\"x_MsoNormal\" style=\"text-align: justify;\">La vida es una batalla continua, en la que buscamos y pretendemos leg\u00edtimamente, mejorar en situaciones a las que damos importancia, como son nuestras condiciones personales, laborales, econ\u00f3micas, queremos\u00a0 tener m\u00e1s prestigio, m\u00e1s comodidades, mayor relevancia profesional y proyecci\u00f3n social. Pero cuando aparece la enfermedad, para la persona enferma todo cambia. Es la enfermedad la que nos marca el paso. Todos nuestros planes se desbaratan, el futuro o se limita o se desvanece, y el presente es doloroso, una pesadilla dif\u00edcil de asumir, y que tarda en acabar o no lo hace. Lo que antes ten\u00eda importancia, ahora carece de ella y adquiere su verdadero valor, casi m\u00ednimo. Nuestra batalla es por lo realmente importante, es por vivir. Esta pelea a veces la ves imposible de ganar y se te apodera el miedo a perderlo todo. Te abandonan las fuerzas. La desesperanza hace su presencia. Los momentos de soledad son desesperantes. Los pensamientos negativos se amontonan. La idea de no poder seguir disfrutando de la compa\u00f1\u00eda de tus seres queridos, de las personas m\u00e1s pr\u00f3ximas, de todos vosotros, el verte privado de este gozo, \u00a1que tantas veces no valoramos!, es muy dolorosa.\u00a0 Piensas en las oportunidades pasadas y perdidas de mostrar cari\u00f1o, de dar un abrazo, un beso, que no volver\u00e1n\u2026<\/p>\n<p class=\"x_MsoNormal\" style=\"text-align: justify;\">Nosotros, los enfermos, esperamos de vosotros, nuestros m\u00e9dicos, TODO. Sois personas muy relevantes en nuestra vida. En vuestras manos depositamos toda la esperanza. Nuestra confianza en vosotros es ilimitada. Os confiamos lo m\u00e1s valioso que poseemos, nuestra vida. Vuestra visita es un acontecimiento. Una cita con vosotros es esperada con ansia, est\u00e1 remarcada en rojo en el calendario y est\u00e1 por encima de cualquier otro compromiso. Toda actividad se anula. Vosotros sois lo primero. Anhelamos veros, o\u00edros. Vuestras palabras y vuestros gestos adquieren un valor inmenso. Cada palabra que articul\u00e9is, cada frase, va a quedar grabada a fuego en nuestra mente. Ser\u00e1 recordada para siempre y\u00a0 tendr\u00e1 toda la credibilidad. Haremos lo que nos dig\u00e1is. En vuestra mirada buscamos seguridad, consuelo y esperanza. Una sonrisa vuestra tiene para nosotros un valor incalculable. Un gesto de aprecio, una simple palmada en el hombro, nos reconforta. Nos sentimos m\u00e1s protegidos. De\u00a0 vosotros, nosotros los enfermos esperamos, sobre todo, sinceridad, inter\u00e9s, compromiso, comprensi\u00f3n, tolerancia, paciencia, accesibilidad y respeto. Tambi\u00e9n un comportamiento diligente, conocimiento y eficacia.\u00a0 Necesitamos resolver el problema. \u00a1Necesitamos y queremos vivir!. Pero por supuesto que no os pediremos imposibles. Si la curaci\u00f3n no es factible, por favor darnos alivio y consuelo.\u00a0 No nos pod\u00e9is defraudar.<\/p>\n<p class=\"x_MsoNormal\" style=\"text-align: justify;\">Por favor, como entregado paciente tuyo que soy, te pido que no me pierdas el respeto. Cada vez que no te involucres en mi problema por desidia o desinter\u00e9s, que no estudies bien mi caso, que no me valores correctamente por una inadmisible falta de formaci\u00f3n, o que lo hagas de modo apresurado, por falta de tiempo o por cualquier otra injustificable circunstancia, me estar\u00e1s tratando sin respeto, con posibles graves consecuencias para m\u00ed. Y no me lo merezco.<\/p>\n<p class=\"x_MsoNormal\" style=\"text-align: justify;\">Te pido tambi\u00e9n que cuando te refieras a m\u00ed lo hagas de modo respetuoso, este yo presente\u00a0 o no.\u00a0 Yo simplemente soy t\u00fa paciente, con muchos defectos y algunas virtudes, pero nada m\u00e1s. No merezco otros calificativos. Un desaire tuyo, supondr\u00e1 para m\u00ed un serio e inesperado rev\u00e9s, un disgusto que me ser\u00e1 dif\u00edcil superar y afectar\u00e1 seriamente nuestra relaci\u00f3n, a la que tanta importancia le doy.<\/p>\n<p class=\"x_MsoNormal\" style=\"text-align: justify;\">Permitidme recordaros que el compromiso del m\u00e9dico con su paciente debe ser total. Ambos compartimos los mismos intereses, el bien del enfermo, su sanaci\u00f3n. Y este compromiso debe durar mientras dure nuestra relaci\u00f3n profesional. Queridos alumnos, compa\u00f1eros y amigos, no podemos defraudarles. No nos pod\u00e9is defraudar.<\/p>\n<p class=\"x_MsoNormal\" style=\"text-align: justify;\">Queridos amigos, queridas amigas, esforzaros en el trabajo diario, que\u00a0 vuestras ganas de aprender y de formaros perduren para siempre,\u00a0 y que la esmerada dedicaci\u00f3n hacia los enfermos sea el h\u00e1bito primordial en vuestra profesi\u00f3n. Acordaros de estas tres cualidades. Ser ejemplo de este comportamiento all\u00e1 donde vay\u00e1is. No dej\u00e9is escapar esta magn\u00edfica oportunidad que os hab\u00e9is ganado con esfuerzo, la de haceros y ser M\u00c9DICOS de verdad, \u00a1BUENOS M\u00c9DICOS!. \u00a1Los enfermos os necesitamos!; esperamos y necesitamos vuestro inquebrantable apoyo y sentirnos queridos y respetados por vosotros, mientras este bonito sue\u00f1o que es la vida, contin\u00fae.<\/p>\n<p class=\"x_MsoNormal\" style=\"text-align: justify;\">Mi m\u00e1s sincera enhorabuena. Disfrutad de esta magn\u00edfica profesi\u00f3n. Disfrutad de la compa\u00f1\u00eda de los enfermos. Haceros ejemplares profesionales. Perseverad en esta actitud de esfuerzo, entusiasmo y dedicaci\u00f3n, siempre. No olvid\u00e9is esta \u00faltima lecci\u00f3n que he tenido el gran premio de pod\u00e9rosla dar. Muchas gracias y ADELANTE.<\/p>\n<p class=\"x_MsoNormal\" style=\"text-align: justify;\"><b>Jes\u00fas P\u00e9rez Mur<\/b><\/p>\n<p class=\"x_MsoNormal\" style=\"text-align: justify;\"><b>Lleida, 24 Mayo2019<\/b><\/p>\n","protected":false},"excerpt":{"rendered":"<p>\u00a0 El Dr. Jes\u00fas Perez Mur reconocido m\u00e9dico hoy nos habla desde la experiencia y el coraz\u00f3n. Un discurso cargado&hellip;<\/p>\n","protected":false},"author":4,"featured_media":21274,"comment_status":"open","ping_status":"open","sticky":false,"template":"","format":"standard","meta":{"om_disable_all_campaigns":false,"_mi_skip_tracking":false,"_monsterinsights_sitenote_active":false,"_monsterinsights_sitenote_note":"","_monsterinsights_sitenote_category":0,"footnotes":""},"categories":[25,21,35,22,19,30],"tags":[],"aioseo_notices":[],"_links":{"self":[{"href":"https:\/\/granadacostaglobal.es\/index.php?rest_route=\/wp\/v2\/posts\/21273"}],"collection":[{"href":"https:\/\/granadacostaglobal.es\/index.php?rest_route=\/wp\/v2\/posts"}],"about":[{"href":"https:\/\/granadacostaglobal.es\/index.php?rest_route=\/wp\/v2\/types\/post"}],"author":[{"embeddable":true,"href":"https:\/\/granadacostaglobal.es\/index.php?rest_route=\/wp\/v2\/users\/4"}],"replies":[{"embeddable":true,"href":"https:\/\/granadacostaglobal.es\/index.php?rest_route=%2Fwp%2Fv2%2Fcomments&post=21273"}],"version-history":[{"count":0,"href":"https:\/\/granadacostaglobal.es\/index.php?rest_route=\/wp\/v2\/posts\/21273\/revisions"}],"wp:featuredmedia":[{"embeddable":true,"href":"https:\/\/granadacostaglobal.es\/index.php?rest_route=\/"}],"wp:attachment":[{"href":"https:\/\/granadacostaglobal.es\/index.php?rest_route=%2Fwp%2Fv2%2Fmedia&parent=21273"}],"wp:term":[{"taxonomy":"category","embeddable":true,"href":"https:\/\/granadacostaglobal.es\/index.php?rest_route=%2Fwp%2Fv2%2Fcategories&post=21273"},{"taxonomy":"post_tag","embeddable":true,"href":"https:\/\/granadacostaglobal.es\/index.php?rest_route=%2Fwp%2Fv2%2Ftags&post=21273"}],"curies":[{"name":"wp","href":"https:\/\/api.w.org\/{rel}","templated":true}]}}